{"id":42271,"date":"2025-09-25T11:05:14","date_gmt":"2025-09-25T09:05:14","guid":{"rendered":"https:\/\/www.visitmalinska.com\/?p=42271"},"modified":"2026-02-16T15:53:45","modified_gmt":"2026-02-16T13:53:45","slug":"cro-race-2025","status":"publish","type":"post","link":"https:\/\/www.visitmalinska.com\/si\/cro-race-2025\/","title":{"rendered":"Cro Race"},"content":{"rendered":"<p>[vc_row][vc_column][vc_column_text]<\/p>\n<hr \/>\n<h4 data-start=\"5401\" data-end=\"5508\"><strong data-start=\"5401\" data-end=\"5452\">CRO Race 2025 \u2013 4. etapa poteka skozi Malinsko!<\/strong><\/h4>\n<h6 data-start=\"5401\" data-end=\"5508\">\ud83d\udcc5 3. oktober 2025<br data-start=\"5473\" data-end=\"5476\" \/>\ud83d\udccd Malinska \u2013 Otok Krk \u2013 Labin<\/h6>\n<p data-start=\"5510\" data-end=\"5777\">Dragi prebivalci, obiskovalci in ljubitelji \u0161porta,<br data-start=\"5561\" data-end=\"5564\" \/>vabimo vas, da se nam pridru\u017eite in spodbujate vrhunske kolesarje med <strong data-start=\"5634\" data-end=\"5646\">4. etapo<\/strong> presti\u017ene mednarodne dirke <strong data-start=\"5674\" data-end=\"5691\">CRO Race 2025<\/strong>, ki bo potekala <strong data-start=\"5708\" data-end=\"5736\">v petek, 3. oktobra 2025<\/strong>, in bo \u0161la tudi skozi na\u0161o <strong data-start=\"5764\" data-end=\"5776\">Malinsko<\/strong>!<\/p>\n<p data-start=\"5779\" data-end=\"6079\">Etapa se bo za\u010dela v mestu <strong data-start=\"5806\" data-end=\"5813\">Krk<\/strong>, pot bo vodila skozi osrednji del otoka, tudi skozi <strong data-start=\"5866\" data-end=\"5878\">Malinsko<\/strong>, nato preko <strong data-start=\"5891\" data-end=\"5908\">Kr\u0161kega mostu<\/strong> na celino in skozi <strong data-start=\"5928\" data-end=\"5936\">U\u010dko<\/strong> do cilja v <strong data-start=\"5948\" data-end=\"5958\">Labinu<\/strong>. Pri\u010dakuje nas dinami\u010den in atraktiven \u0161portni dogodek, ki bo lepote Hrva\u0161ke predstavil milijonskemu ob\u010dinstvu po svetu.<\/p>\n<p data-start=\"6081\" data-end=\"6258\"><strong data-start=\"6081\" data-end=\"6132\"><img loading=\"lazy\" decoding=\"async\" class=\" wp-image-42273 aligncenter\" src=\"https:\/\/www.visitmalinska.com\/wp-content\/uploads\/2025\/09\/Untitled-design-1-300x251.png\" alt=\"\" width=\"725\" height=\"607\" srcset=\"https:\/\/www.visitmalinska.com\/wp-content\/uploads\/2025\/09\/Untitled-design-1-300x251.png 300w, https:\/\/www.visitmalinska.com\/wp-content\/uploads\/2025\/09\/Untitled-design-1-768x644.png 768w, https:\/\/www.visitmalinska.com\/wp-content\/uploads\/2025\/09\/Untitled-design-1.png 940w\" sizes=\"auto, (max-width: 725px) 100vw, 725px\" \/><\/strong><\/p>\n<p data-start=\"6081\" data-end=\"6258\"><strong data-start=\"6081\" data-end=\"6132\">Prometne informacije \u2013 Za\u010dasna ureditev prometa<\/strong><br data-start=\"6132\" data-end=\"6135\" \/>Zaradi dirke bo <strong data-start=\"6151\" data-end=\"6165\">3. oktobra<\/strong> veljala <strong data-start=\"6174\" data-end=\"6203\">za\u010dasna prometna ureditev<\/strong>, da se zagotovi varnost vseh udele\u017eencev in gledalcev.<\/p>\n<ul data-start=\"6259\" data-end=\"6650\">\n<li data-start=\"6259\" data-end=\"6393\">\n<p data-start=\"6261\" data-end=\"6393\">V <strong data-start=\"6263\" data-end=\"6275\">Malinski<\/strong> in okolici bodo med prehodom kolesarjev ob\u010dasne zapore cest, v dogovoru s prometno policijo in organizatorji dirke.<\/p>\n<\/li>\n<li data-start=\"6394\" data-end=\"6492\">\n<p data-start=\"6396\" data-end=\"6492\">Zaprte bodo glavne ceste na otoku Krk ter cesta proti <strong data-start=\"6450\" data-end=\"6467\">Kr\u0161kemu mostu<\/strong> in naprej proti Istri.<\/p>\n<\/li>\n<li data-start=\"6493\" data-end=\"6650\">\n<p data-start=\"6495\" data-end=\"6650\">Vse voznike prosimo, da na\u010drtujejo svoje poti vnaprej, uporabljajo alternativne smeri in sledijo navodilom prometne policije ter prostovoljcev na terenu.<\/p>\n<\/li>\n<\/ul>\n<p data-start=\"6652\" data-end=\"6887\"><strong>To je edinstvena prilo\u017enost, da do\u017eivimo vrhunski \u0161portni dogodek od blizu in podpiramo tekmovalce iz vsega sveta. Pridite ob traso, navijajte in bodite del pozitivne energije, ki spremlja to mednarodno dirko!<\/strong><br data-start=\"6861\" data-end=\"6864\" \/><strong data-start=\"6864\" data-end=\"6887\">Bodite del dogodka!<\/strong><\/p>\n<p>[\/vc_column_text][\/vc_column][\/vc_row]<\/p>\n","protected":false},"excerpt":{"rendered":"<p>[vc_row][vc_column][vc_column_text] CRO Race 2025 \u2013 4. etapa poteka skozi Malinsko! \ud83d\udcc5 3. oktober 2025\ud83d\udccd Malinska \u2013 Otok Krk \u2013 Labin&#8230;<\/p>\n","protected":false},"author":2,"featured_media":42279,"comment_status":"closed","ping_status":"closed","sticky":false,"template":"","format":"standard","meta":{"footnotes":""},"categories":[1],"tags":[],"class_list":{"0":"post-42271","1":"post","2":"type-post","3":"status-publish","4":"format-standard","5":"has-post-thumbnail","7":"category-uncategorized"},"acf":[],"yoast_head":"<!-- This site is optimized with the Yoast SEO plugin v23.5 - https:\/\/yoast.com\/wordpress\/plugins\/seo\/ -->\n<title>Cro Race - TZO Malinska-Duba\u0161nica<\/title>\n<meta name=\"robots\" content=\"index, follow, max-snippet:-1, max-image-preview:large, max-video-preview:-1\" \/>\n<link rel=\"canonical\" href=\"https:\/\/www.visitmalinska.com\/cro-race-2025\/\" \/>\n<meta property=\"og:locale\" content=\"sl_SI\" \/>\n<meta property=\"og:type\" content=\"article\" \/>\n<meta property=\"og:title\" content=\"{:hr}CRO RACE{:}{:en}Cro Race{:}{:de}Cro Race{:}{:it}Cro Race{:}{:si}Cro Race{:} - TZO Malinska-Duba\u0161nica\" \/>\n<meta property=\"og:description\" content=\"[vc_row][vc_column][vc_column_text] CRO Race 2025 \u2013 4. etapa poteka skozi Malinsko! \ud83d\udcc5 3. oktober 2025\ud83d\udccd Malinska \u2013 Otok Krk \u2013 Labin...\" \/>\n<meta property=\"og:url\" content=\"https:\/\/www.visitmalinska.com\/cro-race-2025\/\" \/>\n<meta property=\"og:site_name\" content=\"TZO Malinska-Duba\u0161nica\" \/>\n<meta property=\"article:publisher\" content=\"https:\/\/www.facebook.com\/Malinska.Island.Krk\/\" \/>\n<meta property=\"article:published_time\" content=\"2025-09-25T09:05:14+00:00\" \/>\n<meta property=\"article:modified_time\" content=\"2026-02-16T13:53:45+00:00\" \/>\n<meta property=\"og:image\" content=\"https:\/\/www.visitmalinska.com\/wp-content\/uploads\/2025\/09\/CRORACE10th_logo-1_page-0005.jpg\" \/>\n\t<meta property=\"og:image:width\" content=\"1147\" \/>\n\t<meta property=\"og:image:height\" content=\"927\" \/>\n\t<meta property=\"og:image:type\" content=\"image\/jpeg\" \/>\n<meta name=\"author\" content=\"malinska\" \/>\n<meta name=\"twitter:card\" content=\"summary_large_image\" \/>\n<meta name=\"twitter:label1\" content=\"Written by\" \/>\n\t<meta name=\"twitter:data1\" content=\"malinska\" \/>\n\t<meta name=\"twitter:label2\" content=\"Est. reading time\" \/>\n\t<meta name=\"twitter:data2\" content=\"2 minutes\" \/>\n<script type=\"application\/ld+json\" class=\"yoast-schema-graph\">{\"@context\":\"https:\/\/schema.org\",\"@graph\":[{\"@type\":\"Article\",\"@id\":\"https:\/\/www.visitmalinska.com\/cro-race-2025\/#article\",\"isPartOf\":{\"@id\":\"https:\/\/www.visitmalinska.com\/cro-race-2025\/\"},\"author\":{\"name\":\"malinska\",\"@id\":\"https:\/\/www.visitmalinska.com\/#\/schema\/person\/b9c1147dfe2084b3a08365febf5f5220\"},\"headline\":\"Cro Race\",\"datePublished\":\"2025-09-25T09:05:14+00:00\",\"dateModified\":\"2026-02-16T13:53:45+00:00\",\"mainEntityOfPage\":{\"@id\":\"https:\/\/www.visitmalinska.com\/cro-race-2025\/\"},\"wordCount\":1306,\"publisher\":{\"@id\":\"https:\/\/www.visitmalinska.com\/#organization\"},\"image\":{\"@id\":\"https:\/\/www.visitmalinska.com\/cro-race-2025\/#primaryimage\"},\"thumbnailUrl\":\"https:\/\/www.visitmalinska.com\/wp-content\/uploads\/2025\/09\/CRORACE10th_logo-1_page-0005.jpg\",\"inLanguage\":\"sl-SI\"},{\"@type\":\"WebPage\",\"@id\":\"https:\/\/www.visitmalinska.com\/cro-race-2025\/\",\"url\":\"https:\/\/www.visitmalinska.com\/cro-race-2025\/\",\"name\":\"{:hr}CRO RACE{:}{:en}Cro Race{:}{:de}Cro Race{:}{:it}Cro Race{:}{:si}Cro Race{:} - TZO Malinska-Duba\u0161nica\",\"isPartOf\":{\"@id\":\"https:\/\/www.visitmalinska.com\/#website\"},\"primaryImageOfPage\":{\"@id\":\"https:\/\/www.visitmalinska.com\/cro-race-2025\/#primaryimage\"},\"image\":{\"@id\":\"https:\/\/www.visitmalinska.com\/cro-race-2025\/#primaryimage\"},\"thumbnailUrl\":\"https:\/\/www.visitmalinska.com\/wp-content\/uploads\/2025\/09\/CRORACE10th_logo-1_page-0005.jpg\",\"datePublished\":\"2025-09-25T09:05:14+00:00\",\"dateModified\":\"2026-02-16T13:53:45+00:00\",\"breadcrumb\":{\"@id\":\"https:\/\/www.visitmalinska.com\/cro-race-2025\/#breadcrumb\"},\"inLanguage\":\"sl-SI\",\"potentialAction\":[{\"@type\":\"ReadAction\",\"target\":[\"https:\/\/www.visitmalinska.com\/cro-race-2025\/\"]}]},{\"@type\":\"ImageObject\",\"inLanguage\":\"sl-SI\",\"@id\":\"https:\/\/www.visitmalinska.com\/cro-race-2025\/#primaryimage\",\"url\":\"https:\/\/www.visitmalinska.com\/wp-content\/uploads\/2025\/09\/CRORACE10th_logo-1_page-0005.jpg\",\"contentUrl\":\"https:\/\/www.visitmalinska.com\/wp-content\/uploads\/2025\/09\/CRORACE10th_logo-1_page-0005.jpg\",\"width\":1147,\"height\":927},{\"@type\":\"BreadcrumbList\",\"@id\":\"https:\/\/www.visitmalinska.com\/cro-race-2025\/#breadcrumb\",\"itemListElement\":[{\"@type\":\"ListItem\",\"position\":1,\"name\":\"Po\u010detna stranica\",\"item\":\"https:\/\/www.visitmalinska.com\/\"},{\"@type\":\"ListItem\",\"position\":2,\"name\":\"Cro Race\"}]},{\"@type\":\"WebSite\",\"@id\":\"https:\/\/www.visitmalinska.com\/#website\",\"url\":\"https:\/\/www.visitmalinska.com\/\",\"name\":\"TZO Malinska-Duba\u0161nica\",\"description\":\"\",\"publisher\":{\"@id\":\"https:\/\/www.visitmalinska.com\/#organization\"},\"potentialAction\":[{\"@type\":\"SearchAction\",\"target\":{\"@type\":\"EntryPoint\",\"urlTemplate\":\"https:\/\/www.visitmalinska.com\/?s={search_term_string}\"},\"query-input\":{\"@type\":\"PropertyValueSpecification\",\"valueRequired\":true,\"valueName\":\"search_term_string\"}}],\"inLanguage\":\"sl-SI\"},{\"@type\":\"Organization\",\"@id\":\"https:\/\/www.visitmalinska.com\/#organization\",\"name\":\"TZO Malinska - Duba\u0161nica\",\"url\":\"https:\/\/www.visitmalinska.com\/\",\"logo\":{\"@type\":\"ImageObject\",\"inLanguage\":\"sl-SI\",\"@id\":\"https:\/\/www.visitmalinska.com\/#\/schema\/logo\/image\/\",\"url\":\"https:\/\/www.visitmalinska.com\/wp-content\/uploads\/2019\/03\/malinska-logo-240.png\",\"contentUrl\":\"https:\/\/www.visitmalinska.com\/wp-content\/uploads\/2019\/03\/malinska-logo-240.png\",\"width\":1188,\"height\":241,\"caption\":\"TZO Malinska - Duba\u0161nica\"},\"image\":{\"@id\":\"https:\/\/www.visitmalinska.com\/#\/schema\/logo\/image\/\"},\"sameAs\":[\"https:\/\/www.facebook.com\/Malinska.Island.Krk\/\",\"https:\/\/www.instagram.com\/visitmalinska\/\"]},{\"@type\":\"Person\",\"@id\":\"https:\/\/www.visitmalinska.com\/#\/schema\/person\/b9c1147dfe2084b3a08365febf5f5220\",\"name\":\"malinska\",\"image\":{\"@type\":\"ImageObject\",\"inLanguage\":\"sl-SI\",\"@id\":\"https:\/\/www.visitmalinska.com\/#\/schema\/person\/image\/\",\"url\":\"https:\/\/secure.gravatar.com\/avatar\/ac515a9cf3cc312df7b828fd8023a34546d60e401ca285ebf9d6ffa994fe93c7?s=96&d=mm&r=g\",\"contentUrl\":\"https:\/\/secure.gravatar.com\/avatar\/ac515a9cf3cc312df7b828fd8023a34546d60e401ca285ebf9d6ffa994fe93c7?s=96&d=mm&r=g\",\"caption\":\"malinska\"},\"url\":\"https:\/\/www.visitmalinska.com\/si\/author\/malinska\/\"}]}<\/script>\n<!-- \/ Yoast SEO plugin. -->","yoast_head_json":{"title":"Cro Race - TZO Malinska-Duba\u0161nica","robots":{"index":"index","follow":"follow","max-snippet":"max-snippet:-1","max-image-preview":"max-image-preview:large","max-video-preview":"max-video-preview:-1"},"canonical":"https:\/\/www.visitmalinska.com\/cro-race-2025\/","og_locale":"sl_SI","og_type":"article","og_title":"{:hr}CRO RACE{:}{:en}Cro Race{:}{:de}Cro Race{:}{:it}Cro Race{:}{:si}Cro Race{:} - TZO Malinska-Duba\u0161nica","og_description":"[vc_row][vc_column][vc_column_text] CRO Race 2025 \u2013 4. etapa poteka skozi Malinsko! \ud83d\udcc5 3. oktober 2025\ud83d\udccd Malinska \u2013 Otok Krk \u2013 Labin...","og_url":"https:\/\/www.visitmalinska.com\/cro-race-2025\/","og_site_name":"TZO Malinska-Duba\u0161nica","article_publisher":"https:\/\/www.facebook.com\/Malinska.Island.Krk\/","article_published_time":"2025-09-25T09:05:14+00:00","article_modified_time":"2026-02-16T13:53:45+00:00","og_image":[{"width":1147,"height":927,"url":"https:\/\/www.visitmalinska.com\/wp-content\/uploads\/2025\/09\/CRORACE10th_logo-1_page-0005.jpg","type":"image\/jpeg"}],"author":"malinska","twitter_card":"summary_large_image","twitter_misc":{"Written by":"malinska","Est. reading time":"2 minutes"},"schema":{"@context":"https:\/\/schema.org","@graph":[{"@type":"Article","@id":"https:\/\/www.visitmalinska.com\/cro-race-2025\/#article","isPartOf":{"@id":"https:\/\/www.visitmalinska.com\/cro-race-2025\/"},"author":{"name":"malinska","@id":"https:\/\/www.visitmalinska.com\/#\/schema\/person\/b9c1147dfe2084b3a08365febf5f5220"},"headline":"Cro Race","datePublished":"2025-09-25T09:05:14+00:00","dateModified":"2026-02-16T13:53:45+00:00","mainEntityOfPage":{"@id":"https:\/\/www.visitmalinska.com\/cro-race-2025\/"},"wordCount":1306,"publisher":{"@id":"https:\/\/www.visitmalinska.com\/#organization"},"image":{"@id":"https:\/\/www.visitmalinska.com\/cro-race-2025\/#primaryimage"},"thumbnailUrl":"https:\/\/www.visitmalinska.com\/wp-content\/uploads\/2025\/09\/CRORACE10th_logo-1_page-0005.jpg","inLanguage":"sl-SI"},{"@type":"WebPage","@id":"https:\/\/www.visitmalinska.com\/cro-race-2025\/","url":"https:\/\/www.visitmalinska.com\/cro-race-2025\/","name":"{:hr}CRO RACE{:}{:en}Cro Race{:}{:de}Cro Race{:}{:it}Cro Race{:}{:si}Cro Race{:} - TZO Malinska-Duba\u0161nica","isPartOf":{"@id":"https:\/\/www.visitmalinska.com\/#website"},"primaryImageOfPage":{"@id":"https:\/\/www.visitmalinska.com\/cro-race-2025\/#primaryimage"},"image":{"@id":"https:\/\/www.visitmalinska.com\/cro-race-2025\/#primaryimage"},"thumbnailUrl":"https:\/\/www.visitmalinska.com\/wp-content\/uploads\/2025\/09\/CRORACE10th_logo-1_page-0005.jpg","datePublished":"2025-09-25T09:05:14+00:00","dateModified":"2026-02-16T13:53:45+00:00","breadcrumb":{"@id":"https:\/\/www.visitmalinska.com\/cro-race-2025\/#breadcrumb"},"inLanguage":"sl-SI","potentialAction":[{"@type":"ReadAction","target":["https:\/\/www.visitmalinska.com\/cro-race-2025\/"]}]},{"@type":"ImageObject","inLanguage":"sl-SI","@id":"https:\/\/www.visitmalinska.com\/cro-race-2025\/#primaryimage","url":"https:\/\/www.visitmalinska.com\/wp-content\/uploads\/2025\/09\/CRORACE10th_logo-1_page-0005.jpg","contentUrl":"https:\/\/www.visitmalinska.com\/wp-content\/uploads\/2025\/09\/CRORACE10th_logo-1_page-0005.jpg","width":1147,"height":927},{"@type":"BreadcrumbList","@id":"https:\/\/www.visitmalinska.com\/cro-race-2025\/#breadcrumb","itemListElement":[{"@type":"ListItem","position":1,"name":"Po\u010detna stranica","item":"https:\/\/www.visitmalinska.com\/"},{"@type":"ListItem","position":2,"name":"Cro Race"}]},{"@type":"WebSite","@id":"https:\/\/www.visitmalinska.com\/#website","url":"https:\/\/www.visitmalinska.com\/","name":"TZO Malinska-Duba\u0161nica","description":"","publisher":{"@id":"https:\/\/www.visitmalinska.com\/#organization"},"potentialAction":[{"@type":"SearchAction","target":{"@type":"EntryPoint","urlTemplate":"https:\/\/www.visitmalinska.com\/?s={search_term_string}"},"query-input":{"@type":"PropertyValueSpecification","valueRequired":true,"valueName":"search_term_string"}}],"inLanguage":"sl-SI"},{"@type":"Organization","@id":"https:\/\/www.visitmalinska.com\/#organization","name":"TZO Malinska - Duba\u0161nica","url":"https:\/\/www.visitmalinska.com\/","logo":{"@type":"ImageObject","inLanguage":"sl-SI","@id":"https:\/\/www.visitmalinska.com\/#\/schema\/logo\/image\/","url":"https:\/\/www.visitmalinska.com\/wp-content\/uploads\/2019\/03\/malinska-logo-240.png","contentUrl":"https:\/\/www.visitmalinska.com\/wp-content\/uploads\/2019\/03\/malinska-logo-240.png","width":1188,"height":241,"caption":"TZO Malinska - Duba\u0161nica"},"image":{"@id":"https:\/\/www.visitmalinska.com\/#\/schema\/logo\/image\/"},"sameAs":["https:\/\/www.facebook.com\/Malinska.Island.Krk\/","https:\/\/www.instagram.com\/visitmalinska\/"]},{"@type":"Person","@id":"https:\/\/www.visitmalinska.com\/#\/schema\/person\/b9c1147dfe2084b3a08365febf5f5220","name":"malinska","image":{"@type":"ImageObject","inLanguage":"sl-SI","@id":"https:\/\/www.visitmalinska.com\/#\/schema\/person\/image\/","url":"https:\/\/secure.gravatar.com\/avatar\/ac515a9cf3cc312df7b828fd8023a34546d60e401ca285ebf9d6ffa994fe93c7?s=96&d=mm&r=g","contentUrl":"https:\/\/secure.gravatar.com\/avatar\/ac515a9cf3cc312df7b828fd8023a34546d60e401ca285ebf9d6ffa994fe93c7?s=96&d=mm&r=g","caption":"malinska"},"url":"https:\/\/www.visitmalinska.com\/si\/author\/malinska\/"}]}},"_links":{"self":[{"href":"https:\/\/www.visitmalinska.com\/si\/wp-json\/wp\/v2\/posts\/42271","targetHints":{"allow":["GET"]}}],"collection":[{"href":"https:\/\/www.visitmalinska.com\/si\/wp-json\/wp\/v2\/posts"}],"about":[{"href":"https:\/\/www.visitmalinska.com\/si\/wp-json\/wp\/v2\/types\/post"}],"author":[{"embeddable":true,"href":"https:\/\/www.visitmalinska.com\/si\/wp-json\/wp\/v2\/users\/2"}],"replies":[{"embeddable":true,"href":"https:\/\/www.visitmalinska.com\/si\/wp-json\/wp\/v2\/comments?post=42271"}],"version-history":[{"count":10,"href":"https:\/\/www.visitmalinska.com\/si\/wp-json\/wp\/v2\/posts\/42271\/revisions"}],"predecessor-version":[{"id":42807,"href":"https:\/\/www.visitmalinska.com\/si\/wp-json\/wp\/v2\/posts\/42271\/revisions\/42807"}],"wp:featuredmedia":[{"embeddable":true,"href":"https:\/\/www.visitmalinska.com\/si\/wp-json\/wp\/v2\/media\/42279"}],"wp:attachment":[{"href":"https:\/\/www.visitmalinska.com\/si\/wp-json\/wp\/v2\/media?parent=42271"}],"wp:term":[{"taxonomy":"category","embeddable":true,"href":"https:\/\/www.visitmalinska.com\/si\/wp-json\/wp\/v2\/categories?post=42271"},{"taxonomy":"post_tag","embeddable":true,"href":"https:\/\/www.visitmalinska.com\/si\/wp-json\/wp\/v2\/tags?post=42271"}],"curies":[{"name":"wp","href":"https:\/\/api.w.org\/{rel}","templated":true}]}}