{"id":41748,"date":"2025-07-24T13:30:46","date_gmt":"2025-07-24T11:30:46","guid":{"rendered":"https:\/\/www.visitmalinska.com\/?p=41748"},"modified":"2026-03-12T09:07:44","modified_gmt":"2026-03-12T07:07:44","slug":"podsjetnik-za-iznajmljivace-privatnog-smjestaja-u-2025-godini","status":"publish","type":"post","link":"https:\/\/www.visitmalinska.com\/si\/podsjetnik-za-iznajmljivace-privatnog-smjestaja-u-2025-godini\/","title":{"rendered":"Podsjetnik za iznajmljiva\u010de privatnog smje\u0161taja u 2025. godini"},"content":{"rendered":"<p>[vc_row][vc_column][vc_column_text]<img loading=\"lazy\" decoding=\"async\" class=\"aligncenter wp-image-41749\" src=\"https:\/\/www.visitmalinska.com\/wp-content\/uploads\/2025\/07\/podsjetnik-za-iznajmljivace-20251.png\" alt=\"\" width=\"1054\" height=\"390\" srcset=\"https:\/\/www.visitmalinska.com\/wp-content\/uploads\/2025\/07\/podsjetnik-za-iznajmljivace-20251.png 851w, https:\/\/www.visitmalinska.com\/wp-content\/uploads\/2025\/07\/podsjetnik-za-iznajmljivace-20251-300x111.png 300w, https:\/\/www.visitmalinska.com\/wp-content\/uploads\/2025\/07\/podsjetnik-za-iznajmljivace-20251-768x284.png 768w\" sizes=\"auto, (max-width: 1054px) 100vw, 1054px\" \/><\/p>\n<p class=\"my-0\">Po\u0161tovani iznajmljiva\u010di i pru\u017eatelji ugostiteljskih usluga u doma\u0107instvu,<\/p>\n<p class=\"my-0\">ovim putem Vas ljubazno podsje\u0107amo na obvezu pravodobnog podmirenja zakonskih davanja vezanih uz turisti\u010dku pristojbu i \u010dlanarinu turisti\u010dkoj zajednici.<\/p>\n<p>[\/vc_column_text][vc_column_text]<img loading=\"lazy\" decoding=\"async\" class=\"alignnone wp-image-42098\" src=\"https:\/\/www.visitmalinska.com\/wp-content\/uploads\/2025\/07\/Turisticka-pristojbaaaa-300x75.png\" sizes=\"auto, (max-width: 784px) 100vw, 784px\" srcset=\"https:\/\/www.visitmalinska.com\/wp-content\/uploads\/2025\/07\/Turisticka-pristojbaaaa-300x75.png 300w, https:\/\/www.visitmalinska.com\/wp-content\/uploads\/2025\/07\/Turisticka-pristojbaaaa-1024x256.png 1024w, https:\/\/www.visitmalinska.com\/wp-content\/uploads\/2025\/07\/Turisticka-pristojbaaaa-768x192.png 768w, https:\/\/www.visitmalinska.com\/wp-content\/uploads\/2025\/07\/Turisticka-pristojbaaaa-1536x384.png 1536w, https:\/\/www.visitmalinska.com\/wp-content\/uploads\/2025\/07\/Turisticka-pristojbaaaa.png 1584w\" alt=\"\" width=\"784\" height=\"196\" \/><\/p>\n<p>&nbsp;<\/p>\n<ul class=\"marker:text-textOff list-disc\">\n<li>\n<p class=\"my-0\"><strong>Iznos pau\u0161ala<\/strong>: 60,00\u202f\u20ac po osnovnom i pomo\u0107nom krevetu, sukladno kapacitetu iz rje\u0161enja o odobrenju pru\u017eanja usluga.<\/p>\n<\/li>\n<\/ul>\n<p>&nbsp;<\/p>\n<p class=\"my-0\"><strong>Podaci za uplatu turisti\u010dke pristojbe:<\/strong><\/p>\n<ul class=\"marker:text-textOff list-disc\">\n<li>\n<p class=\"my-0\">Primatelj:\u00a0<strong>Turisti\u010dka pristojba \u2013 Malinska\u2013Duba\u0161nica<\/strong><\/p>\n<\/li>\n<li>\n<p class=\"my-0\">IBAN:\u00a0<strong>HR95 1001 0051 7253 0474 1<\/strong><\/p>\n<\/li>\n<li>\n<p class=\"my-0\">Poziv na broj:\u00a0<strong>HR67<\/strong><\/p>\n<\/li>\n<li>\n<p class=\"my-0\">Poziv na broj:\u00a0<strong>OIB iznajmljiva\u010da<\/strong>\u00a0\u2013 broj objekta u sustavu eVisitor<\/p>\n<\/li>\n<li>\n<p class=\"my-0\">Opis pla\u0107anja: Turisti\u010dka pristojba \u2013 ime i prezime iznajmljiva\u010da<\/p>\n<\/li>\n<li>\n<p class=\"my-0\">SWIFT\/BIC: NBHRHR2D (za uplate iz inozemstva)<\/p>\n<\/li>\n<\/ul>\n<p>[\/vc_column_text][vc_column_text]<\/p>\n<h4><img loading=\"lazy\" decoding=\"async\" class=\"wp-image-42097 alignleft\" src=\"https:\/\/www.visitmalinska.com\/wp-content\/uploads\/2025\/07\/Turisticka-clanarina-300x75.png\" sizes=\"auto, (max-width: 640px) 100vw, 640px\" srcset=\"https:\/\/www.visitmalinska.com\/wp-content\/uploads\/2025\/07\/Turisticka-clanarina-300x75.png 300w, https:\/\/www.visitmalinska.com\/wp-content\/uploads\/2025\/07\/Turisticka-clanarina-1024x256.png 1024w, https:\/\/www.visitmalinska.com\/wp-content\/uploads\/2025\/07\/Turisticka-clanarina-768x192.png 768w, https:\/\/www.visitmalinska.com\/wp-content\/uploads\/2025\/07\/Turisticka-clanarina-1536x384.png 1536w, https:\/\/www.visitmalinska.com\/wp-content\/uploads\/2025\/07\/Turisticka-clanarina.png 1584w\" alt=\"\" width=\"640\" height=\"160\" \/><\/h4>\n<p>&nbsp;<\/p>\n<p>&nbsp;<\/p>\n<p>&nbsp;<\/p>\n<p>&nbsp;<\/p>\n<p class=\"my-0\"><strong>\u00a0 \u00a0 \u00a0 \u00a0 \u00a0 \u00a0 \u00a0<\/strong><\/p>\n<p class=\"my-0\"><strong>Pau\u0161al za 2025. godinu<\/strong>:<\/p>\n<p class=\"my-0\">Osnovni krevet: 5,97\u202f\u20ac<\/p>\n<p class=\"my-0\">Pomo\u0107ni krevet: 2,99\u202f\u20ac<\/p>\n<p class=\"my-0\"><strong>Podaci za uplatu \u010dlanarine TZ:<\/strong><\/p>\n<p class=\"my-0\">Primatelj:\u00a0<strong>\u010clanarina turisti\u010dkim zajednicama \u2013 Malinska<\/strong><\/p>\n<p class=\"my-0\">IBAN:\u00a0<strong>HR03 1001 0051 7253 2715 5<\/strong><\/p>\n<p class=\"my-0\">Model:\u00a0<strong>HR67<\/strong><\/p>\n<p class=\"my-0\">Poziv na broj:\u00a0<strong>OIB iznajmljiva\u010da<\/strong><\/p>\n<p class=\"my-0\">Opis pla\u0107anja:\u00a0<strong>\u010clanarina TZ za 2025. godinu<\/strong>\u00a0(upisati godinu za koju se uplata vr\u0161i)<\/p>\n<p class=\"my-0\">SWIFT\/BIC: NBHRHR2D<\/p>\n<p>[\/vc_column_text][\/vc_column][\/vc_row][vc_row][vc_column][vc_column_text]<\/p>\n<div id=\"vc_row-68b2a9ed1604f\" class=\"vc_row wpb_row vc_row-fluid\">\n<div class=\"wpb_column vc_column_container vc_col-sm-12\">\n<div class=\"vc_column-inner \">\n<div class=\"wpb_wrapper\">\n<div class=\"wpb_text_column wpb_content_element \">\n<div class=\"wpb_wrapper\">\n<p><img loading=\"lazy\" decoding=\"async\" class=\"alignnone wp-image-42096\" src=\"https:\/\/www.visitmalinska.com\/wp-content\/uploads\/2025\/07\/Nacin-placanja-300x75.png\" sizes=\"auto, (max-width: 572px) 100vw, 572px\" srcset=\"https:\/\/www.visitmalinska.com\/wp-content\/uploads\/2025\/07\/Nacin-placanja-300x75.png 300w, https:\/\/www.visitmalinska.com\/wp-content\/uploads\/2025\/07\/Nacin-placanja-1024x256.png 1024w, https:\/\/www.visitmalinska.com\/wp-content\/uploads\/2025\/07\/Nacin-placanja-768x192.png 768w, https:\/\/www.visitmalinska.com\/wp-content\/uploads\/2025\/07\/Nacin-placanja-1536x384.png 1536w, https:\/\/www.visitmalinska.com\/wp-content\/uploads\/2025\/07\/Nacin-placanja.png 1584w\" alt=\"\" width=\"572\" height=\"143\" \/><\/p>\n<p>&nbsp;<\/p>\n<p class=\"my-0\">Turisti\u010dku pristojbu i \u010dlanarinu TZ mo\u017eete uplatiti:<\/p>\n<ul class=\"marker:text-textOff list-disc\">\n<li>\n<p class=\"my-0\"><strong>Jednokratno<\/strong>: najkasnije do 31. 7. 2025.<\/p>\n<\/li>\n<li>\n<p class=\"my-0\"><strong>Obro\u010dno<\/strong>:<\/p>\n<ul class=\"marker:text-textOff list-disc\">\n<li>\n<p class=\"my-0\">I rata: dospijeva 31. 7. 2025.<\/p>\n<\/li>\n<li>\n<p class=\"my-0\">II rata: dospijeva 31. 8. 2025.<\/p>\n<\/li>\n<li>\n<p class=\"my-0\">III rata: dospijeva 30. 9. 2025.<\/p>\n<\/li>\n<\/ul>\n<\/li>\n<\/ul>\n<h5><\/h5>\n<p><img loading=\"lazy\" decoding=\"async\" class=\"alignnone wp-image-42100\" src=\"https:\/\/www.visitmalinska.com\/wp-content\/uploads\/2025\/07\/Preuzimanje-uplatnica-300x75.png\" sizes=\"auto, (max-width: 600px) 100vw, 600px\" srcset=\"https:\/\/www.visitmalinska.com\/wp-content\/uploads\/2025\/07\/Preuzimanje-uplatnica-300x75.png 300w, https:\/\/www.visitmalinska.com\/wp-content\/uploads\/2025\/07\/Preuzimanje-uplatnica-1024x256.png 1024w, https:\/\/www.visitmalinska.com\/wp-content\/uploads\/2025\/07\/Preuzimanje-uplatnica-768x192.png 768w, https:\/\/www.visitmalinska.com\/wp-content\/uploads\/2025\/07\/Preuzimanje-uplatnica-1536x384.png 1536w, https:\/\/www.visitmalinska.com\/wp-content\/uploads\/2025\/07\/Preuzimanje-uplatnica.png 1584w\" alt=\"\" width=\"600\" height=\"150\" \/><\/p>\n<p class=\"my-0\">Uplatnice su dostupne preko sustava eVisitor, pod rubrici \u201cFinancije\u201d \u2192 \u201cUplatnice\u201d. Ako ih ne mo\u017eete sami preuzeti ili ispisati, molimo Vas da nam se obratite \u2013 dostavit \u0107emo ih e-mailom ili po\u0161tom. Tako\u0111er, mogu\u0107e ih je preuzeti osobno u TZO Malinska-Duba\u0161nica tijekom radnog vremena.<\/p>\n<p>&nbsp;<\/p>\n<p class=\"my-0\">Za sva dodatna pitanja stojimo Vam na raspolaganju i srda\u010dno Vas pozdravljamo.<\/p>\n<p class=\"my-0\">TZO Malinska-Duba\u0161nica<\/p>\n<\/div>\n<\/div>\n<div class=\"vc_row wpb_row vc_inner vc_row-fluid\">\n<div class=\"wpb_column vc_column_container vc_col-sm-12\">\n<div class=\"vc_column-inner \">\n<div class=\"wpb_wrapper\">\n<div class=\"wpb_text_column wpb_content_element \">\n<div class=\"wpb_wrapper\">\n<p><img loading=\"lazy\" decoding=\"async\" class=\"alignnone wp-image-42099\" src=\"https:\/\/www.visitmalinska.com\/wp-content\/uploads\/2025\/07\/Kutak-za-iznajmljivace-300x75.png\" sizes=\"auto, (max-width: 608px) 100vw, 608px\" srcset=\"https:\/\/www.visitmalinska.com\/wp-content\/uploads\/2025\/07\/Kutak-za-iznajmljivace-300x75.png 300w, https:\/\/www.visitmalinska.com\/wp-content\/uploads\/2025\/07\/Kutak-za-iznajmljivace-1024x256.png 1024w, https:\/\/www.visitmalinska.com\/wp-content\/uploads\/2025\/07\/Kutak-za-iznajmljivace-768x192.png 768w, https:\/\/www.visitmalinska.com\/wp-content\/uploads\/2025\/07\/Kutak-za-iznajmljivace-1536x384.png 1536w, https:\/\/www.visitmalinska.com\/wp-content\/uploads\/2025\/07\/Kutak-za-iznajmljivace.png 1584w\" alt=\"\" width=\"608\" height=\"152\" \/><\/p>\n<p>&nbsp;<\/p>\n<p class=\"my-0\">Kutak za iznajmljiva\u010de kreiran je kao mjesto gdje se na jasan i pregledan na\u010din mogu dodatno educirati, provjeriti va\u017ee\u0107i zakonski okviri te preuzeti sve potrebne obrasce i dokumente (kao \u0161to su ku\u0107ni red, GDPR i sli\u010dno) kako bi njihov rad tekao nesmetano i u skladu sa zakonskim propisima.<\/p>\n<p class=\"my-0\">Na taj na\u010din osiguravamo pravovremenu i pouzdanu podr\u0161ku u svakodnevnim aktivnostima.<\/p>\n<\/div>\n<\/div>\n<\/div>\n<\/div>\n<\/div>\n<\/div>\n<\/div>\n<\/div>\n<\/div>\n<\/div>\n<p>[\/vc_column_text][\/vc_column][\/vc_row][vc_row][vc_column][vc_btn title=&#8221;Kutak za iznajmljiva\u010de&#8221; color=&#8221;turquoise&#8221; link=&#8221;url:https%3A%2F%2Fwww.visitmalinska.com%2Fkutak-za-iznajmljivace%2Fupute-za-iznajmljivace%2F|||&#8221;][\/vc_column][\/vc_row]<\/p>\n","protected":false},"excerpt":{"rendered":"<p>[vc_row][vc_column][vc_column_text] Po\u0161tovani iznajmljiva\u010di i pru\u017eatelji ugostiteljskih usluga u doma\u0107instvu, ovim putem Vas ljubazno podsje\u0107amo na obvezu pravodobnog podmirenja zakonskih davanja&#8230;<\/p>\n","protected":false},"author":2,"featured_media":41750,"comment_status":"closed","ping_status":"closed","sticky":false,"template":"","format":"standard","meta":{"footnotes":""},"categories":[1],"tags":[791,548,990,1222,379,1221,898,1223,1019,549,475,1220],"class_list":{"0":"post-41748","1":"post","2":"type-post","3":"status-publish","4":"format-standard","5":"has-post-thumbnail","7":"category-uncategorized","8":"tag-clanarina-tz","9":"tag-dospijece-placanja","10":"tag-iznos-turisticke-pristojbe","11":"tag-kad-platiti","12":"tag-malinska","13":"tag-pausal-po-krevetu","14":"tag-placanje-davanja-tz","15":"tag-po-osnovnom-i-pomocnom-krevetu","16":"tag-taksa-po-krevetu","17":"tag-turisticka-clanarina","18":"tag-turisticka-pristojba","19":"tag-turisticka-taksta"},"acf":[],"yoast_head":"<!-- This site is optimized with the Yoast SEO plugin v23.5 - https:\/\/yoast.com\/wordpress\/plugins\/seo\/ -->\n<title>Podsjetnik za iznajmljiva\u010de privatnog smje\u0161taja u 2025. godini - TZO Malinska-Duba\u0161nica<\/title>\n<meta name=\"robots\" content=\"index, follow, max-snippet:-1, max-image-preview:large, max-video-preview:-1\" \/>\n<link rel=\"canonical\" href=\"https:\/\/www.visitmalinska.com\/podsjetnik-za-iznajmljivace-privatnog-smjestaja-u-2025-godini\/\" \/>\n<meta property=\"og:locale\" content=\"sl_SI\" \/>\n<meta property=\"og:type\" content=\"article\" \/>\n<meta property=\"og:title\" content=\"Podsjetnik za iznajmljiva\u010de privatnog smje\u0161taja u 2025. godini - TZO Malinska-Duba\u0161nica\" \/>\n<meta property=\"og:description\" content=\"[vc_row][vc_column][vc_column_text] Po\u0161tovani iznajmljiva\u010di i pru\u017eatelji ugostiteljskih usluga u doma\u0107instvu, ovim putem Vas ljubazno podsje\u0107amo na obvezu pravodobnog podmirenja zakonskih davanja...\" \/>\n<meta property=\"og:url\" content=\"https:\/\/www.visitmalinska.com\/podsjetnik-za-iznajmljivace-privatnog-smjestaja-u-2025-godini\/\" \/>\n<meta property=\"og:site_name\" content=\"TZO Malinska-Duba\u0161nica\" \/>\n<meta property=\"article:publisher\" content=\"https:\/\/www.facebook.com\/Malinska.Island.Krk\/\" \/>\n<meta property=\"article:published_time\" content=\"2025-07-24T11:30:46+00:00\" \/>\n<meta property=\"article:modified_time\" content=\"2026-03-12T07:07:44+00:00\" \/>\n<meta property=\"og:image\" content=\"https:\/\/www.visitmalinska.com\/wp-content\/uploads\/2025\/07\/Podsjetnik-za-iznajmljivace-2025-11.png\" \/>\n\t<meta property=\"og:image:width\" content=\"1080\" \/>\n\t<meta property=\"og:image:height\" content=\"1080\" \/>\n\t<meta property=\"og:image:type\" content=\"image\/png\" \/>\n<meta name=\"author\" content=\"malinska\" \/>\n<meta name=\"twitter:card\" content=\"summary_large_image\" \/>\n<meta name=\"twitter:label1\" content=\"Written by\" \/>\n\t<meta name=\"twitter:data1\" content=\"malinska\" \/>\n\t<meta name=\"twitter:label2\" content=\"Est. reading time\" \/>\n\t<meta name=\"twitter:data2\" content=\"4 minutes\" \/>\n<script type=\"application\/ld+json\" class=\"yoast-schema-graph\">{\"@context\":\"https:\/\/schema.org\",\"@graph\":[{\"@type\":\"Article\",\"@id\":\"https:\/\/www.visitmalinska.com\/podsjetnik-za-iznajmljivace-privatnog-smjestaja-u-2025-godini\/#article\",\"isPartOf\":{\"@id\":\"https:\/\/www.visitmalinska.com\/podsjetnik-za-iznajmljivace-privatnog-smjestaja-u-2025-godini\/\"},\"author\":{\"name\":\"malinska\",\"@id\":\"https:\/\/www.visitmalinska.com\/#\/schema\/person\/b9c1147dfe2084b3a08365febf5f5220\"},\"headline\":\"Podsjetnik za iznajmljiva\u010de privatnog smje\u0161taja u 2025. godini\",\"datePublished\":\"2025-07-24T11:30:46+00:00\",\"dateModified\":\"2026-03-12T07:07:44+00:00\",\"mainEntityOfPage\":{\"@id\":\"https:\/\/www.visitmalinska.com\/podsjetnik-za-iznajmljivace-privatnog-smjestaja-u-2025-godini\/\"},\"wordCount\":390,\"publisher\":{\"@id\":\"https:\/\/www.visitmalinska.com\/#organization\"},\"image\":{\"@id\":\"https:\/\/www.visitmalinska.com\/podsjetnik-za-iznajmljivace-privatnog-smjestaja-u-2025-godini\/#primaryimage\"},\"thumbnailUrl\":\"https:\/\/www.visitmalinska.com\/wp-content\/uploads\/2025\/07\/Podsjetnik-za-iznajmljivace-2025-11.png\",\"keywords\":[\"\u010dlanarina TZ\",\"dospije\u0107e pla\u0107anja\",\"iznos turisti\u010dke pristojbe\",\"kad platiti\",\"Malinska\",\"pau\u0161al po krevetu\",\"pla\u0107anje davanja TZ\",\"po osnovnom i pomo\u0107nom krevetu\",\"taksa po krevetu\",\"turisti\u010dka \u010dlanarina\",\"turisti\u010dka pristojba\",\"turisti\u010dka taksta\"],\"inLanguage\":\"sl-SI\"},{\"@type\":\"WebPage\",\"@id\":\"https:\/\/www.visitmalinska.com\/podsjetnik-za-iznajmljivace-privatnog-smjestaja-u-2025-godini\/\",\"url\":\"https:\/\/www.visitmalinska.com\/podsjetnik-za-iznajmljivace-privatnog-smjestaja-u-2025-godini\/\",\"name\":\"Podsjetnik za iznajmljiva\u010de privatnog smje\u0161taja u 2025. godini - TZO Malinska-Duba\u0161nica\",\"isPartOf\":{\"@id\":\"https:\/\/www.visitmalinska.com\/#website\"},\"primaryImageOfPage\":{\"@id\":\"https:\/\/www.visitmalinska.com\/podsjetnik-za-iznajmljivace-privatnog-smjestaja-u-2025-godini\/#primaryimage\"},\"image\":{\"@id\":\"https:\/\/www.visitmalinska.com\/podsjetnik-za-iznajmljivace-privatnog-smjestaja-u-2025-godini\/#primaryimage\"},\"thumbnailUrl\":\"https:\/\/www.visitmalinska.com\/wp-content\/uploads\/2025\/07\/Podsjetnik-za-iznajmljivace-2025-11.png\",\"datePublished\":\"2025-07-24T11:30:46+00:00\",\"dateModified\":\"2026-03-12T07:07:44+00:00\",\"breadcrumb\":{\"@id\":\"https:\/\/www.visitmalinska.com\/podsjetnik-za-iznajmljivace-privatnog-smjestaja-u-2025-godini\/#breadcrumb\"},\"inLanguage\":\"sl-SI\",\"potentialAction\":[{\"@type\":\"ReadAction\",\"target\":[\"https:\/\/www.visitmalinska.com\/podsjetnik-za-iznajmljivace-privatnog-smjestaja-u-2025-godini\/\"]}]},{\"@type\":\"ImageObject\",\"inLanguage\":\"sl-SI\",\"@id\":\"https:\/\/www.visitmalinska.com\/podsjetnik-za-iznajmljivace-privatnog-smjestaja-u-2025-godini\/#primaryimage\",\"url\":\"https:\/\/www.visitmalinska.com\/wp-content\/uploads\/2025\/07\/Podsjetnik-za-iznajmljivace-2025-11.png\",\"contentUrl\":\"https:\/\/www.visitmalinska.com\/wp-content\/uploads\/2025\/07\/Podsjetnik-za-iznajmljivace-2025-11.png\",\"width\":1080,\"height\":1080},{\"@type\":\"BreadcrumbList\",\"@id\":\"https:\/\/www.visitmalinska.com\/podsjetnik-za-iznajmljivace-privatnog-smjestaja-u-2025-godini\/#breadcrumb\",\"itemListElement\":[{\"@type\":\"ListItem\",\"position\":1,\"name\":\"Po\u010detna stranica\",\"item\":\"https:\/\/www.visitmalinska.com\/\"},{\"@type\":\"ListItem\",\"position\":2,\"name\":\"Podsjetnik za iznajmljiva\u010de privatnog smje\u0161taja u 2025. godini\"}]},{\"@type\":\"WebSite\",\"@id\":\"https:\/\/www.visitmalinska.com\/#website\",\"url\":\"https:\/\/www.visitmalinska.com\/\",\"name\":\"TZO Malinska-Duba\u0161nica\",\"description\":\"\",\"publisher\":{\"@id\":\"https:\/\/www.visitmalinska.com\/#organization\"},\"potentialAction\":[{\"@type\":\"SearchAction\",\"target\":{\"@type\":\"EntryPoint\",\"urlTemplate\":\"https:\/\/www.visitmalinska.com\/?s={search_term_string}\"},\"query-input\":{\"@type\":\"PropertyValueSpecification\",\"valueRequired\":true,\"valueName\":\"search_term_string\"}}],\"inLanguage\":\"sl-SI\"},{\"@type\":\"Organization\",\"@id\":\"https:\/\/www.visitmalinska.com\/#organization\",\"name\":\"TZO Malinska - Duba\u0161nica\",\"url\":\"https:\/\/www.visitmalinska.com\/\",\"logo\":{\"@type\":\"ImageObject\",\"inLanguage\":\"sl-SI\",\"@id\":\"https:\/\/www.visitmalinska.com\/#\/schema\/logo\/image\/\",\"url\":\"https:\/\/www.visitmalinska.com\/wp-content\/uploads\/2019\/03\/malinska-logo-240.png\",\"contentUrl\":\"https:\/\/www.visitmalinska.com\/wp-content\/uploads\/2019\/03\/malinska-logo-240.png\",\"width\":1188,\"height\":241,\"caption\":\"TZO Malinska - Duba\u0161nica\"},\"image\":{\"@id\":\"https:\/\/www.visitmalinska.com\/#\/schema\/logo\/image\/\"},\"sameAs\":[\"https:\/\/www.facebook.com\/Malinska.Island.Krk\/\",\"https:\/\/www.instagram.com\/visitmalinska\/\"]},{\"@type\":\"Person\",\"@id\":\"https:\/\/www.visitmalinska.com\/#\/schema\/person\/b9c1147dfe2084b3a08365febf5f5220\",\"name\":\"malinska\",\"image\":{\"@type\":\"ImageObject\",\"inLanguage\":\"sl-SI\",\"@id\":\"https:\/\/www.visitmalinska.com\/#\/schema\/person\/image\/\",\"url\":\"https:\/\/secure.gravatar.com\/avatar\/ac515a9cf3cc312df7b828fd8023a34546d60e401ca285ebf9d6ffa994fe93c7?s=96&d=mm&r=g\",\"contentUrl\":\"https:\/\/secure.gravatar.com\/avatar\/ac515a9cf3cc312df7b828fd8023a34546d60e401ca285ebf9d6ffa994fe93c7?s=96&d=mm&r=g\",\"caption\":\"malinska\"},\"url\":\"https:\/\/www.visitmalinska.com\/si\/author\/malinska\/\"}]}<\/script>\n<!-- \/ Yoast SEO plugin. -->","yoast_head_json":{"title":"Podsjetnik za iznajmljiva\u010de privatnog smje\u0161taja u 2025. godini - TZO Malinska-Duba\u0161nica","robots":{"index":"index","follow":"follow","max-snippet":"max-snippet:-1","max-image-preview":"max-image-preview:large","max-video-preview":"max-video-preview:-1"},"canonical":"https:\/\/www.visitmalinska.com\/podsjetnik-za-iznajmljivace-privatnog-smjestaja-u-2025-godini\/","og_locale":"sl_SI","og_type":"article","og_title":"Podsjetnik za iznajmljiva\u010de privatnog smje\u0161taja u 2025. godini - TZO Malinska-Duba\u0161nica","og_description":"[vc_row][vc_column][vc_column_text] Po\u0161tovani iznajmljiva\u010di i pru\u017eatelji ugostiteljskih usluga u doma\u0107instvu, ovim putem Vas ljubazno podsje\u0107amo na obvezu pravodobnog podmirenja zakonskih davanja...","og_url":"https:\/\/www.visitmalinska.com\/podsjetnik-za-iznajmljivace-privatnog-smjestaja-u-2025-godini\/","og_site_name":"TZO Malinska-Duba\u0161nica","article_publisher":"https:\/\/www.facebook.com\/Malinska.Island.Krk\/","article_published_time":"2025-07-24T11:30:46+00:00","article_modified_time":"2026-03-12T07:07:44+00:00","og_image":[{"width":1080,"height":1080,"url":"https:\/\/www.visitmalinska.com\/wp-content\/uploads\/2025\/07\/Podsjetnik-za-iznajmljivace-2025-11.png","type":"image\/png"}],"author":"malinska","twitter_card":"summary_large_image","twitter_misc":{"Written by":"malinska","Est. reading time":"4 minutes"},"schema":{"@context":"https:\/\/schema.org","@graph":[{"@type":"Article","@id":"https:\/\/www.visitmalinska.com\/podsjetnik-za-iznajmljivace-privatnog-smjestaja-u-2025-godini\/#article","isPartOf":{"@id":"https:\/\/www.visitmalinska.com\/podsjetnik-za-iznajmljivace-privatnog-smjestaja-u-2025-godini\/"},"author":{"name":"malinska","@id":"https:\/\/www.visitmalinska.com\/#\/schema\/person\/b9c1147dfe2084b3a08365febf5f5220"},"headline":"Podsjetnik za iznajmljiva\u010de privatnog smje\u0161taja u 2025. godini","datePublished":"2025-07-24T11:30:46+00:00","dateModified":"2026-03-12T07:07:44+00:00","mainEntityOfPage":{"@id":"https:\/\/www.visitmalinska.com\/podsjetnik-za-iznajmljivace-privatnog-smjestaja-u-2025-godini\/"},"wordCount":390,"publisher":{"@id":"https:\/\/www.visitmalinska.com\/#organization"},"image":{"@id":"https:\/\/www.visitmalinska.com\/podsjetnik-za-iznajmljivace-privatnog-smjestaja-u-2025-godini\/#primaryimage"},"thumbnailUrl":"https:\/\/www.visitmalinska.com\/wp-content\/uploads\/2025\/07\/Podsjetnik-za-iznajmljivace-2025-11.png","keywords":["\u010dlanarina TZ","dospije\u0107e pla\u0107anja","iznos turisti\u010dke pristojbe","kad platiti","Malinska","pau\u0161al po krevetu","pla\u0107anje davanja TZ","po osnovnom i pomo\u0107nom krevetu","taksa po krevetu","turisti\u010dka \u010dlanarina","turisti\u010dka pristojba","turisti\u010dka taksta"],"inLanguage":"sl-SI"},{"@type":"WebPage","@id":"https:\/\/www.visitmalinska.com\/podsjetnik-za-iznajmljivace-privatnog-smjestaja-u-2025-godini\/","url":"https:\/\/www.visitmalinska.com\/podsjetnik-za-iznajmljivace-privatnog-smjestaja-u-2025-godini\/","name":"Podsjetnik za iznajmljiva\u010de privatnog smje\u0161taja u 2025. godini - TZO Malinska-Duba\u0161nica","isPartOf":{"@id":"https:\/\/www.visitmalinska.com\/#website"},"primaryImageOfPage":{"@id":"https:\/\/www.visitmalinska.com\/podsjetnik-za-iznajmljivace-privatnog-smjestaja-u-2025-godini\/#primaryimage"},"image":{"@id":"https:\/\/www.visitmalinska.com\/podsjetnik-za-iznajmljivace-privatnog-smjestaja-u-2025-godini\/#primaryimage"},"thumbnailUrl":"https:\/\/www.visitmalinska.com\/wp-content\/uploads\/2025\/07\/Podsjetnik-za-iznajmljivace-2025-11.png","datePublished":"2025-07-24T11:30:46+00:00","dateModified":"2026-03-12T07:07:44+00:00","breadcrumb":{"@id":"https:\/\/www.visitmalinska.com\/podsjetnik-za-iznajmljivace-privatnog-smjestaja-u-2025-godini\/#breadcrumb"},"inLanguage":"sl-SI","potentialAction":[{"@type":"ReadAction","target":["https:\/\/www.visitmalinska.com\/podsjetnik-za-iznajmljivace-privatnog-smjestaja-u-2025-godini\/"]}]},{"@type":"ImageObject","inLanguage":"sl-SI","@id":"https:\/\/www.visitmalinska.com\/podsjetnik-za-iznajmljivace-privatnog-smjestaja-u-2025-godini\/#primaryimage","url":"https:\/\/www.visitmalinska.com\/wp-content\/uploads\/2025\/07\/Podsjetnik-za-iznajmljivace-2025-11.png","contentUrl":"https:\/\/www.visitmalinska.com\/wp-content\/uploads\/2025\/07\/Podsjetnik-za-iznajmljivace-2025-11.png","width":1080,"height":1080},{"@type":"BreadcrumbList","@id":"https:\/\/www.visitmalinska.com\/podsjetnik-za-iznajmljivace-privatnog-smjestaja-u-2025-godini\/#breadcrumb","itemListElement":[{"@type":"ListItem","position":1,"name":"Po\u010detna stranica","item":"https:\/\/www.visitmalinska.com\/"},{"@type":"ListItem","position":2,"name":"Podsjetnik za iznajmljiva\u010de privatnog smje\u0161taja u 2025. godini"}]},{"@type":"WebSite","@id":"https:\/\/www.visitmalinska.com\/#website","url":"https:\/\/www.visitmalinska.com\/","name":"TZO Malinska-Duba\u0161nica","description":"","publisher":{"@id":"https:\/\/www.visitmalinska.com\/#organization"},"potentialAction":[{"@type":"SearchAction","target":{"@type":"EntryPoint","urlTemplate":"https:\/\/www.visitmalinska.com\/?s={search_term_string}"},"query-input":{"@type":"PropertyValueSpecification","valueRequired":true,"valueName":"search_term_string"}}],"inLanguage":"sl-SI"},{"@type":"Organization","@id":"https:\/\/www.visitmalinska.com\/#organization","name":"TZO Malinska - Duba\u0161nica","url":"https:\/\/www.visitmalinska.com\/","logo":{"@type":"ImageObject","inLanguage":"sl-SI","@id":"https:\/\/www.visitmalinska.com\/#\/schema\/logo\/image\/","url":"https:\/\/www.visitmalinska.com\/wp-content\/uploads\/2019\/03\/malinska-logo-240.png","contentUrl":"https:\/\/www.visitmalinska.com\/wp-content\/uploads\/2019\/03\/malinska-logo-240.png","width":1188,"height":241,"caption":"TZO Malinska - Duba\u0161nica"},"image":{"@id":"https:\/\/www.visitmalinska.com\/#\/schema\/logo\/image\/"},"sameAs":["https:\/\/www.facebook.com\/Malinska.Island.Krk\/","https:\/\/www.instagram.com\/visitmalinska\/"]},{"@type":"Person","@id":"https:\/\/www.visitmalinska.com\/#\/schema\/person\/b9c1147dfe2084b3a08365febf5f5220","name":"malinska","image":{"@type":"ImageObject","inLanguage":"sl-SI","@id":"https:\/\/www.visitmalinska.com\/#\/schema\/person\/image\/","url":"https:\/\/secure.gravatar.com\/avatar\/ac515a9cf3cc312df7b828fd8023a34546d60e401ca285ebf9d6ffa994fe93c7?s=96&d=mm&r=g","contentUrl":"https:\/\/secure.gravatar.com\/avatar\/ac515a9cf3cc312df7b828fd8023a34546d60e401ca285ebf9d6ffa994fe93c7?s=96&d=mm&r=g","caption":"malinska"},"url":"https:\/\/www.visitmalinska.com\/si\/author\/malinska\/"}]}},"_links":{"self":[{"href":"https:\/\/www.visitmalinska.com\/si\/wp-json\/wp\/v2\/posts\/41748","targetHints":{"allow":["GET"]}}],"collection":[{"href":"https:\/\/www.visitmalinska.com\/si\/wp-json\/wp\/v2\/posts"}],"about":[{"href":"https:\/\/www.visitmalinska.com\/si\/wp-json\/wp\/v2\/types\/post"}],"author":[{"embeddable":true,"href":"https:\/\/www.visitmalinska.com\/si\/wp-json\/wp\/v2\/users\/2"}],"replies":[{"embeddable":true,"href":"https:\/\/www.visitmalinska.com\/si\/wp-json\/wp\/v2\/comments?post=41748"}],"version-history":[{"count":11,"href":"https:\/\/www.visitmalinska.com\/si\/wp-json\/wp\/v2\/posts\/41748\/revisions"}],"predecessor-version":[{"id":42105,"href":"https:\/\/www.visitmalinska.com\/si\/wp-json\/wp\/v2\/posts\/41748\/revisions\/42105"}],"wp:featuredmedia":[{"embeddable":true,"href":"https:\/\/www.visitmalinska.com\/si\/wp-json\/wp\/v2\/media\/41750"}],"wp:attachment":[{"href":"https:\/\/www.visitmalinska.com\/si\/wp-json\/wp\/v2\/media?parent=41748"}],"wp:term":[{"taxonomy":"category","embeddable":true,"href":"https:\/\/www.visitmalinska.com\/si\/wp-json\/wp\/v2\/categories?post=41748"},{"taxonomy":"post_tag","embeddable":true,"href":"https:\/\/www.visitmalinska.com\/si\/wp-json\/wp\/v2\/tags?post=41748"}],"curies":[{"name":"wp","href":"https:\/\/api.w.org\/{rel}","templated":true}]}}