{"id":41272,"date":"2025-04-04T14:25:40","date_gmt":"2025-04-04T12:25:40","guid":{"rendered":"https:\/\/www.visitmalinska.com\/?p=41272"},"modified":"2026-03-11T11:59:03","modified_gmt":"2026-03-11T09:59:03","slug":"proljetni-predah-u-malinskoj-2","status":"publish","type":"post","link":"https:\/\/www.visitmalinska.com\/si\/proljetni-predah-u-malinskoj-2\/","title":{"rendered":"PROLJETNI PREDAH U MALINSKOJ"},"content":{"rendered":"<p>[vc_row][vc_column][vc_column_text]<img loading=\"lazy\" decoding=\"async\" class=\" wp-image-41279 aligncenter\" src=\"https:\/\/www.visitmalinska.com\/wp-content\/uploads\/2025\/04\/proljetniPredah2025-event-21-300x157.jpg\" alt=\"\" width=\"577\" height=\"302\" srcset=\"https:\/\/www.visitmalinska.com\/wp-content\/uploads\/2025\/04\/proljetniPredah2025-event-21-300x157.jpg 300w, https:\/\/www.visitmalinska.com\/wp-content\/uploads\/2025\/04\/proljetniPredah2025-event-21-1024x536.jpg 1024w, https:\/\/www.visitmalinska.com\/wp-content\/uploads\/2025\/04\/proljetniPredah2025-event-21-768x402.jpg 768w, https:\/\/www.visitmalinska.com\/wp-content\/uploads\/2025\/04\/proljetniPredah2025-event-21-1536x804.jpg 1536w, https:\/\/www.visitmalinska.com\/wp-content\/uploads\/2025\/04\/proljetniPredah2025-event-21.jpg 1920w\" sizes=\"auto, (max-width: 577px) 100vw, 577px\" \/><\/p>\n<p><strong>PROLJETNI PREDAH U MALINSKOJ 01. &#8211; 03.05.2025.<\/strong><\/p>\n<p>Provedite proljetni odmor u Malinskoj uz bogat i raznolik program za sve uzraste! Od <strong>1. do 3. svibnja 2025.<\/strong> o\u010dekuju vas kreativne radionice, ukusna prezentacija lokalnih proizvoda, glazbeni nastupi, zanimljive vo\u0111ene \u0161etnje i zabava za najmla\u0111e.<\/p>\n<p><strong>Program:<\/strong><\/p>\n<p><strong>\u010cetvrtak 1.5.:<br \/>\n<\/strong><strong>18:00 &#8211; 20:00:<\/strong> Interpretacijski centar DUBoak: <strong>Glagoljska kaligrafija uz svije\u0107e i vino<\/strong> &#8211; uronite u svijet drevnog pisma uz opu\u0161taju\u0107u atmosferu. Prijava na: <a href=\"mailto:info@duboak.org\">info@duboak.org<\/a><br \/>\n<strong><br \/>\nPetak 02.05.:<br \/>\n<\/strong><strong>19:00 &#8211; 20:30:<\/strong> Trg Ivana Klobu\u010dari\u0107a: <strong>Radionica izrade \u0161urlica<\/strong> &#8211; nau\u010dite tajne izrade tradicionalne kr\u010dke tjestenine. Prijava na: <a href=\"mailto:info@duboak.org\">info@duboak.org<\/a><br \/>\n<strong>19:00:<\/strong>Trg Ivana Klobu\u010dari\u0107a: <strong>Otvorena radionica izrade mornarskih \u010dvorova<\/strong> &#8211; savladajte korisne vje\u0161tine vezanja \u010dvorova.<br \/>\n<strong>19:00 &#8211; 23:00:<\/strong> Trg Ivana Klobu\u010dari\u0107a: <strong>Prezentacija oto\u010dkih OPG-ova uz nastup klape \u201eTRAMUNTANA\u201c<\/strong> &#8211; upoznajte lokalne proizvo\u0111a\u010de i u\u017eivajte u dalmatinskoj pjesmi i doma\u0107im delicijama.<\/p>\n<p><strong>Subota 03.05.:<br \/>\n<\/strong><strong>10:00:<\/strong> Start: Rajska cesta bb: <strong>\u201eRajska cesta nas spaja\u201c \u2013 besplatna vo\u0111ena \u0161etnja<\/strong> najpoznatijom \u0161etnicom otoka Krka. Otkrijte ljepote obale uz stru\u010dno vodstvo.<br \/>\n<strong>16:00 &#8211; 19:00:<\/strong> Trg hrvatskih branitelja: <strong>\u201eMedo Edo i prijatelji\u201c \u2013 predstava i animacijski program za djecu<\/strong> &#8211; zabavite va\u0161e najmla\u0111e uz omiljenog Medu Edu i njegove prijatelje.<br \/>\n<strong>18:00:<\/strong> Start: Interpretacijski centar \u201eDUBoak\u201c: <strong>\u201eOd \u0161kvera do lanterne\u201c \u2013 besplatna vo\u0111ena interpretacijska \u0161etnja<\/strong> kroz povijest i kulturu Malinske.<br \/>\n<strong>19:00 &#8211; 23:00:<\/strong> Trg Ivana Klobu\u010dari\u0107a: <strong>Prezentacija oto\u010dkih OPG-ova uz nastup \u201eGROOVERS\u201c benda i gastro ponudu<\/strong> &#8211; nastavite u\u017eivati u lokalnim proizvodima uz \u017eivu glazbu i ukusne zalogaje.<\/p>\n<p>Pridru\u017eite nam se u Malinskoj i do\u017eivite predah ispunjen kulturom, tradicijom, zabavom i prirodnim ljepotama!<\/p>\n<p>&nbsp;<\/p>\n<p><img loading=\"lazy\" decoding=\"async\" class=\" wp-image-41278 aligncenter\" src=\"https:\/\/www.visitmalinska.com\/wp-content\/uploads\/2025\/04\/rsz_proljetnipredah2025-70-90_1_page-00011-235x300.jpg\" alt=\"\" width=\"587\" height=\"749\" srcset=\"https:\/\/www.visitmalinska.com\/wp-content\/uploads\/2025\/04\/rsz_proljetnipredah2025-70-90_1_page-00011-235x300.jpg 235w, https:\/\/www.visitmalinska.com\/wp-content\/uploads\/2025\/04\/rsz_proljetnipredah2025-70-90_1_page-00011-802x1024.jpg 802w, https:\/\/www.visitmalinska.com\/wp-content\/uploads\/2025\/04\/rsz_proljetnipredah2025-70-90_1_page-00011-768x981.jpg 768w, https:\/\/www.visitmalinska.com\/wp-content\/uploads\/2025\/04\/rsz_proljetnipredah2025-70-90_1_page-00011-1202x1536.jpg 1202w, https:\/\/www.visitmalinska.com\/wp-content\/uploads\/2025\/04\/rsz_proljetnipredah2025-70-90_1_page-00011-1603x2048.jpg 1603w, https:\/\/www.visitmalinska.com\/wp-content\/uploads\/2025\/04\/rsz_proljetnipredah2025-70-90_1_page-00011-scaled.jpg 2004w\" sizes=\"auto, (max-width: 587px) 100vw, 587px\" \/>[\/vc_column_text][\/vc_column][\/vc_row]<\/p>\n","protected":false},"excerpt":{"rendered":"<p>[vc_row][vc_column][vc_column_text] PROLJETNI PREDAH U MALINSKOJ 01. &#8211; 03.05.2025. Provedite proljetni odmor u Malinskoj uz bogat i raznolik program za sve&#8230;<\/p>\n","protected":false},"author":2,"featured_media":41279,"comment_status":"closed","ping_status":"closed","sticky":false,"template":"","format":"standard","meta":{"footnotes":""},"categories":[1],"tags":[1194,1087,1086],"class_list":{"0":"post-41272","1":"post","2":"type-post","3":"status-publish","4":"format-standard","5":"has-post-thumbnail","7":"category-uncategorized","8":"tag-kaligrafija","9":"tag-proljece","10":"tag-proljetni-predah"},"acf":[],"yoast_head":"<!-- This site is optimized with the Yoast SEO plugin v23.5 - https:\/\/yoast.com\/wordpress\/plugins\/seo\/ -->\n<title>- TZO Malinska-Duba\u0161nica<\/title>\n<meta name=\"robots\" content=\"index, follow, max-snippet:-1, max-image-preview:large, max-video-preview:-1\" \/>\n<link rel=\"canonical\" href=\"https:\/\/www.visitmalinska.com\/proljetni-predah-u-malinskoj-2\/\" \/>\n<meta property=\"og:locale\" content=\"sl_SI\" \/>\n<meta property=\"og:type\" content=\"article\" \/>\n<meta property=\"og:title\" content=\"{:hr}PROLJETNI PREDAH U MALINSKOJ{:}{:en}SPRING BREAK IN MALINSKA{:} - TZO Malinska-Duba\u0161nica\" \/>\n<meta property=\"og:description\" content=\"[vc_row][vc_column][vc_column_text] PROLJETNI PREDAH U MALINSKOJ 01. &#8211; 03.05.2025. Provedite proljetni odmor u Malinskoj uz bogat i raznolik program za sve...\" \/>\n<meta property=\"og:url\" content=\"https:\/\/www.visitmalinska.com\/proljetni-predah-u-malinskoj-2\/\" \/>\n<meta property=\"og:site_name\" content=\"TZO Malinska-Duba\u0161nica\" \/>\n<meta property=\"article:publisher\" content=\"https:\/\/www.facebook.com\/Malinska.Island.Krk\/\" \/>\n<meta property=\"article:published_time\" content=\"2025-04-04T12:25:40+00:00\" \/>\n<meta property=\"article:modified_time\" content=\"2026-03-11T09:59:03+00:00\" \/>\n<meta property=\"og:image\" content=\"https:\/\/www.visitmalinska.com\/wp-content\/uploads\/2025\/04\/proljetniPredah2025-event-21.jpg\" \/>\n\t<meta property=\"og:image:width\" content=\"1920\" \/>\n\t<meta property=\"og:image:height\" content=\"1005\" \/>\n\t<meta property=\"og:image:type\" content=\"image\/jpeg\" \/>\n<meta name=\"author\" content=\"malinska\" \/>\n<meta name=\"twitter:card\" content=\"summary_large_image\" \/>\n<meta name=\"twitter:label1\" content=\"Written by\" \/>\n\t<meta name=\"twitter:data1\" content=\"malinska\" \/>\n\t<meta name=\"twitter:label2\" content=\"Est. reading time\" \/>\n\t<meta name=\"twitter:data2\" content=\"2 minutes\" \/>\n<script type=\"application\/ld+json\" class=\"yoast-schema-graph\">{\"@context\":\"https:\/\/schema.org\",\"@graph\":[{\"@type\":\"Article\",\"@id\":\"https:\/\/www.visitmalinska.com\/proljetni-predah-u-malinskoj-2\/#article\",\"isPartOf\":{\"@id\":\"https:\/\/www.visitmalinska.com\/proljetni-predah-u-malinskoj-2\/\"},\"author\":{\"name\":\"malinska\",\"@id\":\"https:\/\/www.visitmalinska.com\/#\/schema\/person\/b9c1147dfe2084b3a08365febf5f5220\"},\"headline\":\"PROLJETNI PREDAH U MALINSKOJ\",\"datePublished\":\"2025-04-04T12:25:40+00:00\",\"dateModified\":\"2026-03-11T09:59:03+00:00\",\"mainEntityOfPage\":{\"@id\":\"https:\/\/www.visitmalinska.com\/proljetni-predah-u-malinskoj-2\/\"},\"wordCount\":591,\"publisher\":{\"@id\":\"https:\/\/www.visitmalinska.com\/#organization\"},\"image\":{\"@id\":\"https:\/\/www.visitmalinska.com\/proljetni-predah-u-malinskoj-2\/#primaryimage\"},\"thumbnailUrl\":\"https:\/\/www.visitmalinska.com\/wp-content\/uploads\/2025\/04\/proljetniPredah2025-event-21.jpg\",\"keywords\":[\"kaligrafija\",\"prolje\u0107e\",\"proljetni predah\"],\"inLanguage\":\"sl-SI\"},{\"@type\":\"WebPage\",\"@id\":\"https:\/\/www.visitmalinska.com\/proljetni-predah-u-malinskoj-2\/\",\"url\":\"https:\/\/www.visitmalinska.com\/proljetni-predah-u-malinskoj-2\/\",\"name\":\"{:hr}PROLJETNI PREDAH U MALINSKOJ{:}{:en}SPRING BREAK IN MALINSKA{:} - TZO Malinska-Duba\u0161nica\",\"isPartOf\":{\"@id\":\"https:\/\/www.visitmalinska.com\/#website\"},\"primaryImageOfPage\":{\"@id\":\"https:\/\/www.visitmalinska.com\/proljetni-predah-u-malinskoj-2\/#primaryimage\"},\"image\":{\"@id\":\"https:\/\/www.visitmalinska.com\/proljetni-predah-u-malinskoj-2\/#primaryimage\"},\"thumbnailUrl\":\"https:\/\/www.visitmalinska.com\/wp-content\/uploads\/2025\/04\/proljetniPredah2025-event-21.jpg\",\"datePublished\":\"2025-04-04T12:25:40+00:00\",\"dateModified\":\"2026-03-11T09:59:03+00:00\",\"breadcrumb\":{\"@id\":\"https:\/\/www.visitmalinska.com\/proljetni-predah-u-malinskoj-2\/#breadcrumb\"},\"inLanguage\":\"sl-SI\",\"potentialAction\":[{\"@type\":\"ReadAction\",\"target\":[\"https:\/\/www.visitmalinska.com\/proljetni-predah-u-malinskoj-2\/\"]}]},{\"@type\":\"ImageObject\",\"inLanguage\":\"sl-SI\",\"@id\":\"https:\/\/www.visitmalinska.com\/proljetni-predah-u-malinskoj-2\/#primaryimage\",\"url\":\"https:\/\/www.visitmalinska.com\/wp-content\/uploads\/2025\/04\/proljetniPredah2025-event-21.jpg\",\"contentUrl\":\"https:\/\/www.visitmalinska.com\/wp-content\/uploads\/2025\/04\/proljetniPredah2025-event-21.jpg\",\"width\":1920,\"height\":1005},{\"@type\":\"BreadcrumbList\",\"@id\":\"https:\/\/www.visitmalinska.com\/proljetni-predah-u-malinskoj-2\/#breadcrumb\",\"itemListElement\":[{\"@type\":\"ListItem\",\"position\":1,\"name\":\"Po\u010detna stranica\",\"item\":\"https:\/\/www.visitmalinska.com\/\"},{\"@type\":\"ListItem\",\"position\":2,\"name\":\"PROLJETNI PREDAH U MALINSKOJ\"}]},{\"@type\":\"WebSite\",\"@id\":\"https:\/\/www.visitmalinska.com\/#website\",\"url\":\"https:\/\/www.visitmalinska.com\/\",\"name\":\"TZO Malinska-Duba\u0161nica\",\"description\":\"\",\"publisher\":{\"@id\":\"https:\/\/www.visitmalinska.com\/#organization\"},\"potentialAction\":[{\"@type\":\"SearchAction\",\"target\":{\"@type\":\"EntryPoint\",\"urlTemplate\":\"https:\/\/www.visitmalinska.com\/?s={search_term_string}\"},\"query-input\":{\"@type\":\"PropertyValueSpecification\",\"valueRequired\":true,\"valueName\":\"search_term_string\"}}],\"inLanguage\":\"sl-SI\"},{\"@type\":\"Organization\",\"@id\":\"https:\/\/www.visitmalinska.com\/#organization\",\"name\":\"TZO Malinska - Duba\u0161nica\",\"url\":\"https:\/\/www.visitmalinska.com\/\",\"logo\":{\"@type\":\"ImageObject\",\"inLanguage\":\"sl-SI\",\"@id\":\"https:\/\/www.visitmalinska.com\/#\/schema\/logo\/image\/\",\"url\":\"https:\/\/www.visitmalinska.com\/wp-content\/uploads\/2019\/03\/malinska-logo-240.png\",\"contentUrl\":\"https:\/\/www.visitmalinska.com\/wp-content\/uploads\/2019\/03\/malinska-logo-240.png\",\"width\":1188,\"height\":241,\"caption\":\"TZO Malinska - Duba\u0161nica\"},\"image\":{\"@id\":\"https:\/\/www.visitmalinska.com\/#\/schema\/logo\/image\/\"},\"sameAs\":[\"https:\/\/www.facebook.com\/Malinska.Island.Krk\/\",\"https:\/\/www.instagram.com\/visitmalinska\/\"]},{\"@type\":\"Person\",\"@id\":\"https:\/\/www.visitmalinska.com\/#\/schema\/person\/b9c1147dfe2084b3a08365febf5f5220\",\"name\":\"malinska\",\"image\":{\"@type\":\"ImageObject\",\"inLanguage\":\"sl-SI\",\"@id\":\"https:\/\/www.visitmalinska.com\/#\/schema\/person\/image\/\",\"url\":\"https:\/\/secure.gravatar.com\/avatar\/ac515a9cf3cc312df7b828fd8023a34546d60e401ca285ebf9d6ffa994fe93c7?s=96&d=mm&r=g\",\"contentUrl\":\"https:\/\/secure.gravatar.com\/avatar\/ac515a9cf3cc312df7b828fd8023a34546d60e401ca285ebf9d6ffa994fe93c7?s=96&d=mm&r=g\",\"caption\":\"malinska\"},\"url\":\"https:\/\/www.visitmalinska.com\/si\/author\/malinska\/\"}]}<\/script>\n<!-- \/ Yoast SEO plugin. -->","yoast_head_json":{"title":"- TZO Malinska-Duba\u0161nica","robots":{"index":"index","follow":"follow","max-snippet":"max-snippet:-1","max-image-preview":"max-image-preview:large","max-video-preview":"max-video-preview:-1"},"canonical":"https:\/\/www.visitmalinska.com\/proljetni-predah-u-malinskoj-2\/","og_locale":"sl_SI","og_type":"article","og_title":"{:hr}PROLJETNI PREDAH U MALINSKOJ{:}{:en}SPRING BREAK IN MALINSKA{:} - TZO Malinska-Duba\u0161nica","og_description":"[vc_row][vc_column][vc_column_text] PROLJETNI PREDAH U MALINSKOJ 01. &#8211; 03.05.2025. Provedite proljetni odmor u Malinskoj uz bogat i raznolik program za sve...","og_url":"https:\/\/www.visitmalinska.com\/proljetni-predah-u-malinskoj-2\/","og_site_name":"TZO Malinska-Duba\u0161nica","article_publisher":"https:\/\/www.facebook.com\/Malinska.Island.Krk\/","article_published_time":"2025-04-04T12:25:40+00:00","article_modified_time":"2026-03-11T09:59:03+00:00","og_image":[{"width":1920,"height":1005,"url":"https:\/\/www.visitmalinska.com\/wp-content\/uploads\/2025\/04\/proljetniPredah2025-event-21.jpg","type":"image\/jpeg"}],"author":"malinska","twitter_card":"summary_large_image","twitter_misc":{"Written by":"malinska","Est. reading time":"2 minutes"},"schema":{"@context":"https:\/\/schema.org","@graph":[{"@type":"Article","@id":"https:\/\/www.visitmalinska.com\/proljetni-predah-u-malinskoj-2\/#article","isPartOf":{"@id":"https:\/\/www.visitmalinska.com\/proljetni-predah-u-malinskoj-2\/"},"author":{"name":"malinska","@id":"https:\/\/www.visitmalinska.com\/#\/schema\/person\/b9c1147dfe2084b3a08365febf5f5220"},"headline":"PROLJETNI PREDAH U MALINSKOJ","datePublished":"2025-04-04T12:25:40+00:00","dateModified":"2026-03-11T09:59:03+00:00","mainEntityOfPage":{"@id":"https:\/\/www.visitmalinska.com\/proljetni-predah-u-malinskoj-2\/"},"wordCount":591,"publisher":{"@id":"https:\/\/www.visitmalinska.com\/#organization"},"image":{"@id":"https:\/\/www.visitmalinska.com\/proljetni-predah-u-malinskoj-2\/#primaryimage"},"thumbnailUrl":"https:\/\/www.visitmalinska.com\/wp-content\/uploads\/2025\/04\/proljetniPredah2025-event-21.jpg","keywords":["kaligrafija","prolje\u0107e","proljetni predah"],"inLanguage":"sl-SI"},{"@type":"WebPage","@id":"https:\/\/www.visitmalinska.com\/proljetni-predah-u-malinskoj-2\/","url":"https:\/\/www.visitmalinska.com\/proljetni-predah-u-malinskoj-2\/","name":"{:hr}PROLJETNI PREDAH U MALINSKOJ{:}{:en}SPRING BREAK IN MALINSKA{:} - TZO Malinska-Duba\u0161nica","isPartOf":{"@id":"https:\/\/www.visitmalinska.com\/#website"},"primaryImageOfPage":{"@id":"https:\/\/www.visitmalinska.com\/proljetni-predah-u-malinskoj-2\/#primaryimage"},"image":{"@id":"https:\/\/www.visitmalinska.com\/proljetni-predah-u-malinskoj-2\/#primaryimage"},"thumbnailUrl":"https:\/\/www.visitmalinska.com\/wp-content\/uploads\/2025\/04\/proljetniPredah2025-event-21.jpg","datePublished":"2025-04-04T12:25:40+00:00","dateModified":"2026-03-11T09:59:03+00:00","breadcrumb":{"@id":"https:\/\/www.visitmalinska.com\/proljetni-predah-u-malinskoj-2\/#breadcrumb"},"inLanguage":"sl-SI","potentialAction":[{"@type":"ReadAction","target":["https:\/\/www.visitmalinska.com\/proljetni-predah-u-malinskoj-2\/"]}]},{"@type":"ImageObject","inLanguage":"sl-SI","@id":"https:\/\/www.visitmalinska.com\/proljetni-predah-u-malinskoj-2\/#primaryimage","url":"https:\/\/www.visitmalinska.com\/wp-content\/uploads\/2025\/04\/proljetniPredah2025-event-21.jpg","contentUrl":"https:\/\/www.visitmalinska.com\/wp-content\/uploads\/2025\/04\/proljetniPredah2025-event-21.jpg","width":1920,"height":1005},{"@type":"BreadcrumbList","@id":"https:\/\/www.visitmalinska.com\/proljetni-predah-u-malinskoj-2\/#breadcrumb","itemListElement":[{"@type":"ListItem","position":1,"name":"Po\u010detna stranica","item":"https:\/\/www.visitmalinska.com\/"},{"@type":"ListItem","position":2,"name":"PROLJETNI PREDAH U MALINSKOJ"}]},{"@type":"WebSite","@id":"https:\/\/www.visitmalinska.com\/#website","url":"https:\/\/www.visitmalinska.com\/","name":"TZO Malinska-Duba\u0161nica","description":"","publisher":{"@id":"https:\/\/www.visitmalinska.com\/#organization"},"potentialAction":[{"@type":"SearchAction","target":{"@type":"EntryPoint","urlTemplate":"https:\/\/www.visitmalinska.com\/?s={search_term_string}"},"query-input":{"@type":"PropertyValueSpecification","valueRequired":true,"valueName":"search_term_string"}}],"inLanguage":"sl-SI"},{"@type":"Organization","@id":"https:\/\/www.visitmalinska.com\/#organization","name":"TZO Malinska - Duba\u0161nica","url":"https:\/\/www.visitmalinska.com\/","logo":{"@type":"ImageObject","inLanguage":"sl-SI","@id":"https:\/\/www.visitmalinska.com\/#\/schema\/logo\/image\/","url":"https:\/\/www.visitmalinska.com\/wp-content\/uploads\/2019\/03\/malinska-logo-240.png","contentUrl":"https:\/\/www.visitmalinska.com\/wp-content\/uploads\/2019\/03\/malinska-logo-240.png","width":1188,"height":241,"caption":"TZO Malinska - Duba\u0161nica"},"image":{"@id":"https:\/\/www.visitmalinska.com\/#\/schema\/logo\/image\/"},"sameAs":["https:\/\/www.facebook.com\/Malinska.Island.Krk\/","https:\/\/www.instagram.com\/visitmalinska\/"]},{"@type":"Person","@id":"https:\/\/www.visitmalinska.com\/#\/schema\/person\/b9c1147dfe2084b3a08365febf5f5220","name":"malinska","image":{"@type":"ImageObject","inLanguage":"sl-SI","@id":"https:\/\/www.visitmalinska.com\/#\/schema\/person\/image\/","url":"https:\/\/secure.gravatar.com\/avatar\/ac515a9cf3cc312df7b828fd8023a34546d60e401ca285ebf9d6ffa994fe93c7?s=96&d=mm&r=g","contentUrl":"https:\/\/secure.gravatar.com\/avatar\/ac515a9cf3cc312df7b828fd8023a34546d60e401ca285ebf9d6ffa994fe93c7?s=96&d=mm&r=g","caption":"malinska"},"url":"https:\/\/www.visitmalinska.com\/si\/author\/malinska\/"}]}},"_links":{"self":[{"href":"https:\/\/www.visitmalinska.com\/si\/wp-json\/wp\/v2\/posts\/41272","targetHints":{"allow":["GET"]}}],"collection":[{"href":"https:\/\/www.visitmalinska.com\/si\/wp-json\/wp\/v2\/posts"}],"about":[{"href":"https:\/\/www.visitmalinska.com\/si\/wp-json\/wp\/v2\/types\/post"}],"author":[{"embeddable":true,"href":"https:\/\/www.visitmalinska.com\/si\/wp-json\/wp\/v2\/users\/2"}],"replies":[{"embeddable":true,"href":"https:\/\/www.visitmalinska.com\/si\/wp-json\/wp\/v2\/comments?post=41272"}],"version-history":[{"count":17,"href":"https:\/\/www.visitmalinska.com\/si\/wp-json\/wp\/v2\/posts\/41272\/revisions"}],"predecessor-version":[{"id":42812,"href":"https:\/\/www.visitmalinska.com\/si\/wp-json\/wp\/v2\/posts\/41272\/revisions\/42812"}],"wp:featuredmedia":[{"embeddable":true,"href":"https:\/\/www.visitmalinska.com\/si\/wp-json\/wp\/v2\/media\/41279"}],"wp:attachment":[{"href":"https:\/\/www.visitmalinska.com\/si\/wp-json\/wp\/v2\/media?parent=41272"}],"wp:term":[{"taxonomy":"category","embeddable":true,"href":"https:\/\/www.visitmalinska.com\/si\/wp-json\/wp\/v2\/categories?post=41272"},{"taxonomy":"post_tag","embeddable":true,"href":"https:\/\/www.visitmalinska.com\/si\/wp-json\/wp\/v2\/tags?post=41272"}],"curies":[{"name":"wp","href":"https:\/\/api.w.org\/{rel}","templated":true}]}}