{"id":40703,"date":"2024-09-26T08:21:21","date_gmt":"2024-09-26T06:21:21","guid":{"rendered":"https:\/\/www.visitmalinska.com\/?p=40703"},"modified":"2026-03-12T09:20:26","modified_gmt":"2026-03-12T07:20:26","slug":"obiljezavanje-115-godisnjice-turizma-u-malinskoj-i-svjetskog-dana-turizma","status":"publish","type":"post","link":"https:\/\/www.visitmalinska.com\/si\/obiljezavanje-115-godisnjice-turizma-u-malinskoj-i-svjetskog-dana-turizma\/","title":{"rendered":"Obele\u017eitev 115. obletnice turizma v Malinski in Svetovnega dneva turizma"},"content":{"rendered":"<p>[vc_row][vc_column][vc_column_text]<\/p>\n<p data-sourcepos=\"23:1-23:95\"><img loading=\"lazy\" decoding=\"async\" class=\"wp-image-40704 aligncenter\" src=\"https:\/\/www.visitmalinska.com\/wp-content\/uploads\/2024\/09\/115-godina-turizma31-300x169.png\" alt=\"\" width=\"889\" height=\"501\" srcset=\"https:\/\/www.visitmalinska.com\/wp-content\/uploads\/2024\/09\/115-godina-turizma31-300x169.png 300w, https:\/\/www.visitmalinska.com\/wp-content\/uploads\/2024\/09\/115-godina-turizma31-1024x576.png 1024w, https:\/\/www.visitmalinska.com\/wp-content\/uploads\/2024\/09\/115-godina-turizma31-768x432.png 768w, https:\/\/www.visitmalinska.com\/wp-content\/uploads\/2024\/09\/115-godina-turizma31-1536x864.png 1536w, https:\/\/www.visitmalinska.com\/wp-content\/uploads\/2024\/09\/115-godina-turizma31.png 1920w\" sizes=\"auto, (max-width: 889px) 100vw, 889px\" \/><\/p>\n<p>Sredi\u0161\u010de Kvarnerja, kjer se kristalno \u010disto morje sre\u010da z bujno mediteransko vegetacijo, skriva \u010dudovito mestece z bogato zgodovino in svetlo prihodnostjo. Gre za Malinsko, ki letos praznuje pomembno obletnico \u2013<strong> 115 let<\/strong> od uradnega za\u010detka razvoja turizma v tem kraju.<\/p>\n<p>Vse se je za\u010delo davnega leta<strong> 1909<\/strong>, ko je bil z ustanovitvijo Dru\u0161tva za olep\u0161avanje mesta Malinska polo\u017een temelj dolgoletni tradiciji, ki je Malinsko spremenila v eno najbolj znanih turisti\u010dnih destinacij na Kvarnerju. Od takrat so v Malinsko prihajale in obiskovale mnoge generacije obiskovalcev, da bi u\u017eivale v lepotah narave, kristalno \u010distem morju, ugodni in mili klimi ter gostoljubnosti doma\u010dinov.<\/p>\n<p>Ob tej pomembni obletnici in v okviru obele\u017eevanja Svetovnega dneva turizma, z leto\u0161njo tematiko<strong> &#8216;Turizem in mir&#8217;<\/strong> vas Turisti\u010dna skupnost Ob\u010dine Malinska-Duba\u0161nica vabi na posebno potovanje skozi \u010das. V petek, 27. septembra, se bodo vrata Interpretacijskega centra pomorske dedi\u0161\u010dine \u2013 DUBoak odprla za vse obiskovalce, <strong>povsem brezpla\u010dno.<\/strong><\/p>\n<p>V tem edinstvenem interpretacijskem centru, ki se nahaja v neposredni bli\u017eini centra Malinske, boste odkrili osupljivo zgodbo o povezavi lokalnega prebivalstva z gozdom in morjem. Skozi interaktivno postavitev in multimedijske vsebine boste izvedeli, kako je morje oblikovalo \u017eivljenje lokalnega prebivalstva na podro\u010dju Ob\u010dine Malinska-Duba\u0161nica v Malinski, od tradicionalnih ladij in ribi\u0161kih tehnik do navigacijskih instrumentov, ki so neko\u010d vodili mornarje na daljne poti. Ali veste, da so temelji Benetk zgrajeni na duba\u0161ljanskem hrastu?<\/p>\n<p><strong>Zakaj obiskati DUBoak?<\/strong><\/p>\n<ul>\n<li><strong>Spoznajte bogato kulturno in pomorsko dedi\u0161\u010dino:<\/strong> Odkrijte, kako je morje vplivalo na \u017eivljenje in kulturo Malinske.<\/li>\n<li><strong>Pove\u017eite se z lokalno skupnostjo:<\/strong> Izvedite ve\u010d o ljudeh, ki so gradili Malinsko, kakr\u0161no poznamo danes.<\/li>\n<li><strong>Cenite lepoto morja in lesa:<\/strong> Navdu\u0161ujte se nad tradicionalnimi ladjami in njihovo izdelavo.<\/li>\n<\/ul>\n<p><strong>Vabimo Vas, da Malinsko obi\u0161\u010dete in odkrijete bogato tradicijo na\u0161e pomorske dedi\u0161\u010dine!<\/strong>[\/vc_column_text][\/vc_column][\/vc_row]<\/p>\n","protected":false},"excerpt":{"rendered":"<p>[vc_row][vc_column][vc_column_text] Sredi\u0161\u010de Kvarnerja, kjer se kristalno \u010disto morje sre\u010da z bujno mediteransko vegetacijo, skriva \u010dudovito mestece z bogato zgodovino in&#8230;<\/p>\n","protected":false},"author":2,"featured_media":40704,"comment_status":"closed","ping_status":"closed","sticky":false,"template":"","format":"standard","meta":{"footnotes":""},"categories":[1],"tags":[1150,379,1153,1152,1151],"class_list":{"0":"post-40703","1":"post","2":"type-post","3":"status-publish","4":"format-standard","5":"has-post-thumbnail","7":"category-uncategorized","8":"tag-115-godina-turizma","9":"tag-malinska","10":"tag-obljetnica","11":"tag-svjetski-dan-turizma","12":"tag-turizam-u-malinskoj"},"acf":[],"yoast_head":"<!-- This site is optimized with the Yoast SEO plugin v23.5 - https:\/\/yoast.com\/wordpress\/plugins\/seo\/ -->\n<title>Obele\u017eitev 115. obletnice turizma v Malinski in Svetovnega dneva turizma - TZO Malinska-Duba\u0161nica<\/title>\n<meta name=\"robots\" content=\"index, follow, max-snippet:-1, max-image-preview:large, max-video-preview:-1\" \/>\n<link rel=\"canonical\" href=\"https:\/\/www.visitmalinska.com\/obiljezavanje-115-godisnjice-turizma-u-malinskoj-i-svjetskog-dana-turizma\/\" \/>\n<meta property=\"og:locale\" content=\"sl_SI\" \/>\n<meta property=\"og:type\" content=\"article\" \/>\n<meta property=\"og:title\" content=\"{:hr}Svjetski dan turizma: &quot;Turizam i mir&quot;{:}{:en}World Tourism Day{:}{:de}Welttourismustag{:}{:it}Giornata Mondiale del Turismo{:}{:si}Obele\u017eitev 115. obletnice turizma v Malinski in Svetovnega dneva turizma{:} - TZO Malinska-Duba\u0161nica\" \/>\n<meta property=\"og:description\" content=\"[vc_row][vc_column][vc_column_text] Sredi\u0161\u010de Kvarnerja, kjer se kristalno \u010disto morje sre\u010da z bujno mediteransko vegetacijo, skriva \u010dudovito mestece z bogato zgodovino in...\" \/>\n<meta property=\"og:url\" content=\"https:\/\/www.visitmalinska.com\/obiljezavanje-115-godisnjice-turizma-u-malinskoj-i-svjetskog-dana-turizma\/\" \/>\n<meta property=\"og:site_name\" content=\"TZO Malinska-Duba\u0161nica\" \/>\n<meta property=\"article:publisher\" content=\"https:\/\/www.facebook.com\/Malinska.Island.Krk\/\" \/>\n<meta property=\"article:published_time\" content=\"2024-09-26T06:21:21+00:00\" \/>\n<meta property=\"article:modified_time\" content=\"2026-03-12T07:20:26+00:00\" \/>\n<meta property=\"og:image\" content=\"https:\/\/www.visitmalinska.com\/wp-content\/uploads\/2024\/09\/115-godina-turizma31.png\" \/>\n\t<meta property=\"og:image:width\" content=\"1920\" \/>\n\t<meta property=\"og:image:height\" content=\"1080\" \/>\n\t<meta property=\"og:image:type\" content=\"image\/png\" \/>\n<meta name=\"author\" content=\"malinska\" \/>\n<meta name=\"twitter:card\" content=\"summary_large_image\" \/>\n<meta name=\"twitter:label1\" content=\"Written by\" \/>\n\t<meta name=\"twitter:data1\" content=\"malinska\" \/>\n\t<meta name=\"twitter:label2\" content=\"Est. reading time\" \/>\n\t<meta name=\"twitter:data2\" content=\"2 minutes\" \/>\n<script type=\"application\/ld+json\" class=\"yoast-schema-graph\">{\"@context\":\"https:\/\/schema.org\",\"@graph\":[{\"@type\":\"Article\",\"@id\":\"https:\/\/www.visitmalinska.com\/obiljezavanje-115-godisnjice-turizma-u-malinskoj-i-svjetskog-dana-turizma\/#article\",\"isPartOf\":{\"@id\":\"https:\/\/www.visitmalinska.com\/obiljezavanje-115-godisnjice-turizma-u-malinskoj-i-svjetskog-dana-turizma\/\"},\"author\":{\"name\":\"malinska\",\"@id\":\"https:\/\/www.visitmalinska.com\/#\/schema\/person\/b9c1147dfe2084b3a08365febf5f5220\"},\"headline\":\"Obele\u017eitev 115. obletnice turizma v Malinski in Svetovnega dneva turizma\",\"datePublished\":\"2024-09-26T06:21:21+00:00\",\"dateModified\":\"2026-03-12T07:20:26+00:00\",\"mainEntityOfPage\":{\"@id\":\"https:\/\/www.visitmalinska.com\/obiljezavanje-115-godisnjice-turizma-u-malinskoj-i-svjetskog-dana-turizma\/\"},\"wordCount\":1556,\"publisher\":{\"@id\":\"https:\/\/www.visitmalinska.com\/#organization\"},\"image\":{\"@id\":\"https:\/\/www.visitmalinska.com\/obiljezavanje-115-godisnjice-turizma-u-malinskoj-i-svjetskog-dana-turizma\/#primaryimage\"},\"thumbnailUrl\":\"https:\/\/www.visitmalinska.com\/wp-content\/uploads\/2024\/09\/115-godina-turizma31.png\",\"keywords\":[\"115 godina turizma\",\"Malinska\",\"obljetnica\",\"Svjetski dan turizma\",\"Turizam u Malinskoj\"],\"inLanguage\":\"sl-SI\"},{\"@type\":\"WebPage\",\"@id\":\"https:\/\/www.visitmalinska.com\/obiljezavanje-115-godisnjice-turizma-u-malinskoj-i-svjetskog-dana-turizma\/\",\"url\":\"https:\/\/www.visitmalinska.com\/obiljezavanje-115-godisnjice-turizma-u-malinskoj-i-svjetskog-dana-turizma\/\",\"name\":\"{:hr}Svjetski dan turizma: \\\"Turizam i mir\\\"{:}{:en}World Tourism Day{:}{:de}Welttourismustag{:}{:it}Giornata Mondiale del Turismo{:}{:si}Obele\u017eitev 115. obletnice turizma v Malinski in Svetovnega dneva turizma{:} - TZO Malinska-Duba\u0161nica\",\"isPartOf\":{\"@id\":\"https:\/\/www.visitmalinska.com\/#website\"},\"primaryImageOfPage\":{\"@id\":\"https:\/\/www.visitmalinska.com\/obiljezavanje-115-godisnjice-turizma-u-malinskoj-i-svjetskog-dana-turizma\/#primaryimage\"},\"image\":{\"@id\":\"https:\/\/www.visitmalinska.com\/obiljezavanje-115-godisnjice-turizma-u-malinskoj-i-svjetskog-dana-turizma\/#primaryimage\"},\"thumbnailUrl\":\"https:\/\/www.visitmalinska.com\/wp-content\/uploads\/2024\/09\/115-godina-turizma31.png\",\"datePublished\":\"2024-09-26T06:21:21+00:00\",\"dateModified\":\"2026-03-12T07:20:26+00:00\",\"breadcrumb\":{\"@id\":\"https:\/\/www.visitmalinska.com\/obiljezavanje-115-godisnjice-turizma-u-malinskoj-i-svjetskog-dana-turizma\/#breadcrumb\"},\"inLanguage\":\"sl-SI\",\"potentialAction\":[{\"@type\":\"ReadAction\",\"target\":[\"https:\/\/www.visitmalinska.com\/obiljezavanje-115-godisnjice-turizma-u-malinskoj-i-svjetskog-dana-turizma\/\"]}]},{\"@type\":\"ImageObject\",\"inLanguage\":\"sl-SI\",\"@id\":\"https:\/\/www.visitmalinska.com\/obiljezavanje-115-godisnjice-turizma-u-malinskoj-i-svjetskog-dana-turizma\/#primaryimage\",\"url\":\"https:\/\/www.visitmalinska.com\/wp-content\/uploads\/2024\/09\/115-godina-turizma31.png\",\"contentUrl\":\"https:\/\/www.visitmalinska.com\/wp-content\/uploads\/2024\/09\/115-godina-turizma31.png\",\"width\":1920,\"height\":1080},{\"@type\":\"BreadcrumbList\",\"@id\":\"https:\/\/www.visitmalinska.com\/obiljezavanje-115-godisnjice-turizma-u-malinskoj-i-svjetskog-dana-turizma\/#breadcrumb\",\"itemListElement\":[{\"@type\":\"ListItem\",\"position\":1,\"name\":\"Po\u010detna stranica\",\"item\":\"https:\/\/www.visitmalinska.com\/\"},{\"@type\":\"ListItem\",\"position\":2,\"name\":\"Svjetski dan turizma: &#8220;Turizam i mir&#8221;\"}]},{\"@type\":\"WebSite\",\"@id\":\"https:\/\/www.visitmalinska.com\/#website\",\"url\":\"https:\/\/www.visitmalinska.com\/\",\"name\":\"TZO Malinska-Duba\u0161nica\",\"description\":\"\",\"publisher\":{\"@id\":\"https:\/\/www.visitmalinska.com\/#organization\"},\"potentialAction\":[{\"@type\":\"SearchAction\",\"target\":{\"@type\":\"EntryPoint\",\"urlTemplate\":\"https:\/\/www.visitmalinska.com\/?s={search_term_string}\"},\"query-input\":{\"@type\":\"PropertyValueSpecification\",\"valueRequired\":true,\"valueName\":\"search_term_string\"}}],\"inLanguage\":\"sl-SI\"},{\"@type\":\"Organization\",\"@id\":\"https:\/\/www.visitmalinska.com\/#organization\",\"name\":\"TZO Malinska - Duba\u0161nica\",\"url\":\"https:\/\/www.visitmalinska.com\/\",\"logo\":{\"@type\":\"ImageObject\",\"inLanguage\":\"sl-SI\",\"@id\":\"https:\/\/www.visitmalinska.com\/#\/schema\/logo\/image\/\",\"url\":\"https:\/\/www.visitmalinska.com\/wp-content\/uploads\/2019\/03\/malinska-logo-240.png\",\"contentUrl\":\"https:\/\/www.visitmalinska.com\/wp-content\/uploads\/2019\/03\/malinska-logo-240.png\",\"width\":1188,\"height\":241,\"caption\":\"TZO Malinska - Duba\u0161nica\"},\"image\":{\"@id\":\"https:\/\/www.visitmalinska.com\/#\/schema\/logo\/image\/\"},\"sameAs\":[\"https:\/\/www.facebook.com\/Malinska.Island.Krk\/\",\"https:\/\/www.instagram.com\/visitmalinska\/\"]},{\"@type\":\"Person\",\"@id\":\"https:\/\/www.visitmalinska.com\/#\/schema\/person\/b9c1147dfe2084b3a08365febf5f5220\",\"name\":\"malinska\",\"image\":{\"@type\":\"ImageObject\",\"inLanguage\":\"sl-SI\",\"@id\":\"https:\/\/www.visitmalinska.com\/#\/schema\/person\/image\/\",\"url\":\"https:\/\/secure.gravatar.com\/avatar\/ac515a9cf3cc312df7b828fd8023a34546d60e401ca285ebf9d6ffa994fe93c7?s=96&d=mm&r=g\",\"contentUrl\":\"https:\/\/secure.gravatar.com\/avatar\/ac515a9cf3cc312df7b828fd8023a34546d60e401ca285ebf9d6ffa994fe93c7?s=96&d=mm&r=g\",\"caption\":\"malinska\"},\"url\":\"https:\/\/www.visitmalinska.com\/si\/author\/malinska\/\"}]}<\/script>\n<!-- \/ Yoast SEO plugin. -->","yoast_head_json":{"title":"Obele\u017eitev 115. obletnice turizma v Malinski in Svetovnega dneva turizma - TZO Malinska-Duba\u0161nica","robots":{"index":"index","follow":"follow","max-snippet":"max-snippet:-1","max-image-preview":"max-image-preview:large","max-video-preview":"max-video-preview:-1"},"canonical":"https:\/\/www.visitmalinska.com\/obiljezavanje-115-godisnjice-turizma-u-malinskoj-i-svjetskog-dana-turizma\/","og_locale":"sl_SI","og_type":"article","og_title":"{:hr}Svjetski dan turizma: \"Turizam i mir\"{:}{:en}World Tourism Day{:}{:de}Welttourismustag{:}{:it}Giornata Mondiale del Turismo{:}{:si}Obele\u017eitev 115. obletnice turizma v Malinski in Svetovnega dneva turizma{:} - TZO Malinska-Duba\u0161nica","og_description":"[vc_row][vc_column][vc_column_text] Sredi\u0161\u010de Kvarnerja, kjer se kristalno \u010disto morje sre\u010da z bujno mediteransko vegetacijo, skriva \u010dudovito mestece z bogato zgodovino in...","og_url":"https:\/\/www.visitmalinska.com\/obiljezavanje-115-godisnjice-turizma-u-malinskoj-i-svjetskog-dana-turizma\/","og_site_name":"TZO Malinska-Duba\u0161nica","article_publisher":"https:\/\/www.facebook.com\/Malinska.Island.Krk\/","article_published_time":"2024-09-26T06:21:21+00:00","article_modified_time":"2026-03-12T07:20:26+00:00","og_image":[{"width":1920,"height":1080,"url":"https:\/\/www.visitmalinska.com\/wp-content\/uploads\/2024\/09\/115-godina-turizma31.png","type":"image\/png"}],"author":"malinska","twitter_card":"summary_large_image","twitter_misc":{"Written by":"malinska","Est. reading time":"2 minutes"},"schema":{"@context":"https:\/\/schema.org","@graph":[{"@type":"Article","@id":"https:\/\/www.visitmalinska.com\/obiljezavanje-115-godisnjice-turizma-u-malinskoj-i-svjetskog-dana-turizma\/#article","isPartOf":{"@id":"https:\/\/www.visitmalinska.com\/obiljezavanje-115-godisnjice-turizma-u-malinskoj-i-svjetskog-dana-turizma\/"},"author":{"name":"malinska","@id":"https:\/\/www.visitmalinska.com\/#\/schema\/person\/b9c1147dfe2084b3a08365febf5f5220"},"headline":"Obele\u017eitev 115. obletnice turizma v Malinski in Svetovnega dneva turizma","datePublished":"2024-09-26T06:21:21+00:00","dateModified":"2026-03-12T07:20:26+00:00","mainEntityOfPage":{"@id":"https:\/\/www.visitmalinska.com\/obiljezavanje-115-godisnjice-turizma-u-malinskoj-i-svjetskog-dana-turizma\/"},"wordCount":1556,"publisher":{"@id":"https:\/\/www.visitmalinska.com\/#organization"},"image":{"@id":"https:\/\/www.visitmalinska.com\/obiljezavanje-115-godisnjice-turizma-u-malinskoj-i-svjetskog-dana-turizma\/#primaryimage"},"thumbnailUrl":"https:\/\/www.visitmalinska.com\/wp-content\/uploads\/2024\/09\/115-godina-turizma31.png","keywords":["115 godina turizma","Malinska","obljetnica","Svjetski dan turizma","Turizam u Malinskoj"],"inLanguage":"sl-SI"},{"@type":"WebPage","@id":"https:\/\/www.visitmalinska.com\/obiljezavanje-115-godisnjice-turizma-u-malinskoj-i-svjetskog-dana-turizma\/","url":"https:\/\/www.visitmalinska.com\/obiljezavanje-115-godisnjice-turizma-u-malinskoj-i-svjetskog-dana-turizma\/","name":"{:hr}Svjetski dan turizma: \"Turizam i mir\"{:}{:en}World Tourism Day{:}{:de}Welttourismustag{:}{:it}Giornata Mondiale del Turismo{:}{:si}Obele\u017eitev 115. obletnice turizma v Malinski in Svetovnega dneva turizma{:} - TZO Malinska-Duba\u0161nica","isPartOf":{"@id":"https:\/\/www.visitmalinska.com\/#website"},"primaryImageOfPage":{"@id":"https:\/\/www.visitmalinska.com\/obiljezavanje-115-godisnjice-turizma-u-malinskoj-i-svjetskog-dana-turizma\/#primaryimage"},"image":{"@id":"https:\/\/www.visitmalinska.com\/obiljezavanje-115-godisnjice-turizma-u-malinskoj-i-svjetskog-dana-turizma\/#primaryimage"},"thumbnailUrl":"https:\/\/www.visitmalinska.com\/wp-content\/uploads\/2024\/09\/115-godina-turizma31.png","datePublished":"2024-09-26T06:21:21+00:00","dateModified":"2026-03-12T07:20:26+00:00","breadcrumb":{"@id":"https:\/\/www.visitmalinska.com\/obiljezavanje-115-godisnjice-turizma-u-malinskoj-i-svjetskog-dana-turizma\/#breadcrumb"},"inLanguage":"sl-SI","potentialAction":[{"@type":"ReadAction","target":["https:\/\/www.visitmalinska.com\/obiljezavanje-115-godisnjice-turizma-u-malinskoj-i-svjetskog-dana-turizma\/"]}]},{"@type":"ImageObject","inLanguage":"sl-SI","@id":"https:\/\/www.visitmalinska.com\/obiljezavanje-115-godisnjice-turizma-u-malinskoj-i-svjetskog-dana-turizma\/#primaryimage","url":"https:\/\/www.visitmalinska.com\/wp-content\/uploads\/2024\/09\/115-godina-turizma31.png","contentUrl":"https:\/\/www.visitmalinska.com\/wp-content\/uploads\/2024\/09\/115-godina-turizma31.png","width":1920,"height":1080},{"@type":"BreadcrumbList","@id":"https:\/\/www.visitmalinska.com\/obiljezavanje-115-godisnjice-turizma-u-malinskoj-i-svjetskog-dana-turizma\/#breadcrumb","itemListElement":[{"@type":"ListItem","position":1,"name":"Po\u010detna stranica","item":"https:\/\/www.visitmalinska.com\/"},{"@type":"ListItem","position":2,"name":"Svjetski dan turizma: &#8220;Turizam i mir&#8221;"}]},{"@type":"WebSite","@id":"https:\/\/www.visitmalinska.com\/#website","url":"https:\/\/www.visitmalinska.com\/","name":"TZO Malinska-Duba\u0161nica","description":"","publisher":{"@id":"https:\/\/www.visitmalinska.com\/#organization"},"potentialAction":[{"@type":"SearchAction","target":{"@type":"EntryPoint","urlTemplate":"https:\/\/www.visitmalinska.com\/?s={search_term_string}"},"query-input":{"@type":"PropertyValueSpecification","valueRequired":true,"valueName":"search_term_string"}}],"inLanguage":"sl-SI"},{"@type":"Organization","@id":"https:\/\/www.visitmalinska.com\/#organization","name":"TZO Malinska - Duba\u0161nica","url":"https:\/\/www.visitmalinska.com\/","logo":{"@type":"ImageObject","inLanguage":"sl-SI","@id":"https:\/\/www.visitmalinska.com\/#\/schema\/logo\/image\/","url":"https:\/\/www.visitmalinska.com\/wp-content\/uploads\/2019\/03\/malinska-logo-240.png","contentUrl":"https:\/\/www.visitmalinska.com\/wp-content\/uploads\/2019\/03\/malinska-logo-240.png","width":1188,"height":241,"caption":"TZO Malinska - Duba\u0161nica"},"image":{"@id":"https:\/\/www.visitmalinska.com\/#\/schema\/logo\/image\/"},"sameAs":["https:\/\/www.facebook.com\/Malinska.Island.Krk\/","https:\/\/www.instagram.com\/visitmalinska\/"]},{"@type":"Person","@id":"https:\/\/www.visitmalinska.com\/#\/schema\/person\/b9c1147dfe2084b3a08365febf5f5220","name":"malinska","image":{"@type":"ImageObject","inLanguage":"sl-SI","@id":"https:\/\/www.visitmalinska.com\/#\/schema\/person\/image\/","url":"https:\/\/secure.gravatar.com\/avatar\/ac515a9cf3cc312df7b828fd8023a34546d60e401ca285ebf9d6ffa994fe93c7?s=96&d=mm&r=g","contentUrl":"https:\/\/secure.gravatar.com\/avatar\/ac515a9cf3cc312df7b828fd8023a34546d60e401ca285ebf9d6ffa994fe93c7?s=96&d=mm&r=g","caption":"malinska"},"url":"https:\/\/www.visitmalinska.com\/si\/author\/malinska\/"}]}},"_links":{"self":[{"href":"https:\/\/www.visitmalinska.com\/si\/wp-json\/wp\/v2\/posts\/40703","targetHints":{"allow":["GET"]}}],"collection":[{"href":"https:\/\/www.visitmalinska.com\/si\/wp-json\/wp\/v2\/posts"}],"about":[{"href":"https:\/\/www.visitmalinska.com\/si\/wp-json\/wp\/v2\/types\/post"}],"author":[{"embeddable":true,"href":"https:\/\/www.visitmalinska.com\/si\/wp-json\/wp\/v2\/users\/2"}],"replies":[{"embeddable":true,"href":"https:\/\/www.visitmalinska.com\/si\/wp-json\/wp\/v2\/comments?post=40703"}],"version-history":[{"count":16,"href":"https:\/\/www.visitmalinska.com\/si\/wp-json\/wp\/v2\/posts\/40703\/revisions"}],"predecessor-version":[{"id":43050,"href":"https:\/\/www.visitmalinska.com\/si\/wp-json\/wp\/v2\/posts\/40703\/revisions\/43050"}],"wp:featuredmedia":[{"embeddable":true,"href":"https:\/\/www.visitmalinska.com\/si\/wp-json\/wp\/v2\/media\/40704"}],"wp:attachment":[{"href":"https:\/\/www.visitmalinska.com\/si\/wp-json\/wp\/v2\/media?parent=40703"}],"wp:term":[{"taxonomy":"category","embeddable":true,"href":"https:\/\/www.visitmalinska.com\/si\/wp-json\/wp\/v2\/categories?post=40703"},{"taxonomy":"post_tag","embeddable":true,"href":"https:\/\/www.visitmalinska.com\/si\/wp-json\/wp\/v2\/tags?post=40703"}],"curies":[{"name":"wp","href":"https:\/\/api.w.org\/{rel}","templated":true}]}}