{"id":39919,"date":"2024-03-29T12:33:21","date_gmt":"2024-03-29T10:33:21","guid":{"rendered":"https:\/\/www.visitmalinska.com\/?p=39919"},"modified":"2026-02-20T12:17:26","modified_gmt":"2026-02-20T10:17:26","slug":"proljetni-predah-u-malinskoj","status":"publish","type":"post","link":"https:\/\/www.visitmalinska.com\/si\/proljetni-predah-u-malinskoj\/","title":{"rendered":"Spomladanski oddih v Malinski"},"content":{"rendered":"<p>[vc_row][vc_column][vc_column_text]<img loading=\"lazy\" decoding=\"async\" class=\"aligncenter wp-image-39943 size-large\" src=\"https:\/\/www.visitmalinska.com\/wp-content\/uploads\/2024\/03\/Spomladanski-oddih-v-Malinski-1024x363.png\" alt=\"\" width=\"1024\" height=\"363\" srcset=\"https:\/\/www.visitmalinska.com\/wp-content\/uploads\/2024\/03\/Spomladanski-oddih-v-Malinski-1024x363.png 1024w, https:\/\/www.visitmalinska.com\/wp-content\/uploads\/2024\/03\/Spomladanski-oddih-v-Malinski-300x106.png 300w, https:\/\/www.visitmalinska.com\/wp-content\/uploads\/2024\/03\/Spomladanski-oddih-v-Malinski-768x272.png 768w, https:\/\/www.visitmalinska.com\/wp-content\/uploads\/2024\/03\/Spomladanski-oddih-v-Malinski-1536x544.png 1536w, https:\/\/www.visitmalinska.com\/wp-content\/uploads\/2024\/03\/Spomladanski-oddih-v-Malinski.png 1920w\" sizes=\"auto, (max-width: 1024px) 100vw, 1024px\" \/><\/p>\n<p>Vdihnite pomlad v Malinski ter odkrijte naravne lepote in posebnosti duba\u0161ljanskih gozdov. Med \u00a0bivanjem v naravi se seznanite z zgodovino in tradicijo kraja ter u\u017eivajte vonjavah in okusih lokalne gastronomije, nekatere izmed specialitet pa se nau\u010dite pripraviti tudi sami![\/vc_column_text][\/vc_column][\/vc_row][vc_row][vc_column][vc_column_text]<\/p>\n<h6><strong>Petek, 12.04., 19.04., 26.04., 03.05.<br \/>\n<\/strong><\/h6>\n<ul>\n<li><strong>18.00\u00a0\u00a0 Glagolska kaligrafija ob sve\u010dah in vinu <\/strong>(Interpretativni center DUBoak) \u2013 Delavnica pisanja glagolice s \u010drnilom in peresom v edinstvenem vzdu\u0161ju in ob degustaciji oto\u0161kega vina.<br \/>\nTrajanje delavnice: 1.30 h<\/li>\n<\/ul>\n<p>&nbsp;<\/p>\n<h6><strong>Sobota, 13.04., 20.04., 27.04., 04.05.<br \/>\n<\/strong><\/h6>\n<ul>\n<li><strong>9.00<\/strong>\u00a0\u00a0 <strong>\u00bbDrmun \u2013 kr\u0161ki fenomen<\/strong>\u00ab<br \/>\nVoden interpretativni sprehod, kjer vas popeljemo po stezah skalnatega hrastovega gozda, prepredenega s stoletnimi suhimi zidovi, in vam razkrijemo zgodbo o preteklih \u010dasih, ko je bil gozd temelj gospodarskega in duhovnega \u017eivljenja otoka. V sklopu sprehoda si boste ogledali tudi Interpretativni center \u00bbDUBoak\u00ab.<br \/>\nTrajanje sprehoda: 2 h<\/li>\n<\/ul>\n<p>&nbsp;<\/p>\n<ul>\n<li><strong>16.00\u00a0\u00a0 Delavnica izdelave <em>\u0161urlic<\/em><\/strong><strong><em><br \/>\n<\/em><\/strong>Nau\u010dite se pripraviti najbolj znano jed na otoku \u2013 ro\u010dno izdelano testenino otoka Krka, ki jo tudi danes pripravljajo ob pomembnih prilo\u017enostih ter je del tradicije vsake kr\u0161ke dru\u017eine.<br \/>\nTrajanje delavnice: 45 min<\/li>\n<\/ul>\n<p>&nbsp;<\/p>\n<ul>\n<li><strong>17.00 \u2013 21.00<\/strong> \u00bb<strong>Okusi otoka Krka\u00ab<\/strong><br \/>\nPredstavitev doma\u010dih oto\u0161kih izdelkov, delavnica vezanja mornarskih vozlov in prikaz soljenja ribe na tradicionalen na\u010din ob zabavnem glasbenem programu.<\/li>\n<\/ul>\n<p>&nbsp;<\/p>\n<h6><strong>Nedelja<\/strong><strong>, 14.04., 21.04., 28.04., 05.05.<\/strong><\/h6>\n<ul>\n<li><strong>10.00<\/strong> <strong>\u00bbCickini in Sr\u0161i\u0107\u00ab<br \/>\n<\/strong>Voden interpretativni sprehod do zapu\u0161\u010dene vasi Sr\u0161i\u0107 in arheolo\u0161kega najdi\u0161\u010da Cickini, zna\u010dilnega za pozno antiko in obdobje zgodnjega kr\u0161\u010danstva na otoku Krku. Po ogledu najdi\u0161\u010da bomo obiskali arheolo\u0161ko zbirko Cickini z dragocenimi ostanki istoimenskega najdi\u0161\u010da.<br \/>\nTrajanje sprehoda: 2 h<\/li>\n<\/ul>\n<p>&nbsp;<\/p>\n<h6>cena paketa: 35,00 \u20ac po osebi<\/h6>\n<p>[\/vc_column_text][vc_column_text]<\/p>\n<h5>INFO &#038; REZERVACIJE:<\/h5>\n<p>[\/vc_column_text][vc_column_text]Interpretativni center pomorske dedi\u0161\u010dine DUBoak <img loading=\"lazy\" decoding=\"async\" class=\"size-medium wp-image-37788 alignright\" src=\"https:\/\/www.visitmalinska.com\/wp-content\/uploads\/2022\/09\/DUBoak_statisti_nocne_F-Media_230522-44-300x200.jpg\" alt=\"\" width=\"300\" height=\"200\" srcset=\"https:\/\/www.visitmalinska.com\/wp-content\/uploads\/2022\/09\/DUBoak_statisti_nocne_F-Media_230522-44-300x200.jpg 300w, https:\/\/www.visitmalinska.com\/wp-content\/uploads\/2022\/09\/DUBoak_statisti_nocne_F-Media_230522-44-768x512.jpg 768w, https:\/\/www.visitmalinska.com\/wp-content\/uploads\/2022\/09\/DUBoak_statisti_nocne_F-Media_230522-44-1024x683.jpg 1024w\" sizes=\"auto, (max-width: 300px) 100vw, 300px\" \/><br \/>\nObala 21b, 51511 Malinska<br \/>\n<a href=\"http:\/\/www.duboak.org\">www.duboak.org<\/a><br \/>\nig: <a href=\"https:\/\/www.instagram.com\/duboak.malinska\/\">duboak.malinska<\/a><br \/>\nfb: <a href=\"https:\/\/www.facebook.com\/DUBoak\">DUBoak<\/a><br \/>\ne-mail: <a href=\"mailto:duboak@malinska.hr\">duboak@malinska.hr<\/a><br \/>\ntel: +385 91 621 4304[\/vc_column_text][\/vc_column][\/vc_row][vc_row][vc_column][vc_column_text]<\/p>\n<h4>PROJEKTni PARTNERji<\/h4>\n<p>[\/vc_column_text][\/vc_column][\/vc_row][vc_row][vc_column width=&#8221;1\/3&#8243;][vc_column_text]<\/p>\n<h6>hotel Blue Waves Resort<\/h6>\n<p>Rova 33<br \/>\n51511 Malinska<br \/>\nTel: +385 51 654 002<br \/>\ne-mail: <a href=\"mailto:sales@bluewaves.hr\">sales@bluewaves.hr<\/a>[\/vc_column_text][vc_btn title=&#8221;Posebna ponudba&#8221; color=&#8221;vista-blue&#8221; link=&#8221;url:https%3A%2F%2Fbluewaves.hr%2Fposebne-ponude%2F||target:%20_blank|&#8221;][\/vc_column][vc_column width=&#8221;1\/3&#8243;][vc_column_text]<\/p>\n<h6>Hotel Malin<\/h6>\n<p>Kralja Tomislava 23<br \/>\n51511 Malinska<br \/>\nTel: +385 51 850 234<br \/>\ne-mail: <a href=\"mailto:sales@hotelmalin.com\">sales@hotelmalin.com<\/a>[\/vc_column_text][vc_btn title=&#8221;Posebna ponudba&#8221; color=&#8221;vista-blue&#8221; link=&#8221;url:https%3A%2F%2Fmalin-krk.com%2Fproljece-u-malinskoj-uz-kaligrafiju-i-vodene-setnje%2F||target:%20_blank|&#8221;][\/vc_column][vc_column width=&#8221;1\/3&#8243;][vc_column_text]<\/p>\n<h6>HOTEL VILA ROVA<\/h6>\n<p>Rova 28<br \/>\n51511 Malinska<br \/>\nTel.: +385 51 866 100<br \/>\ne-mail: <a href=\"mailto:info@hotel-vila-rova.com\">info@hotel-vila-rova.com<\/a>[\/vc_column_text][\/vc_column][\/vc_row][vc_row][vc_column][\/vc_column][\/vc_row]<\/p>\n","protected":false},"excerpt":{"rendered":"<p>[vc_row][vc_column][vc_column_text] Vdihnite pomlad v Malinski ter odkrijte naravne lepote in posebnosti duba\u0161ljanskih gozdov. Med \u00a0bivanjem v naravi se seznanite z&#8230;<\/p>\n","protected":false},"author":2,"featured_media":39939,"comment_status":"closed","ping_status":"closed","sticky":false,"template":"","format":"standard","meta":{"footnotes":""},"categories":[1],"tags":[1081,1087,1086,1085],"class_list":{"0":"post-39919","1":"post","2":"type-post","3":"status-publish","4":"format-standard","5":"has-post-thumbnail","7":"category-uncategorized","8":"tag-12-4-5-5-2024","9":"tag-proljece","10":"tag-proljetni-predah","11":"tag-spomladanski-oddih"},"acf":[],"yoast_head":"<!-- This site is optimized with the Yoast SEO plugin v23.5 - https:\/\/yoast.com\/wordpress\/plugins\/seo\/ -->\n<title>Spomladanski oddih v Malinski - TZO Malinska-Duba\u0161nica<\/title>\n<meta name=\"robots\" content=\"index, follow, max-snippet:-1, max-image-preview:large, max-video-preview:-1\" \/>\n<link rel=\"canonical\" href=\"https:\/\/www.visitmalinska.com\/proljetni-predah-u-malinskoj\/\" \/>\n<meta property=\"og:locale\" content=\"sl_SI\" \/>\n<meta property=\"og:type\" content=\"article\" \/>\n<meta property=\"og:title\" content=\"{:hr}Proljetni predah u Malinskoj{:}{:si}Spomladanski oddih v Malinski{:} - TZO Malinska-Duba\u0161nica\" \/>\n<meta property=\"og:description\" content=\"[vc_row][vc_column][vc_column_text] Vdihnite pomlad v Malinski ter odkrijte naravne lepote in posebnosti duba\u0161ljanskih gozdov. Med \u00a0bivanjem v naravi se seznanite z...\" \/>\n<meta property=\"og:url\" content=\"https:\/\/www.visitmalinska.com\/proljetni-predah-u-malinskoj\/\" \/>\n<meta property=\"og:site_name\" content=\"TZO Malinska-Duba\u0161nica\" \/>\n<meta property=\"article:publisher\" content=\"https:\/\/www.facebook.com\/Malinska.Island.Krk\/\" \/>\n<meta property=\"article:published_time\" content=\"2024-03-29T10:33:21+00:00\" \/>\n<meta property=\"article:modified_time\" content=\"2026-02-20T10:17:26+00:00\" \/>\n<meta property=\"og:image\" content=\"https:\/\/www.visitmalinska.com\/wp-content\/uploads\/2024\/03\/proljetni-predah2024-fbcover.jpg\" \/>\n\t<meta property=\"og:image:width\" content=\"1708\" \/>\n\t<meta property=\"og:image:height\" content=\"650\" \/>\n\t<meta property=\"og:image:type\" content=\"image\/jpeg\" \/>\n<meta name=\"author\" content=\"malinska\" \/>\n<meta name=\"twitter:card\" content=\"summary_large_image\" \/>\n<meta name=\"twitter:label1\" content=\"Written by\" \/>\n\t<meta name=\"twitter:data1\" content=\"malinska\" \/>\n\t<meta name=\"twitter:label2\" content=\"Est. reading time\" \/>\n\t<meta name=\"twitter:data2\" content=\"3 minutes\" \/>\n<script type=\"application\/ld+json\" class=\"yoast-schema-graph\">{\"@context\":\"https:\/\/schema.org\",\"@graph\":[{\"@type\":\"Article\",\"@id\":\"https:\/\/www.visitmalinska.com\/proljetni-predah-u-malinskoj\/#article\",\"isPartOf\":{\"@id\":\"https:\/\/www.visitmalinska.com\/proljetni-predah-u-malinskoj\/\"},\"author\":{\"name\":\"malinska\",\"@id\":\"https:\/\/www.visitmalinska.com\/#\/schema\/person\/b9c1147dfe2084b3a08365febf5f5220\"},\"headline\":\"Spomladanski oddih v Malinski\",\"datePublished\":\"2024-03-29T10:33:21+00:00\",\"dateModified\":\"2026-02-20T10:17:26+00:00\",\"mainEntityOfPage\":{\"@id\":\"https:\/\/www.visitmalinska.com\/proljetni-predah-u-malinskoj\/\"},\"wordCount\":1013,\"publisher\":{\"@id\":\"https:\/\/www.visitmalinska.com\/#organization\"},\"image\":{\"@id\":\"https:\/\/www.visitmalinska.com\/proljetni-predah-u-malinskoj\/#primaryimage\"},\"thumbnailUrl\":\"https:\/\/www.visitmalinska.com\/wp-content\/uploads\/2024\/03\/proljetni-predah2024-fbcover.jpg\",\"keywords\":[\"12.4.-5.5.2024.\",\"prolje\u0107e\",\"proljetni predah\",\"spomladanski oddih\"],\"inLanguage\":\"sl-SI\"},{\"@type\":\"WebPage\",\"@id\":\"https:\/\/www.visitmalinska.com\/proljetni-predah-u-malinskoj\/\",\"url\":\"https:\/\/www.visitmalinska.com\/proljetni-predah-u-malinskoj\/\",\"name\":\"{:hr}Proljetni predah u Malinskoj{:}{:si}Spomladanski oddih v Malinski{:} - TZO Malinska-Duba\u0161nica\",\"isPartOf\":{\"@id\":\"https:\/\/www.visitmalinska.com\/#website\"},\"primaryImageOfPage\":{\"@id\":\"https:\/\/www.visitmalinska.com\/proljetni-predah-u-malinskoj\/#primaryimage\"},\"image\":{\"@id\":\"https:\/\/www.visitmalinska.com\/proljetni-predah-u-malinskoj\/#primaryimage\"},\"thumbnailUrl\":\"https:\/\/www.visitmalinska.com\/wp-content\/uploads\/2024\/03\/proljetni-predah2024-fbcover.jpg\",\"datePublished\":\"2024-03-29T10:33:21+00:00\",\"dateModified\":\"2026-02-20T10:17:26+00:00\",\"breadcrumb\":{\"@id\":\"https:\/\/www.visitmalinska.com\/proljetni-predah-u-malinskoj\/#breadcrumb\"},\"inLanguage\":\"sl-SI\",\"potentialAction\":[{\"@type\":\"ReadAction\",\"target\":[\"https:\/\/www.visitmalinska.com\/proljetni-predah-u-malinskoj\/\"]}]},{\"@type\":\"ImageObject\",\"inLanguage\":\"sl-SI\",\"@id\":\"https:\/\/www.visitmalinska.com\/proljetni-predah-u-malinskoj\/#primaryimage\",\"url\":\"https:\/\/www.visitmalinska.com\/wp-content\/uploads\/2024\/03\/proljetni-predah2024-fbcover.jpg\",\"contentUrl\":\"https:\/\/www.visitmalinska.com\/wp-content\/uploads\/2024\/03\/proljetni-predah2024-fbcover.jpg\",\"width\":1708,\"height\":650},{\"@type\":\"BreadcrumbList\",\"@id\":\"https:\/\/www.visitmalinska.com\/proljetni-predah-u-malinskoj\/#breadcrumb\",\"itemListElement\":[{\"@type\":\"ListItem\",\"position\":1,\"name\":\"Po\u010detna stranica\",\"item\":\"https:\/\/www.visitmalinska.com\/\"},{\"@type\":\"ListItem\",\"position\":2,\"name\":\"Proljetni predah u Malinskoj\"}]},{\"@type\":\"WebSite\",\"@id\":\"https:\/\/www.visitmalinska.com\/#website\",\"url\":\"https:\/\/www.visitmalinska.com\/\",\"name\":\"TZO Malinska-Duba\u0161nica\",\"description\":\"\",\"publisher\":{\"@id\":\"https:\/\/www.visitmalinska.com\/#organization\"},\"potentialAction\":[{\"@type\":\"SearchAction\",\"target\":{\"@type\":\"EntryPoint\",\"urlTemplate\":\"https:\/\/www.visitmalinska.com\/?s={search_term_string}\"},\"query-input\":{\"@type\":\"PropertyValueSpecification\",\"valueRequired\":true,\"valueName\":\"search_term_string\"}}],\"inLanguage\":\"sl-SI\"},{\"@type\":\"Organization\",\"@id\":\"https:\/\/www.visitmalinska.com\/#organization\",\"name\":\"TZO Malinska - Duba\u0161nica\",\"url\":\"https:\/\/www.visitmalinska.com\/\",\"logo\":{\"@type\":\"ImageObject\",\"inLanguage\":\"sl-SI\",\"@id\":\"https:\/\/www.visitmalinska.com\/#\/schema\/logo\/image\/\",\"url\":\"https:\/\/www.visitmalinska.com\/wp-content\/uploads\/2019\/03\/malinska-logo-240.png\",\"contentUrl\":\"https:\/\/www.visitmalinska.com\/wp-content\/uploads\/2019\/03\/malinska-logo-240.png\",\"width\":1188,\"height\":241,\"caption\":\"TZO Malinska - Duba\u0161nica\"},\"image\":{\"@id\":\"https:\/\/www.visitmalinska.com\/#\/schema\/logo\/image\/\"},\"sameAs\":[\"https:\/\/www.facebook.com\/Malinska.Island.Krk\/\",\"https:\/\/www.instagram.com\/visitmalinska\/\"]},{\"@type\":\"Person\",\"@id\":\"https:\/\/www.visitmalinska.com\/#\/schema\/person\/b9c1147dfe2084b3a08365febf5f5220\",\"name\":\"malinska\",\"image\":{\"@type\":\"ImageObject\",\"inLanguage\":\"sl-SI\",\"@id\":\"https:\/\/www.visitmalinska.com\/#\/schema\/person\/image\/\",\"url\":\"https:\/\/secure.gravatar.com\/avatar\/ac515a9cf3cc312df7b828fd8023a34546d60e401ca285ebf9d6ffa994fe93c7?s=96&d=mm&r=g\",\"contentUrl\":\"https:\/\/secure.gravatar.com\/avatar\/ac515a9cf3cc312df7b828fd8023a34546d60e401ca285ebf9d6ffa994fe93c7?s=96&d=mm&r=g\",\"caption\":\"malinska\"},\"url\":\"https:\/\/www.visitmalinska.com\/si\/author\/malinska\/\"}]}<\/script>\n<!-- \/ Yoast SEO plugin. -->","yoast_head_json":{"title":"Spomladanski oddih v Malinski - TZO Malinska-Duba\u0161nica","robots":{"index":"index","follow":"follow","max-snippet":"max-snippet:-1","max-image-preview":"max-image-preview:large","max-video-preview":"max-video-preview:-1"},"canonical":"https:\/\/www.visitmalinska.com\/proljetni-predah-u-malinskoj\/","og_locale":"sl_SI","og_type":"article","og_title":"{:hr}Proljetni predah u Malinskoj{:}{:si}Spomladanski oddih v Malinski{:} - TZO Malinska-Duba\u0161nica","og_description":"[vc_row][vc_column][vc_column_text] Vdihnite pomlad v Malinski ter odkrijte naravne lepote in posebnosti duba\u0161ljanskih gozdov. Med \u00a0bivanjem v naravi se seznanite z...","og_url":"https:\/\/www.visitmalinska.com\/proljetni-predah-u-malinskoj\/","og_site_name":"TZO Malinska-Duba\u0161nica","article_publisher":"https:\/\/www.facebook.com\/Malinska.Island.Krk\/","article_published_time":"2024-03-29T10:33:21+00:00","article_modified_time":"2026-02-20T10:17:26+00:00","og_image":[{"width":1708,"height":650,"url":"https:\/\/www.visitmalinska.com\/wp-content\/uploads\/2024\/03\/proljetni-predah2024-fbcover.jpg","type":"image\/jpeg"}],"author":"malinska","twitter_card":"summary_large_image","twitter_misc":{"Written by":"malinska","Est. reading time":"3 minutes"},"schema":{"@context":"https:\/\/schema.org","@graph":[{"@type":"Article","@id":"https:\/\/www.visitmalinska.com\/proljetni-predah-u-malinskoj\/#article","isPartOf":{"@id":"https:\/\/www.visitmalinska.com\/proljetni-predah-u-malinskoj\/"},"author":{"name":"malinska","@id":"https:\/\/www.visitmalinska.com\/#\/schema\/person\/b9c1147dfe2084b3a08365febf5f5220"},"headline":"Spomladanski oddih v Malinski","datePublished":"2024-03-29T10:33:21+00:00","dateModified":"2026-02-20T10:17:26+00:00","mainEntityOfPage":{"@id":"https:\/\/www.visitmalinska.com\/proljetni-predah-u-malinskoj\/"},"wordCount":1013,"publisher":{"@id":"https:\/\/www.visitmalinska.com\/#organization"},"image":{"@id":"https:\/\/www.visitmalinska.com\/proljetni-predah-u-malinskoj\/#primaryimage"},"thumbnailUrl":"https:\/\/www.visitmalinska.com\/wp-content\/uploads\/2024\/03\/proljetni-predah2024-fbcover.jpg","keywords":["12.4.-5.5.2024.","prolje\u0107e","proljetni predah","spomladanski oddih"],"inLanguage":"sl-SI"},{"@type":"WebPage","@id":"https:\/\/www.visitmalinska.com\/proljetni-predah-u-malinskoj\/","url":"https:\/\/www.visitmalinska.com\/proljetni-predah-u-malinskoj\/","name":"{:hr}Proljetni predah u Malinskoj{:}{:si}Spomladanski oddih v Malinski{:} - TZO Malinska-Duba\u0161nica","isPartOf":{"@id":"https:\/\/www.visitmalinska.com\/#website"},"primaryImageOfPage":{"@id":"https:\/\/www.visitmalinska.com\/proljetni-predah-u-malinskoj\/#primaryimage"},"image":{"@id":"https:\/\/www.visitmalinska.com\/proljetni-predah-u-malinskoj\/#primaryimage"},"thumbnailUrl":"https:\/\/www.visitmalinska.com\/wp-content\/uploads\/2024\/03\/proljetni-predah2024-fbcover.jpg","datePublished":"2024-03-29T10:33:21+00:00","dateModified":"2026-02-20T10:17:26+00:00","breadcrumb":{"@id":"https:\/\/www.visitmalinska.com\/proljetni-predah-u-malinskoj\/#breadcrumb"},"inLanguage":"sl-SI","potentialAction":[{"@type":"ReadAction","target":["https:\/\/www.visitmalinska.com\/proljetni-predah-u-malinskoj\/"]}]},{"@type":"ImageObject","inLanguage":"sl-SI","@id":"https:\/\/www.visitmalinska.com\/proljetni-predah-u-malinskoj\/#primaryimage","url":"https:\/\/www.visitmalinska.com\/wp-content\/uploads\/2024\/03\/proljetni-predah2024-fbcover.jpg","contentUrl":"https:\/\/www.visitmalinska.com\/wp-content\/uploads\/2024\/03\/proljetni-predah2024-fbcover.jpg","width":1708,"height":650},{"@type":"BreadcrumbList","@id":"https:\/\/www.visitmalinska.com\/proljetni-predah-u-malinskoj\/#breadcrumb","itemListElement":[{"@type":"ListItem","position":1,"name":"Po\u010detna stranica","item":"https:\/\/www.visitmalinska.com\/"},{"@type":"ListItem","position":2,"name":"Proljetni predah u Malinskoj"}]},{"@type":"WebSite","@id":"https:\/\/www.visitmalinska.com\/#website","url":"https:\/\/www.visitmalinska.com\/","name":"TZO Malinska-Duba\u0161nica","description":"","publisher":{"@id":"https:\/\/www.visitmalinska.com\/#organization"},"potentialAction":[{"@type":"SearchAction","target":{"@type":"EntryPoint","urlTemplate":"https:\/\/www.visitmalinska.com\/?s={search_term_string}"},"query-input":{"@type":"PropertyValueSpecification","valueRequired":true,"valueName":"search_term_string"}}],"inLanguage":"sl-SI"},{"@type":"Organization","@id":"https:\/\/www.visitmalinska.com\/#organization","name":"TZO Malinska - Duba\u0161nica","url":"https:\/\/www.visitmalinska.com\/","logo":{"@type":"ImageObject","inLanguage":"sl-SI","@id":"https:\/\/www.visitmalinska.com\/#\/schema\/logo\/image\/","url":"https:\/\/www.visitmalinska.com\/wp-content\/uploads\/2019\/03\/malinska-logo-240.png","contentUrl":"https:\/\/www.visitmalinska.com\/wp-content\/uploads\/2019\/03\/malinska-logo-240.png","width":1188,"height":241,"caption":"TZO Malinska - Duba\u0161nica"},"image":{"@id":"https:\/\/www.visitmalinska.com\/#\/schema\/logo\/image\/"},"sameAs":["https:\/\/www.facebook.com\/Malinska.Island.Krk\/","https:\/\/www.instagram.com\/visitmalinska\/"]},{"@type":"Person","@id":"https:\/\/www.visitmalinska.com\/#\/schema\/person\/b9c1147dfe2084b3a08365febf5f5220","name":"malinska","image":{"@type":"ImageObject","inLanguage":"sl-SI","@id":"https:\/\/www.visitmalinska.com\/#\/schema\/person\/image\/","url":"https:\/\/secure.gravatar.com\/avatar\/ac515a9cf3cc312df7b828fd8023a34546d60e401ca285ebf9d6ffa994fe93c7?s=96&d=mm&r=g","contentUrl":"https:\/\/secure.gravatar.com\/avatar\/ac515a9cf3cc312df7b828fd8023a34546d60e401ca285ebf9d6ffa994fe93c7?s=96&d=mm&r=g","caption":"malinska"},"url":"https:\/\/www.visitmalinska.com\/si\/author\/malinska\/"}]}},"_links":{"self":[{"href":"https:\/\/www.visitmalinska.com\/si\/wp-json\/wp\/v2\/posts\/39919","targetHints":{"allow":["GET"]}}],"collection":[{"href":"https:\/\/www.visitmalinska.com\/si\/wp-json\/wp\/v2\/posts"}],"about":[{"href":"https:\/\/www.visitmalinska.com\/si\/wp-json\/wp\/v2\/types\/post"}],"author":[{"embeddable":true,"href":"https:\/\/www.visitmalinska.com\/si\/wp-json\/wp\/v2\/users\/2"}],"replies":[{"embeddable":true,"href":"https:\/\/www.visitmalinska.com\/si\/wp-json\/wp\/v2\/comments?post=39919"}],"version-history":[{"count":26,"href":"https:\/\/www.visitmalinska.com\/si\/wp-json\/wp\/v2\/posts\/39919\/revisions"}],"predecessor-version":[{"id":42849,"href":"https:\/\/www.visitmalinska.com\/si\/wp-json\/wp\/v2\/posts\/39919\/revisions\/42849"}],"wp:featuredmedia":[{"embeddable":true,"href":"https:\/\/www.visitmalinska.com\/si\/wp-json\/wp\/v2\/media\/39939"}],"wp:attachment":[{"href":"https:\/\/www.visitmalinska.com\/si\/wp-json\/wp\/v2\/media?parent=39919"}],"wp:term":[{"taxonomy":"category","embeddable":true,"href":"https:\/\/www.visitmalinska.com\/si\/wp-json\/wp\/v2\/categories?post=39919"},{"taxonomy":"post_tag","embeddable":true,"href":"https:\/\/www.visitmalinska.com\/si\/wp-json\/wp\/v2\/tags?post=39919"}],"curies":[{"name":"wp","href":"https:\/\/api.w.org\/{rel}","templated":true}]}}