{"id":38065,"date":"2023-01-24T12:58:36","date_gmt":"2023-01-24T10:58:36","guid":{"rendered":"https:\/\/www.visitmalinska.com\/?p=38065"},"modified":"2026-02-18T11:35:38","modified_gmt":"2026-02-18T09:35:38","slug":"noc-muzeja-u-malinskoj","status":"publish","type":"post","link":"https:\/\/www.visitmalinska.com\/si\/noc-muzeja-u-malinskoj\/","title":{"rendered":"No\u0107 muzeja u Malinskoj"},"content":{"rendered":"<p><img loading=\"lazy\" decoding=\"async\" class=\"aligncenter wp-image-38066 size-medium\" src=\"https:\/\/www.visitmalinska.com\/wp-content\/uploads\/2023\/01\/No\u0107-muzeja_DUBoak2023-300x300.jpg\" alt=\"\" width=\"300\" height=\"300\" srcset=\"https:\/\/www.visitmalinska.com\/wp-content\/uploads\/2023\/01\/No\u0107-muzeja_DUBoak2023-300x300.jpg 300w, https:\/\/www.visitmalinska.com\/wp-content\/uploads\/2023\/01\/No\u0107-muzeja_DUBoak2023-150x150.jpg 150w, https:\/\/www.visitmalinska.com\/wp-content\/uploads\/2023\/01\/No\u0107-muzeja_DUBoak2023-768x768.jpg 768w, https:\/\/www.visitmalinska.com\/wp-content\/uploads\/2023\/01\/No\u0107-muzeja_DUBoak2023-1024x1024.jpg 1024w, https:\/\/www.visitmalinska.com\/wp-content\/uploads\/2023\/01\/No\u0107-muzeja_DUBoak2023-256x256.jpg 256w, https:\/\/www.visitmalinska.com\/wp-content\/uploads\/2023\/01\/No\u0107-muzeja_DUBoak2023.jpg 1080w\" sizes=\"auto, (max-width: 300px) 100vw, 300px\" \/>Pridru\u017eite se programu 18. No\u0107i muzeja u Interpretacijskom centru maritimne ba\u0161tine DUBoak, koji zapo\u010dinje ovog petka, <strong>27. sije\u010dnja u 18:00 <\/strong>sati! Sveukupni program odr\u017eava se od <strong>18<\/strong> do <strong>24 <\/strong>sata, \u010deka Vas bogati program koji, nakon otvorenja, zapo\u010dinje s izlo\u017ebom podmorskih fotografija u\u010denika O\u0160\u00a0 \u201eMalinska Duba\u0161nica\u201c nazivom \u201ePodmorje Duba\u0161nice\u201c.<\/p>\n<p>&nbsp;<\/p>\n<p>U <strong>18:20<\/strong> sati kre\u0107e organizirano vodstvo kroz postav gostuju\u0107e izlo\u017ebe \u201eBlago pod povr\u0161inom Kvarnera \u2013 Meku\u0161ci u kvarnerskom podmorju\u201c\u00a0 koju predvodi Milvana Arko Pijevac.<\/p>\n<p>&nbsp;<\/p>\n<p>Od <strong>19:00<\/strong> sati zapo\u010dinju brojne radionice, kao \u0161to su; Brodograditelj na jednu no\u0107 \u2013 Izrada bar\u010dica od papira, \u201eI ti more\u0161 bit pravi maritimo!\u201c \u2013 vje\u0161tina vezivanja mornarskih \u010dvorova i ostalih mornarskih vje\u0161tina, \u201eDi\u017ei jidra!\u201c \u2013 akademija maritimne ba\u0161tine, \u201eKako uloviti ribu?\u201c\u00a0 vezivanje ribolovnog pribora.<\/p>\n<p>&nbsp;<\/p>\n<p>Ukoliko ste zainteresirani za pogledati dokumentarni film \u201ePlemenito uto\u010di\u0161te\u201c, projekcija po\u010dinje u <strong>19:00<\/strong> sati, te traje sve do<strong> 23:00<\/strong> sata.<\/p>\n<p>&nbsp;<\/p>\n<p>Tako\u0111er, u <strong>22:30<\/strong> sati organizirat \u0107e se vo\u0111enje kroz stalni postav Interpretacijskog centra maritimne ba\u0161tine DUBoak, \u201eDuba\u0161nica ili \u0161torija o dubu, moru i \u010doviku\u201c s interpretatorima ba\u0161tine iz DUBoak-a.<\/p>\n<p>&nbsp;<\/p>\n<p>Sukladno No\u0107i muzeja,<strong> Arheolo\u0161ka zbirka Cickini<\/strong>, u Sv. Vidu Miholjice, bit \u0107e otvorena u trajanju od <strong>18:00<\/strong> do <strong>20:00<\/strong> sati.<\/p>\n<p><img loading=\"lazy\" decoding=\"async\" class=\"aligncenter wp-image-38069 size-medium\" src=\"https:\/\/www.visitmalinska.com\/wp-content\/uploads\/2023\/01\/arheolo\u0161ka-zbirka-cickini-300x300.png\" alt=\"\" width=\"300\" height=\"300\" srcset=\"https:\/\/www.visitmalinska.com\/wp-content\/uploads\/2023\/01\/arheolo\u0161ka-zbirka-cickini-300x300.png 300w, https:\/\/www.visitmalinska.com\/wp-content\/uploads\/2023\/01\/arheolo\u0161ka-zbirka-cickini-150x150.png 150w, https:\/\/www.visitmalinska.com\/wp-content\/uploads\/2023\/01\/arheolo\u0161ka-zbirka-cickini-768x768.png 768w, https:\/\/www.visitmalinska.com\/wp-content\/uploads\/2023\/01\/arheolo\u0161ka-zbirka-cickini-1024x1024.png 1024w, https:\/\/www.visitmalinska.com\/wp-content\/uploads\/2023\/01\/arheolo\u0161ka-zbirka-cickini-256x256.png 256w, https:\/\/www.visitmalinska.com\/wp-content\/uploads\/2023\/01\/arheolo\u0161ka-zbirka-cickini.png 1080w\" sizes=\"auto, (max-width: 300px) 100vw, 300px\" \/><\/p>\n","protected":false},"excerpt":{"rendered":"<p>Pridru\u017eite se programu 18. No\u0107i muzeja u Interpretacijskom centru maritimne ba\u0161tine DUBoak, koji zapo\u010dinje ovog petka, 27. sije\u010dnja u 18:00&#8230;<\/p>\n","protected":false},"author":2,"featured_media":38066,"comment_status":"closed","ping_status":"closed","sticky":false,"template":"","format":"standard","meta":{"footnotes":""},"categories":[1],"tags":[],"class_list":{"0":"post-38065","1":"post","2":"type-post","3":"status-publish","4":"format-standard","5":"has-post-thumbnail","7":"category-uncategorized"},"acf":[],"yoast_head":"<!-- This site is optimized with the Yoast SEO plugin v23.5 - https:\/\/yoast.com\/wordpress\/plugins\/seo\/ -->\n<title>No\u0107 muzeja u Malinskoj - TZO Malinska-Duba\u0161nica<\/title>\n<meta name=\"robots\" content=\"index, follow, max-snippet:-1, max-image-preview:large, max-video-preview:-1\" \/>\n<link rel=\"canonical\" href=\"https:\/\/www.visitmalinska.com\/en\/noc-muzeja-u-malinskoj\/\" \/>\n<meta property=\"og:locale\" content=\"sl_SI\" \/>\n<meta property=\"og:type\" content=\"article\" \/>\n<meta property=\"og:title\" content=\"No\u0107 muzeja u Malinskoj - TZO Malinska-Duba\u0161nica\" \/>\n<meta property=\"og:description\" content=\"Pridru\u017eite se programu 18. No\u0107i muzeja u Interpretacijskom centru maritimne ba\u0161tine DUBoak, koji zapo\u010dinje ovog petka, 27. sije\u010dnja u 18:00...\" \/>\n<meta property=\"og:url\" content=\"https:\/\/www.visitmalinska.com\/en\/noc-muzeja-u-malinskoj\/\" \/>\n<meta property=\"og:site_name\" content=\"TZO Malinska-Duba\u0161nica\" \/>\n<meta property=\"article:publisher\" content=\"https:\/\/www.facebook.com\/Malinska.Island.Krk\/\" \/>\n<meta property=\"article:published_time\" content=\"2023-01-24T10:58:36+00:00\" \/>\n<meta property=\"article:modified_time\" content=\"2026-02-18T09:35:38+00:00\" \/>\n<meta property=\"og:image\" content=\"https:\/\/www.visitmalinska.com\/wp-content\/uploads\/2023\/01\/No\u0107-muzeja_DUBoak2023.jpg\" \/>\n\t<meta property=\"og:image:width\" content=\"1080\" \/>\n\t<meta property=\"og:image:height\" content=\"1080\" \/>\n\t<meta property=\"og:image:type\" content=\"image\/jpeg\" \/>\n<meta name=\"author\" content=\"malinska\" \/>\n<meta name=\"twitter:card\" content=\"summary_large_image\" \/>\n<meta name=\"twitter:label1\" content=\"Written by\" \/>\n\t<meta name=\"twitter:data1\" content=\"malinska\" \/>\n\t<meta name=\"twitter:label2\" content=\"Est. reading time\" \/>\n\t<meta name=\"twitter:data2\" content=\"1 minute\" \/>\n<script type=\"application\/ld+json\" class=\"yoast-schema-graph\">{\"@context\":\"https:\/\/schema.org\",\"@graph\":[{\"@type\":\"Article\",\"@id\":\"https:\/\/www.visitmalinska.com\/en\/noc-muzeja-u-malinskoj\/#article\",\"isPartOf\":{\"@id\":\"https:\/\/www.visitmalinska.com\/en\/noc-muzeja-u-malinskoj\/\"},\"author\":{\"name\":\"malinska\",\"@id\":\"https:\/\/www.visitmalinska.com\/#\/schema\/person\/b9c1147dfe2084b3a08365febf5f5220\"},\"headline\":\"No\u0107 muzeja u Malinskoj\",\"datePublished\":\"2023-01-24T10:58:36+00:00\",\"dateModified\":\"2026-02-18T09:35:38+00:00\",\"mainEntityOfPage\":{\"@id\":\"https:\/\/www.visitmalinska.com\/en\/noc-muzeja-u-malinskoj\/\"},\"wordCount\":212,\"publisher\":{\"@id\":\"https:\/\/www.visitmalinska.com\/#organization\"},\"image\":{\"@id\":\"https:\/\/www.visitmalinska.com\/en\/noc-muzeja-u-malinskoj\/#primaryimage\"},\"thumbnailUrl\":\"https:\/\/www.visitmalinska.com\/wp-content\/uploads\/2023\/01\/No\u0107-muzeja_DUBoak2023.jpg\",\"inLanguage\":\"sl-SI\"},{\"@type\":\"WebPage\",\"@id\":\"https:\/\/www.visitmalinska.com\/en\/noc-muzeja-u-malinskoj\/\",\"url\":\"https:\/\/www.visitmalinska.com\/en\/noc-muzeja-u-malinskoj\/\",\"name\":\"No\u0107 muzeja u Malinskoj - TZO Malinska-Duba\u0161nica\",\"isPartOf\":{\"@id\":\"https:\/\/www.visitmalinska.com\/#website\"},\"primaryImageOfPage\":{\"@id\":\"https:\/\/www.visitmalinska.com\/en\/noc-muzeja-u-malinskoj\/#primaryimage\"},\"image\":{\"@id\":\"https:\/\/www.visitmalinska.com\/en\/noc-muzeja-u-malinskoj\/#primaryimage\"},\"thumbnailUrl\":\"https:\/\/www.visitmalinska.com\/wp-content\/uploads\/2023\/01\/No\u0107-muzeja_DUBoak2023.jpg\",\"datePublished\":\"2023-01-24T10:58:36+00:00\",\"dateModified\":\"2026-02-18T09:35:38+00:00\",\"breadcrumb\":{\"@id\":\"https:\/\/www.visitmalinska.com\/en\/noc-muzeja-u-malinskoj\/#breadcrumb\"},\"inLanguage\":\"sl-SI\",\"potentialAction\":[{\"@type\":\"ReadAction\",\"target\":[\"https:\/\/www.visitmalinska.com\/en\/noc-muzeja-u-malinskoj\/\"]}]},{\"@type\":\"ImageObject\",\"inLanguage\":\"sl-SI\",\"@id\":\"https:\/\/www.visitmalinska.com\/en\/noc-muzeja-u-malinskoj\/#primaryimage\",\"url\":\"https:\/\/www.visitmalinska.com\/wp-content\/uploads\/2023\/01\/No\u0107-muzeja_DUBoak2023.jpg\",\"contentUrl\":\"https:\/\/www.visitmalinska.com\/wp-content\/uploads\/2023\/01\/No\u0107-muzeja_DUBoak2023.jpg\",\"width\":1080,\"height\":1080},{\"@type\":\"BreadcrumbList\",\"@id\":\"https:\/\/www.visitmalinska.com\/en\/noc-muzeja-u-malinskoj\/#breadcrumb\",\"itemListElement\":[{\"@type\":\"ListItem\",\"position\":1,\"name\":\"Po\u010detna stranica\",\"item\":\"https:\/\/www.visitmalinska.com\/\"},{\"@type\":\"ListItem\",\"position\":2,\"name\":\"No\u0107 muzeja u Malinskoj\"}]},{\"@type\":\"WebSite\",\"@id\":\"https:\/\/www.visitmalinska.com\/#website\",\"url\":\"https:\/\/www.visitmalinska.com\/\",\"name\":\"TZO Malinska-Duba\u0161nica\",\"description\":\"\",\"publisher\":{\"@id\":\"https:\/\/www.visitmalinska.com\/#organization\"},\"potentialAction\":[{\"@type\":\"SearchAction\",\"target\":{\"@type\":\"EntryPoint\",\"urlTemplate\":\"https:\/\/www.visitmalinska.com\/?s={search_term_string}\"},\"query-input\":{\"@type\":\"PropertyValueSpecification\",\"valueRequired\":true,\"valueName\":\"search_term_string\"}}],\"inLanguage\":\"sl-SI\"},{\"@type\":\"Organization\",\"@id\":\"https:\/\/www.visitmalinska.com\/#organization\",\"name\":\"TZO Malinska - Duba\u0161nica\",\"url\":\"https:\/\/www.visitmalinska.com\/\",\"logo\":{\"@type\":\"ImageObject\",\"inLanguage\":\"sl-SI\",\"@id\":\"https:\/\/www.visitmalinska.com\/#\/schema\/logo\/image\/\",\"url\":\"https:\/\/www.visitmalinska.com\/wp-content\/uploads\/2019\/03\/malinska-logo-240.png\",\"contentUrl\":\"https:\/\/www.visitmalinska.com\/wp-content\/uploads\/2019\/03\/malinska-logo-240.png\",\"width\":1188,\"height\":241,\"caption\":\"TZO Malinska - Duba\u0161nica\"},\"image\":{\"@id\":\"https:\/\/www.visitmalinska.com\/#\/schema\/logo\/image\/\"},\"sameAs\":[\"https:\/\/www.facebook.com\/Malinska.Island.Krk\/\",\"https:\/\/www.instagram.com\/visitmalinska\/\"]},{\"@type\":\"Person\",\"@id\":\"https:\/\/www.visitmalinska.com\/#\/schema\/person\/b9c1147dfe2084b3a08365febf5f5220\",\"name\":\"malinska\",\"image\":{\"@type\":\"ImageObject\",\"inLanguage\":\"sl-SI\",\"@id\":\"https:\/\/www.visitmalinska.com\/#\/schema\/person\/image\/\",\"url\":\"https:\/\/secure.gravatar.com\/avatar\/ac515a9cf3cc312df7b828fd8023a34546d60e401ca285ebf9d6ffa994fe93c7?s=96&d=mm&r=g\",\"contentUrl\":\"https:\/\/secure.gravatar.com\/avatar\/ac515a9cf3cc312df7b828fd8023a34546d60e401ca285ebf9d6ffa994fe93c7?s=96&d=mm&r=g\",\"caption\":\"malinska\"},\"url\":\"https:\/\/www.visitmalinska.com\/si\/author\/malinska\/\"}]}<\/script>\n<!-- \/ Yoast SEO plugin. -->","yoast_head_json":{"title":"No\u0107 muzeja u Malinskoj - TZO Malinska-Duba\u0161nica","robots":{"index":"index","follow":"follow","max-snippet":"max-snippet:-1","max-image-preview":"max-image-preview:large","max-video-preview":"max-video-preview:-1"},"canonical":"https:\/\/www.visitmalinska.com\/en\/noc-muzeja-u-malinskoj\/","og_locale":"sl_SI","og_type":"article","og_title":"No\u0107 muzeja u Malinskoj - TZO Malinska-Duba\u0161nica","og_description":"Pridru\u017eite se programu 18. No\u0107i muzeja u Interpretacijskom centru maritimne ba\u0161tine DUBoak, koji zapo\u010dinje ovog petka, 27. sije\u010dnja u 18:00...","og_url":"https:\/\/www.visitmalinska.com\/en\/noc-muzeja-u-malinskoj\/","og_site_name":"TZO Malinska-Duba\u0161nica","article_publisher":"https:\/\/www.facebook.com\/Malinska.Island.Krk\/","article_published_time":"2023-01-24T10:58:36+00:00","article_modified_time":"2026-02-18T09:35:38+00:00","og_image":[{"width":1080,"height":1080,"url":"https:\/\/www.visitmalinska.com\/wp-content\/uploads\/2023\/01\/No\u0107-muzeja_DUBoak2023.jpg","type":"image\/jpeg"}],"author":"malinska","twitter_card":"summary_large_image","twitter_misc":{"Written by":"malinska","Est. reading time":"1 minute"},"schema":{"@context":"https:\/\/schema.org","@graph":[{"@type":"Article","@id":"https:\/\/www.visitmalinska.com\/en\/noc-muzeja-u-malinskoj\/#article","isPartOf":{"@id":"https:\/\/www.visitmalinska.com\/en\/noc-muzeja-u-malinskoj\/"},"author":{"name":"malinska","@id":"https:\/\/www.visitmalinska.com\/#\/schema\/person\/b9c1147dfe2084b3a08365febf5f5220"},"headline":"No\u0107 muzeja u Malinskoj","datePublished":"2023-01-24T10:58:36+00:00","dateModified":"2026-02-18T09:35:38+00:00","mainEntityOfPage":{"@id":"https:\/\/www.visitmalinska.com\/en\/noc-muzeja-u-malinskoj\/"},"wordCount":212,"publisher":{"@id":"https:\/\/www.visitmalinska.com\/#organization"},"image":{"@id":"https:\/\/www.visitmalinska.com\/en\/noc-muzeja-u-malinskoj\/#primaryimage"},"thumbnailUrl":"https:\/\/www.visitmalinska.com\/wp-content\/uploads\/2023\/01\/No\u0107-muzeja_DUBoak2023.jpg","inLanguage":"sl-SI"},{"@type":"WebPage","@id":"https:\/\/www.visitmalinska.com\/en\/noc-muzeja-u-malinskoj\/","url":"https:\/\/www.visitmalinska.com\/en\/noc-muzeja-u-malinskoj\/","name":"No\u0107 muzeja u Malinskoj - TZO Malinska-Duba\u0161nica","isPartOf":{"@id":"https:\/\/www.visitmalinska.com\/#website"},"primaryImageOfPage":{"@id":"https:\/\/www.visitmalinska.com\/en\/noc-muzeja-u-malinskoj\/#primaryimage"},"image":{"@id":"https:\/\/www.visitmalinska.com\/en\/noc-muzeja-u-malinskoj\/#primaryimage"},"thumbnailUrl":"https:\/\/www.visitmalinska.com\/wp-content\/uploads\/2023\/01\/No\u0107-muzeja_DUBoak2023.jpg","datePublished":"2023-01-24T10:58:36+00:00","dateModified":"2026-02-18T09:35:38+00:00","breadcrumb":{"@id":"https:\/\/www.visitmalinska.com\/en\/noc-muzeja-u-malinskoj\/#breadcrumb"},"inLanguage":"sl-SI","potentialAction":[{"@type":"ReadAction","target":["https:\/\/www.visitmalinska.com\/en\/noc-muzeja-u-malinskoj\/"]}]},{"@type":"ImageObject","inLanguage":"sl-SI","@id":"https:\/\/www.visitmalinska.com\/en\/noc-muzeja-u-malinskoj\/#primaryimage","url":"https:\/\/www.visitmalinska.com\/wp-content\/uploads\/2023\/01\/No\u0107-muzeja_DUBoak2023.jpg","contentUrl":"https:\/\/www.visitmalinska.com\/wp-content\/uploads\/2023\/01\/No\u0107-muzeja_DUBoak2023.jpg","width":1080,"height":1080},{"@type":"BreadcrumbList","@id":"https:\/\/www.visitmalinska.com\/en\/noc-muzeja-u-malinskoj\/#breadcrumb","itemListElement":[{"@type":"ListItem","position":1,"name":"Po\u010detna stranica","item":"https:\/\/www.visitmalinska.com\/"},{"@type":"ListItem","position":2,"name":"No\u0107 muzeja u Malinskoj"}]},{"@type":"WebSite","@id":"https:\/\/www.visitmalinska.com\/#website","url":"https:\/\/www.visitmalinska.com\/","name":"TZO Malinska-Duba\u0161nica","description":"","publisher":{"@id":"https:\/\/www.visitmalinska.com\/#organization"},"potentialAction":[{"@type":"SearchAction","target":{"@type":"EntryPoint","urlTemplate":"https:\/\/www.visitmalinska.com\/?s={search_term_string}"},"query-input":{"@type":"PropertyValueSpecification","valueRequired":true,"valueName":"search_term_string"}}],"inLanguage":"sl-SI"},{"@type":"Organization","@id":"https:\/\/www.visitmalinska.com\/#organization","name":"TZO Malinska - Duba\u0161nica","url":"https:\/\/www.visitmalinska.com\/","logo":{"@type":"ImageObject","inLanguage":"sl-SI","@id":"https:\/\/www.visitmalinska.com\/#\/schema\/logo\/image\/","url":"https:\/\/www.visitmalinska.com\/wp-content\/uploads\/2019\/03\/malinska-logo-240.png","contentUrl":"https:\/\/www.visitmalinska.com\/wp-content\/uploads\/2019\/03\/malinska-logo-240.png","width":1188,"height":241,"caption":"TZO Malinska - Duba\u0161nica"},"image":{"@id":"https:\/\/www.visitmalinska.com\/#\/schema\/logo\/image\/"},"sameAs":["https:\/\/www.facebook.com\/Malinska.Island.Krk\/","https:\/\/www.instagram.com\/visitmalinska\/"]},{"@type":"Person","@id":"https:\/\/www.visitmalinska.com\/#\/schema\/person\/b9c1147dfe2084b3a08365febf5f5220","name":"malinska","image":{"@type":"ImageObject","inLanguage":"sl-SI","@id":"https:\/\/www.visitmalinska.com\/#\/schema\/person\/image\/","url":"https:\/\/secure.gravatar.com\/avatar\/ac515a9cf3cc312df7b828fd8023a34546d60e401ca285ebf9d6ffa994fe93c7?s=96&d=mm&r=g","contentUrl":"https:\/\/secure.gravatar.com\/avatar\/ac515a9cf3cc312df7b828fd8023a34546d60e401ca285ebf9d6ffa994fe93c7?s=96&d=mm&r=g","caption":"malinska"},"url":"https:\/\/www.visitmalinska.com\/si\/author\/malinska\/"}]}},"_links":{"self":[{"href":"https:\/\/www.visitmalinska.com\/si\/wp-json\/wp\/v2\/posts\/38065","targetHints":{"allow":["GET"]}}],"collection":[{"href":"https:\/\/www.visitmalinska.com\/si\/wp-json\/wp\/v2\/posts"}],"about":[{"href":"https:\/\/www.visitmalinska.com\/si\/wp-json\/wp\/v2\/types\/post"}],"author":[{"embeddable":true,"href":"https:\/\/www.visitmalinska.com\/si\/wp-json\/wp\/v2\/users\/2"}],"replies":[{"embeddable":true,"href":"https:\/\/www.visitmalinska.com\/si\/wp-json\/wp\/v2\/comments?post=38065"}],"version-history":[{"count":3,"href":"https:\/\/www.visitmalinska.com\/si\/wp-json\/wp\/v2\/posts\/38065\/revisions"}],"predecessor-version":[{"id":38071,"href":"https:\/\/www.visitmalinska.com\/si\/wp-json\/wp\/v2\/posts\/38065\/revisions\/38071"}],"wp:featuredmedia":[{"embeddable":true,"href":"https:\/\/www.visitmalinska.com\/si\/wp-json\/wp\/v2\/media\/38066"}],"wp:attachment":[{"href":"https:\/\/www.visitmalinska.com\/si\/wp-json\/wp\/v2\/media?parent=38065"}],"wp:term":[{"taxonomy":"category","embeddable":true,"href":"https:\/\/www.visitmalinska.com\/si\/wp-json\/wp\/v2\/categories?post=38065"},{"taxonomy":"post_tag","embeddable":true,"href":"https:\/\/www.visitmalinska.com\/si\/wp-json\/wp\/v2\/tags?post=38065"}],"curies":[{"name":"wp","href":"https:\/\/api.w.org\/{rel}","templated":true}]}}