{"id":35904,"date":"2021-06-18T14:44:37","date_gmt":"2021-06-18T12:44:37","guid":{"rendered":"https:\/\/www.visitmalinska.com\/?p=35904"},"modified":"2026-02-18T11:22:44","modified_gmt":"2026-02-18T09:22:44","slug":"welcome-summer-2021","status":"publish","type":"post","link":"https:\/\/www.visitmalinska.com\/si\/welcome-summer-2021\/","title":{"rendered":"WELCOME SUMMER 2021."},"content":{"rendered":"<p>[vc_row][vc_column][vc_column_text]<img loading=\"lazy\" decoding=\"async\" class=\"wp-image-35914 aligncenter\" src=\"https:\/\/www.visitmalinska.com\/wp-content\/uploads\/2021\/06\/Welcome-summer-2021-1-300x169.jpg\" alt=\"\" width=\"1000\" height=\"563\" srcset=\"https:\/\/www.visitmalinska.com\/wp-content\/uploads\/2021\/06\/Welcome-summer-2021-1-300x169.jpg 300w, https:\/\/www.visitmalinska.com\/wp-content\/uploads\/2021\/06\/Welcome-summer-2021-1-768x432.jpg 768w, https:\/\/www.visitmalinska.com\/wp-content\/uploads\/2021\/06\/Welcome-summer-2021-1-1024x576.jpg 1024w, https:\/\/www.visitmalinska.com\/wp-content\/uploads\/2021\/06\/Welcome-summer-2021-1.jpg 1920w\" sizes=\"auto, (max-width: 1000px) 100vw, 1000px\" \/><\/p>\n<p>&nbsp;<\/p>\n<p>Povodom svjetskog dana glazbe koji se obilje\u017eava 21. lipnja, te ujedno i slu\u017ebenog po\u010detka ljeta, TZO Malinska-Duba\u0161nica najavljuje <strong>Summer Welcome \u2013 <\/strong>seriju nastupa autora razli\u010ditih \u017eanrova glazbe koji \u0107e zadovoljiti sva\u010diji ukus.<\/p>\n<p>&nbsp;<\/p>\n<h5><strong>PROGRAM:<\/strong><\/h5>\n<p>&nbsp;<\/p>\n<p><strong>21.06.2021., ponedjeljak<\/strong><\/p>\n<p><strong><em>Zoran Majstorovi\u0107 trio &#038; sopci<\/em><\/strong><\/p>\n<p><strong>20:30 \u2013 Malinska, ponton<\/strong><\/p>\n<p>Povodom Svjetskog dana glazbe koji se obilje\u017eava 21. lipnja, osmi\u0161ljen je glazbeni program u suradnji sa Zoran Majstorovi\u0107 triom te oto\u010dkim sopcima Marijanom Orli\u0107em, prvim licem oto\u010dkih sopaca i jedinim graditeljem oto\u010dkih sopila na cijelom svijetu, te njegovim u\u010denikom Matejem Justini\u0107em. Uz neizostavnu mantinjadu prije po\u010detka nastupa simboli\u010dki \u0107e se obilje\u017eiti po\u010detak ljeta, te spojem kulturne ba\u0161tine Op\u0107ine Malinska \u2013 Duba\u0161nica i suvremene jazz improvizacije, na preslici u centru Malinske ponovno \u0107e predstaviti elemente duba\u0161ljanskog tanca na jedan posve druk\u010diji na\u010din.<\/p>\n<p>&nbsp;<\/p>\n<p><strong>25.06.2021., petak<\/strong><\/p>\n<p><strong><em>Elephant In The Room<\/em><\/strong><\/p>\n<p><strong>20:00 \u2013 Malinska, trg<\/strong><\/p>\n<p>Elephant In The Room mladi je akusti\u010dni trio iz Rijeke. \u010cine ga Anja Stani\u0107 (vokal), Zvonimir Radi\u0161i\u0107 (gitara) i Dino Ivelja (bas gitara), a repertoar im se sastoji od pop, soul i r\u2019n\u2019b uspje\u0161nica, uglavnom na engleskom uz nekoliko hrvatskih pjesama. Dino i Zvonimir \u010dlanovi su raznih sastava, a zajedno s Anjom \u010dine dio benda Damira Ked\u017ee.<\/p>\n<p>&nbsp;<\/p>\n<p><strong>26.06.2021., subota<\/strong><\/p>\n<p><strong><em>Klapa Intriga<\/em><\/strong><\/p>\n<p><strong>20:00 \u2013 Malinska, trg<\/strong><\/p>\n<p>\u010clanovi klape:<\/p>\n<p>Darko Cerniar &#8211; bas ( umjetni\u010dki voditelj)<\/p>\n<p>Mario Margan &#8211; bariton<\/p>\n<p>Marino Peloza &#8211; 2 tenor<\/p>\n<p>Ivica \u0160anko -1 tenor<\/p>\n<p>&nbsp;<\/p>\n<p>Pozivamo vas da nam se pridru\u017eite i u\u017eivate u toplim ljetnim ve\u010derima uz prigodnu glazbu.[\/vc_column_text][\/vc_column][\/vc_row]<\/p>\n","protected":false},"excerpt":{"rendered":"<p>[vc_row][vc_column][vc_column_text] &nbsp; Povodom svjetskog dana glazbe koji se obilje\u017eava 21. lipnja, te ujedno i slu\u017ebenog po\u010detka ljeta, TZO Malinska-Duba\u0161nica najavljuje&#8230;<\/p>\n","protected":false},"author":2,"featured_media":35906,"comment_status":"closed","ping_status":"closed","sticky":false,"template":"","format":"standard","meta":{"footnotes":""},"categories":[1],"tags":[740,741,379,739],"class_list":{"0":"post-35904","1":"post","2":"type-post","3":"status-publish","4":"format-standard","5":"has-post-thumbnail","7":"category-uncategorized","8":"tag-1st-summer-day","9":"tag-concert","10":"tag-malinska","11":"tag-welcome-summer"},"acf":[],"yoast_head":"<!-- This site is optimized with the Yoast SEO plugin v23.5 - https:\/\/yoast.com\/wordpress\/plugins\/seo\/ -->\n<title>WELCOME SUMMER 2021. - TZO Malinska-Duba\u0161nica<\/title>\n<meta name=\"robots\" content=\"index, follow, max-snippet:-1, max-image-preview:large, max-video-preview:-1\" \/>\n<link rel=\"canonical\" href=\"https:\/\/www.visitmalinska.com\/en\/welcome-summer-2021\/\" \/>\n<meta property=\"og:locale\" content=\"sl_SI\" \/>\n<meta property=\"og:type\" content=\"article\" \/>\n<meta property=\"og:title\" content=\"WELCOME SUMMER 2021. - TZO Malinska-Duba\u0161nica\" \/>\n<meta property=\"og:description\" content=\"[vc_row][vc_column][vc_column_text] &nbsp; Povodom svjetskog dana glazbe koji se obilje\u017eava 21. lipnja, te ujedno i slu\u017ebenog po\u010detka ljeta, TZO Malinska-Duba\u0161nica najavljuje...\" \/>\n<meta property=\"og:url\" content=\"https:\/\/www.visitmalinska.com\/en\/welcome-summer-2021\/\" \/>\n<meta property=\"og:site_name\" content=\"TZO Malinska-Duba\u0161nica\" \/>\n<meta property=\"article:publisher\" content=\"https:\/\/www.facebook.com\/Malinska.Island.Krk\/\" \/>\n<meta property=\"article:published_time\" content=\"2021-06-18T12:44:37+00:00\" \/>\n<meta property=\"article:modified_time\" content=\"2026-02-18T09:22:44+00:00\" \/>\n<meta property=\"og:image\" content=\"https:\/\/www.visitmalinska.com\/wp-content\/uploads\/2021\/06\/Welcome-summer-2021.jpg\" \/>\n\t<meta property=\"og:image:width\" content=\"1920\" \/>\n\t<meta property=\"og:image:height\" content=\"1080\" \/>\n\t<meta property=\"og:image:type\" content=\"image\/jpeg\" \/>\n<meta name=\"author\" content=\"malinska\" \/>\n<meta name=\"twitter:card\" content=\"summary_large_image\" \/>\n<meta name=\"twitter:label1\" content=\"Written by\" \/>\n\t<meta name=\"twitter:data1\" content=\"malinska\" \/>\n\t<meta name=\"twitter:label2\" content=\"Est. reading time\" \/>\n\t<meta name=\"twitter:data2\" content=\"1 minute\" \/>\n<script type=\"application\/ld+json\" class=\"yoast-schema-graph\">{\"@context\":\"https:\/\/schema.org\",\"@graph\":[{\"@type\":\"Article\",\"@id\":\"https:\/\/www.visitmalinska.com\/en\/welcome-summer-2021\/#article\",\"isPartOf\":{\"@id\":\"https:\/\/www.visitmalinska.com\/en\/welcome-summer-2021\/\"},\"author\":{\"name\":\"malinska\",\"@id\":\"https:\/\/www.visitmalinska.com\/#\/schema\/person\/b9c1147dfe2084b3a08365febf5f5220\"},\"headline\":\"WELCOME SUMMER 2021.\",\"datePublished\":\"2021-06-18T12:44:37+00:00\",\"dateModified\":\"2026-02-18T09:22:44+00:00\",\"mainEntityOfPage\":{\"@id\":\"https:\/\/www.visitmalinska.com\/en\/welcome-summer-2021\/\"},\"wordCount\":278,\"publisher\":{\"@id\":\"https:\/\/www.visitmalinska.com\/#organization\"},\"image\":{\"@id\":\"https:\/\/www.visitmalinska.com\/en\/welcome-summer-2021\/#primaryimage\"},\"thumbnailUrl\":\"https:\/\/www.visitmalinska.com\/wp-content\/uploads\/2021\/06\/Welcome-summer-2021.jpg\",\"keywords\":[\"1st summer day\",\"concert\",\"Malinska\",\"welcome summer\"],\"inLanguage\":\"sl-SI\"},{\"@type\":\"WebPage\",\"@id\":\"https:\/\/www.visitmalinska.com\/en\/welcome-summer-2021\/\",\"url\":\"https:\/\/www.visitmalinska.com\/en\/welcome-summer-2021\/\",\"name\":\"WELCOME SUMMER 2021. - TZO Malinska-Duba\u0161nica\",\"isPartOf\":{\"@id\":\"https:\/\/www.visitmalinska.com\/#website\"},\"primaryImageOfPage\":{\"@id\":\"https:\/\/www.visitmalinska.com\/en\/welcome-summer-2021\/#primaryimage\"},\"image\":{\"@id\":\"https:\/\/www.visitmalinska.com\/en\/welcome-summer-2021\/#primaryimage\"},\"thumbnailUrl\":\"https:\/\/www.visitmalinska.com\/wp-content\/uploads\/2021\/06\/Welcome-summer-2021.jpg\",\"datePublished\":\"2021-06-18T12:44:37+00:00\",\"dateModified\":\"2026-02-18T09:22:44+00:00\",\"breadcrumb\":{\"@id\":\"https:\/\/www.visitmalinska.com\/en\/welcome-summer-2021\/#breadcrumb\"},\"inLanguage\":\"sl-SI\",\"potentialAction\":[{\"@type\":\"ReadAction\",\"target\":[\"https:\/\/www.visitmalinska.com\/en\/welcome-summer-2021\/\"]}]},{\"@type\":\"ImageObject\",\"inLanguage\":\"sl-SI\",\"@id\":\"https:\/\/www.visitmalinska.com\/en\/welcome-summer-2021\/#primaryimage\",\"url\":\"https:\/\/www.visitmalinska.com\/wp-content\/uploads\/2021\/06\/Welcome-summer-2021.jpg\",\"contentUrl\":\"https:\/\/www.visitmalinska.com\/wp-content\/uploads\/2021\/06\/Welcome-summer-2021.jpg\",\"width\":1920,\"height\":1080},{\"@type\":\"BreadcrumbList\",\"@id\":\"https:\/\/www.visitmalinska.com\/en\/welcome-summer-2021\/#breadcrumb\",\"itemListElement\":[{\"@type\":\"ListItem\",\"position\":1,\"name\":\"Po\u010detna stranica\",\"item\":\"https:\/\/www.visitmalinska.com\/\"},{\"@type\":\"ListItem\",\"position\":2,\"name\":\"WELCOME SUMMER 2021.\"}]},{\"@type\":\"WebSite\",\"@id\":\"https:\/\/www.visitmalinska.com\/#website\",\"url\":\"https:\/\/www.visitmalinska.com\/\",\"name\":\"TZO Malinska-Duba\u0161nica\",\"description\":\"\",\"publisher\":{\"@id\":\"https:\/\/www.visitmalinska.com\/#organization\"},\"potentialAction\":[{\"@type\":\"SearchAction\",\"target\":{\"@type\":\"EntryPoint\",\"urlTemplate\":\"https:\/\/www.visitmalinska.com\/?s={search_term_string}\"},\"query-input\":{\"@type\":\"PropertyValueSpecification\",\"valueRequired\":true,\"valueName\":\"search_term_string\"}}],\"inLanguage\":\"sl-SI\"},{\"@type\":\"Organization\",\"@id\":\"https:\/\/www.visitmalinska.com\/#organization\",\"name\":\"TZO Malinska - Duba\u0161nica\",\"url\":\"https:\/\/www.visitmalinska.com\/\",\"logo\":{\"@type\":\"ImageObject\",\"inLanguage\":\"sl-SI\",\"@id\":\"https:\/\/www.visitmalinska.com\/#\/schema\/logo\/image\/\",\"url\":\"https:\/\/www.visitmalinska.com\/wp-content\/uploads\/2019\/03\/malinska-logo-240.png\",\"contentUrl\":\"https:\/\/www.visitmalinska.com\/wp-content\/uploads\/2019\/03\/malinska-logo-240.png\",\"width\":1188,\"height\":241,\"caption\":\"TZO Malinska - Duba\u0161nica\"},\"image\":{\"@id\":\"https:\/\/www.visitmalinska.com\/#\/schema\/logo\/image\/\"},\"sameAs\":[\"https:\/\/www.facebook.com\/Malinska.Island.Krk\/\",\"https:\/\/www.instagram.com\/visitmalinska\/\"]},{\"@type\":\"Person\",\"@id\":\"https:\/\/www.visitmalinska.com\/#\/schema\/person\/b9c1147dfe2084b3a08365febf5f5220\",\"name\":\"malinska\",\"image\":{\"@type\":\"ImageObject\",\"inLanguage\":\"sl-SI\",\"@id\":\"https:\/\/www.visitmalinska.com\/#\/schema\/person\/image\/\",\"url\":\"https:\/\/secure.gravatar.com\/avatar\/ac515a9cf3cc312df7b828fd8023a34546d60e401ca285ebf9d6ffa994fe93c7?s=96&d=mm&r=g\",\"contentUrl\":\"https:\/\/secure.gravatar.com\/avatar\/ac515a9cf3cc312df7b828fd8023a34546d60e401ca285ebf9d6ffa994fe93c7?s=96&d=mm&r=g\",\"caption\":\"malinska\"},\"url\":\"https:\/\/www.visitmalinska.com\/si\/author\/malinska\/\"}]}<\/script>\n<!-- \/ Yoast SEO plugin. -->","yoast_head_json":{"title":"WELCOME SUMMER 2021. - TZO Malinska-Duba\u0161nica","robots":{"index":"index","follow":"follow","max-snippet":"max-snippet:-1","max-image-preview":"max-image-preview:large","max-video-preview":"max-video-preview:-1"},"canonical":"https:\/\/www.visitmalinska.com\/en\/welcome-summer-2021\/","og_locale":"sl_SI","og_type":"article","og_title":"WELCOME SUMMER 2021. - TZO Malinska-Duba\u0161nica","og_description":"[vc_row][vc_column][vc_column_text] &nbsp; Povodom svjetskog dana glazbe koji se obilje\u017eava 21. lipnja, te ujedno i slu\u017ebenog po\u010detka ljeta, TZO Malinska-Duba\u0161nica najavljuje...","og_url":"https:\/\/www.visitmalinska.com\/en\/welcome-summer-2021\/","og_site_name":"TZO Malinska-Duba\u0161nica","article_publisher":"https:\/\/www.facebook.com\/Malinska.Island.Krk\/","article_published_time":"2021-06-18T12:44:37+00:00","article_modified_time":"2026-02-18T09:22:44+00:00","og_image":[{"width":1920,"height":1080,"url":"https:\/\/www.visitmalinska.com\/wp-content\/uploads\/2021\/06\/Welcome-summer-2021.jpg","type":"image\/jpeg"}],"author":"malinska","twitter_card":"summary_large_image","twitter_misc":{"Written by":"malinska","Est. reading time":"1 minute"},"schema":{"@context":"https:\/\/schema.org","@graph":[{"@type":"Article","@id":"https:\/\/www.visitmalinska.com\/en\/welcome-summer-2021\/#article","isPartOf":{"@id":"https:\/\/www.visitmalinska.com\/en\/welcome-summer-2021\/"},"author":{"name":"malinska","@id":"https:\/\/www.visitmalinska.com\/#\/schema\/person\/b9c1147dfe2084b3a08365febf5f5220"},"headline":"WELCOME SUMMER 2021.","datePublished":"2021-06-18T12:44:37+00:00","dateModified":"2026-02-18T09:22:44+00:00","mainEntityOfPage":{"@id":"https:\/\/www.visitmalinska.com\/en\/welcome-summer-2021\/"},"wordCount":278,"publisher":{"@id":"https:\/\/www.visitmalinska.com\/#organization"},"image":{"@id":"https:\/\/www.visitmalinska.com\/en\/welcome-summer-2021\/#primaryimage"},"thumbnailUrl":"https:\/\/www.visitmalinska.com\/wp-content\/uploads\/2021\/06\/Welcome-summer-2021.jpg","keywords":["1st summer day","concert","Malinska","welcome summer"],"inLanguage":"sl-SI"},{"@type":"WebPage","@id":"https:\/\/www.visitmalinska.com\/en\/welcome-summer-2021\/","url":"https:\/\/www.visitmalinska.com\/en\/welcome-summer-2021\/","name":"WELCOME SUMMER 2021. - TZO Malinska-Duba\u0161nica","isPartOf":{"@id":"https:\/\/www.visitmalinska.com\/#website"},"primaryImageOfPage":{"@id":"https:\/\/www.visitmalinska.com\/en\/welcome-summer-2021\/#primaryimage"},"image":{"@id":"https:\/\/www.visitmalinska.com\/en\/welcome-summer-2021\/#primaryimage"},"thumbnailUrl":"https:\/\/www.visitmalinska.com\/wp-content\/uploads\/2021\/06\/Welcome-summer-2021.jpg","datePublished":"2021-06-18T12:44:37+00:00","dateModified":"2026-02-18T09:22:44+00:00","breadcrumb":{"@id":"https:\/\/www.visitmalinska.com\/en\/welcome-summer-2021\/#breadcrumb"},"inLanguage":"sl-SI","potentialAction":[{"@type":"ReadAction","target":["https:\/\/www.visitmalinska.com\/en\/welcome-summer-2021\/"]}]},{"@type":"ImageObject","inLanguage":"sl-SI","@id":"https:\/\/www.visitmalinska.com\/en\/welcome-summer-2021\/#primaryimage","url":"https:\/\/www.visitmalinska.com\/wp-content\/uploads\/2021\/06\/Welcome-summer-2021.jpg","contentUrl":"https:\/\/www.visitmalinska.com\/wp-content\/uploads\/2021\/06\/Welcome-summer-2021.jpg","width":1920,"height":1080},{"@type":"BreadcrumbList","@id":"https:\/\/www.visitmalinska.com\/en\/welcome-summer-2021\/#breadcrumb","itemListElement":[{"@type":"ListItem","position":1,"name":"Po\u010detna stranica","item":"https:\/\/www.visitmalinska.com\/"},{"@type":"ListItem","position":2,"name":"WELCOME SUMMER 2021."}]},{"@type":"WebSite","@id":"https:\/\/www.visitmalinska.com\/#website","url":"https:\/\/www.visitmalinska.com\/","name":"TZO Malinska-Duba\u0161nica","description":"","publisher":{"@id":"https:\/\/www.visitmalinska.com\/#organization"},"potentialAction":[{"@type":"SearchAction","target":{"@type":"EntryPoint","urlTemplate":"https:\/\/www.visitmalinska.com\/?s={search_term_string}"},"query-input":{"@type":"PropertyValueSpecification","valueRequired":true,"valueName":"search_term_string"}}],"inLanguage":"sl-SI"},{"@type":"Organization","@id":"https:\/\/www.visitmalinska.com\/#organization","name":"TZO Malinska - Duba\u0161nica","url":"https:\/\/www.visitmalinska.com\/","logo":{"@type":"ImageObject","inLanguage":"sl-SI","@id":"https:\/\/www.visitmalinska.com\/#\/schema\/logo\/image\/","url":"https:\/\/www.visitmalinska.com\/wp-content\/uploads\/2019\/03\/malinska-logo-240.png","contentUrl":"https:\/\/www.visitmalinska.com\/wp-content\/uploads\/2019\/03\/malinska-logo-240.png","width":1188,"height":241,"caption":"TZO Malinska - Duba\u0161nica"},"image":{"@id":"https:\/\/www.visitmalinska.com\/#\/schema\/logo\/image\/"},"sameAs":["https:\/\/www.facebook.com\/Malinska.Island.Krk\/","https:\/\/www.instagram.com\/visitmalinska\/"]},{"@type":"Person","@id":"https:\/\/www.visitmalinska.com\/#\/schema\/person\/b9c1147dfe2084b3a08365febf5f5220","name":"malinska","image":{"@type":"ImageObject","inLanguage":"sl-SI","@id":"https:\/\/www.visitmalinska.com\/#\/schema\/person\/image\/","url":"https:\/\/secure.gravatar.com\/avatar\/ac515a9cf3cc312df7b828fd8023a34546d60e401ca285ebf9d6ffa994fe93c7?s=96&d=mm&r=g","contentUrl":"https:\/\/secure.gravatar.com\/avatar\/ac515a9cf3cc312df7b828fd8023a34546d60e401ca285ebf9d6ffa994fe93c7?s=96&d=mm&r=g","caption":"malinska"},"url":"https:\/\/www.visitmalinska.com\/si\/author\/malinska\/"}]}},"_links":{"self":[{"href":"https:\/\/www.visitmalinska.com\/si\/wp-json\/wp\/v2\/posts\/35904","targetHints":{"allow":["GET"]}}],"collection":[{"href":"https:\/\/www.visitmalinska.com\/si\/wp-json\/wp\/v2\/posts"}],"about":[{"href":"https:\/\/www.visitmalinska.com\/si\/wp-json\/wp\/v2\/types\/post"}],"author":[{"embeddable":true,"href":"https:\/\/www.visitmalinska.com\/si\/wp-json\/wp\/v2\/users\/2"}],"replies":[{"embeddable":true,"href":"https:\/\/www.visitmalinska.com\/si\/wp-json\/wp\/v2\/comments?post=35904"}],"version-history":[{"count":11,"href":"https:\/\/www.visitmalinska.com\/si\/wp-json\/wp\/v2\/posts\/35904\/revisions"}],"predecessor-version":[{"id":35937,"href":"https:\/\/www.visitmalinska.com\/si\/wp-json\/wp\/v2\/posts\/35904\/revisions\/35937"}],"wp:featuredmedia":[{"embeddable":true,"href":"https:\/\/www.visitmalinska.com\/si\/wp-json\/wp\/v2\/media\/35906"}],"wp:attachment":[{"href":"https:\/\/www.visitmalinska.com\/si\/wp-json\/wp\/v2\/media?parent=35904"}],"wp:term":[{"taxonomy":"category","embeddable":true,"href":"https:\/\/www.visitmalinska.com\/si\/wp-json\/wp\/v2\/categories?post=35904"},{"taxonomy":"post_tag","embeddable":true,"href":"https:\/\/www.visitmalinska.com\/si\/wp-json\/wp\/v2\/tags?post=35904"}],"curies":[{"name":"wp","href":"https:\/\/api.w.org\/{rel}","templated":true}]}}