{"id":35376,"date":"2021-04-30T11:48:33","date_gmt":"2021-04-30T09:48:33","guid":{"rendered":"https:\/\/www.visitmalinska.com\/?p=35376"},"modified":"2021-05-06T10:43:51","modified_gmt":"2021-05-06T08:43:51","slug":"dodatne-lokacije-testiranja-na-praznik-rada","status":"publish","type":"post","link":"https:\/\/www.visitmalinska.com\/si\/dodatne-lokacije-testiranja-na-praznik-rada\/","title":{"rendered":"DODATNE LOKACIJE ZA TESTIRANJE NA PRAZNIK DELA"},"content":{"rendered":"<p>[vc_row][vc_column][vc_column_text]<img loading=\"lazy\" decoding=\"async\" class=\"aligncenter wp-image-34105 size-large\" src=\"https:\/\/www.visitmalinska.com\/wp-content\/uploads\/2020\/08\/protecting_against_false_advertising_of_covid_19_-1024x512.jpeg\" alt=\"\" width=\"1024\" height=\"512\" srcset=\"https:\/\/www.visitmalinska.com\/wp-content\/uploads\/2020\/08\/protecting_against_false_advertising_of_covid_19_-1024x512.jpeg 1024w, https:\/\/www.visitmalinska.com\/wp-content\/uploads\/2020\/08\/protecting_against_false_advertising_of_covid_19_-300x150.jpeg 300w, https:\/\/www.visitmalinska.com\/wp-content\/uploads\/2020\/08\/protecting_against_false_advertising_of_covid_19_-768x384.jpeg 768w, https:\/\/www.visitmalinska.com\/wp-content\/uploads\/2020\/08\/protecting_against_false_advertising_of_covid_19_.jpeg 1600w\" sizes=\"auto, (max-width: 1024px) 100vw, 1024px\" \/><\/p>\n<div id=\"vc_row-608bf1fb7243e\" class=\"vc_row wpb_row vc_row-fluid\">\n<div class=\"wpb_column vc_column_container vc_col-sm-12\">\n<div class=\"vc_column-inner \">\n<div class=\"wpb_wrapper\">\n<div class=\"wpb_text_column wpb_content_element \">\n<div class=\"wpb_wrapper\">\n<h4><strong>Raspored mobilnih timov za PCR i HITRA antigenska testiranja <\/strong><strong>na PrAzNIK DELA 1.5.2021. godine (subota)<\/strong><\/h4>\n<\/div>\n<\/div>\n<\/div>\n<\/div>\n<\/div>\n<\/div>\n<div id=\"vc_row-608bf1fb73811\" class=\"vc_row wpb_row vc_row-fluid\">\n<div class=\"wpb_column vc_column_container vc_col-sm-12\">\n<div class=\"vc_column-inner \">\n<div class=\"wpb_wrapper\">\n<div class=\"wpb_text_column wpb_content_element \">\n<div class=\"wpb_wrapper\">\n<h4>lokacije testiranja<\/h4>\n<p>Na navedene lokacije lahko pridejo vsi zainteresirani, brez predhodne najave.<\/p>\n<\/div>\n<\/div>\n<\/div>\n<\/div>\n<\/div>\n<\/div>\n<p>[\/vc_column_text][\/vc_column][\/vc_row][vc_row][vc_column][vc_column_text]<\/p>\n<table style=\"height: 671px;\" width=\"735\">\n<tbody>\n<tr>\n<td width=\"98\"><strong>Grad \/ mjesto<\/strong><\/td>\n<td width=\"314\"><strong>Lokacija testiranja<\/strong><\/td>\n<td width=\"117\"><strong>Vrsta testiranja<\/strong><\/td>\n<td width=\"98\"><strong>Radno vrijeme<\/strong><\/td>\n<\/tr>\n<tr>\n<td width=\"98\">Krk<\/td>\n<td width=\"314\">Pred Zdravstvenim domom (Doma zdravlja) na glavnem vhodu,<\/p>\n<p>Vinogradska 2b, 51500 Krk<\/td>\n<td width=\"117\">HITRI ANTIGENSKI TEST (BAT)<\/td>\n<td width=\"98\">09:00 \u2013 11:00<\/td>\n<\/tr>\n<tr>\n<td width=\"98\">Krk<\/td>\n<td width=\"314\">Pred Turisti\u010dno ambulanto Zdravstvenega doma,<\/p>\n<p>Vinogradska 2b, 51500 Krk<\/td>\n<td width=\"117\">PCR<\/td>\n<td width=\"98\">09:00 \u2013 11:00<\/td>\n<\/tr>\n<tr>\n<td width=\"98\">Omi\u0161alj<\/td>\n<td width=\"314\">Kamp Omi\u0161alj<\/p>\n<p>Vodoto\u010d 1, 51513 Omi\u0161alj<\/td>\n<td width=\"117\">PCR i HITRI ANTIGENSKI TEST (BAT)<\/td>\n<td width=\"98\">08:30 \u2013 09:30<\/td>\n<\/tr>\n<tr>\n<td width=\"98\">Njivice<\/td>\n<td width=\"314\">Aminess Hotels and Campsites<\/p>\n<p>Parking iznad hotela Magal by Aminess (ex Beli Kamik)<\/p>\n<p>Primorska cesta 40, 51512 Njivice<\/td>\n<td width=\"117\">PCR i HITRI ANTIGENSKI TEST (BAT)<\/td>\n<td width=\"98\">10:30 \u2013 11:30<\/td>\n<\/tr>\n<tr>\n<td width=\"98\">Ba\u0161ka<\/td>\n<td width=\"314\">Hotel Zvonimir<\/p>\n<p>Ul. Emila Geistlicha 48, 51523 Ba\u0161ka<\/td>\n<td width=\"117\">PCR i BRZI ANTIGENSKI TEST (BAT)<\/td>\n<td width=\"98\">09:00 \u2013 11:00<\/td>\n<\/tr>\n<\/tbody>\n<\/table>\n<p>[\/vc_column_text][\/vc_column][\/vc_row][vc_row][vc_column][vc_column_text]<strong>CENE I NA\u010cIN PLA\u010cILA TESTIRANJA:<\/strong><\/p>\n<ul>\n<li>PCR test: 490,00 kn<\/li>\n<li>BAT (hitri antigenski test): 150,00 kn<\/li>\n<\/ul>\n<p><strong>Na\u010din pla\u010dila: GOTOVINA!\u00a0<\/strong><\/p>\n<p><strong>P.S.:<\/strong><\/p>\n<p><strong>Za hitro antigensko testiranje (BAT) na dan 01.05.2021., naro\u010danje ni potrebno.<\/strong><\/p>\n<p><strong>Za PCR testiranje nije potrebno prethodno naro\u010dilo, ampak je potrebno pred prihodom na lokacijo za testiranje izpolniti naro\u010dilnico za testiranje.<\/strong><strong>\u00a0<\/strong>V nadaljevanju lahko prevzamete naro\u010dilnico (hrva\u0161ka i angle\u0161ka verzija).<\/p>\n<p><strong>\u00a0<\/strong>[\/vc_column_text][\/vc_column][\/vc_row][vc_row][vc_column][vc_btn title=&#8221;Naro\u010dilnica hrv&#8221; color=&#8221;sky&#8221; link=&#8221;url:https%3A%2F%2Fwww.visitmalinska.com%2Fwp-content%2Fuploads%2F2021%2F04%2FPCR-test-narud%C5%BEbenica.pdf|||&#8221;][vc_btn title=&#8221;Naro\u010dilnica eng&#8221; color=&#8221;sky&#8221; link=&#8221;url:https%3A%2F%2Fwww.visitmalinska.com%2Fwp-content%2Fuploads%2F2021%2F04%2FPCR-test-order-form.docx|||&#8221;][vc_btn title=&#8221;Ve\u010d informacij&#8221; color=&#8221;pink&#8221; link=&#8221;url:http%3A%2F%2Fwww.kvarner.hr%2Fturizam%2Fplanirajte_putovanje%2FKorisne_informacije%2FSavjeti_za_turiste||target:%20_blank|&#8221;][\/vc_column][\/vc_row][vc_row][vc_column][vc_column_text]Za dodatne informacije smo na voljo!<\/p>\n<p>&nbsp;<\/p>\n<p>Delovni \u010das TIC-a TZO Malinska-Duba\u0161nica v soboto, 1. maja 2021.<\/p>\n<p>8:00 &#8211; 13:00[\/vc_column_text][\/vc_column][\/vc_row][vc_row][vc_column][\/vc_column][\/vc_row][vc_row][vc_column][\/vc_column][\/vc_row]<\/p>\n","protected":false},"excerpt":{"rendered":"<p>[vc_row][vc_column][vc_column_text] Raspored mobilnih timov za PCR i HITRA antigenska testiranja na PrAzNIK DELA 1.5.2021. godine (subota) lokacije testiranja Na navedene&#8230;<\/p>\n","protected":false},"author":2,"featured_media":34863,"comment_status":"closed","ping_status":"closed","sticky":false,"template":"","format":"standard","meta":{"footnotes":""},"categories":[1],"tags":[667,710,709,711,669,708,379,521,520,589,707,706],"class_list":{"0":"post-35376","1":"post","2":"type-post","3":"status-publish","4":"format-standard","5":"has-post-thumbnail","7":"category-uncategorized","8":"tag-antigen-schnelltest","9":"tag-bat","10":"tag-covid-test","11":"tag-fast-antigen-test","12":"tag-insel-krk","13":"tag-krk-island","14":"tag-malinska","15":"tag-njivice","16":"tag-omisalj","17":"tag-pcr-test","18":"tag-pcr-test-order-form","19":"tag-testirannje-za-prvi-maj"},"acf":[],"yoast_head":"<!-- This site is optimized with the Yoast SEO plugin v23.5 - https:\/\/yoast.com\/wordpress\/plugins\/seo\/ -->\n<title>DODATNE LOKACIJE ZA TESTIRANJE NA PRAZNIK DELA - TZO Malinska-Duba\u0161nica<\/title>\n<meta name=\"robots\" content=\"index, follow, max-snippet:-1, max-image-preview:large, max-video-preview:-1\" \/>\n<link rel=\"canonical\" href=\"https:\/\/www.visitmalinska.com\/si\/dodatne-lokacije-testiranja-na-praznik-rada\/\" \/>\n<meta property=\"og:locale\" content=\"sl_SI\" \/>\n<meta property=\"og:type\" content=\"article\" \/>\n<meta property=\"og:title\" content=\"{:hr}Dodatne lokacije testiranja na praznik rada{:}{:en}NOTE FOR TESTING ON MAY 1ST 2021{:}{:de}TESTS AM ARBEITSFEIERTAG - Samstag 1. maj 2021{:}{:si}DODATNE LOKACIJE ZA TESTIRANJE NA PRAZNIK DELA{:} - TZO Malinska-Duba\u0161nica\" \/>\n<meta property=\"og:description\" content=\"[vc_row][vc_column][vc_column_text] Raspored mobilnih timov za PCR i HITRA antigenska testiranja na PrAzNIK DELA 1.5.2021. godine (subota) lokacije testiranja Na navedene...\" \/>\n<meta property=\"og:url\" content=\"https:\/\/www.visitmalinska.com\/si\/dodatne-lokacije-testiranja-na-praznik-rada\/\" \/>\n<meta property=\"og:site_name\" content=\"TZO Malinska-Duba\u0161nica\" \/>\n<meta property=\"article:publisher\" content=\"https:\/\/www.facebook.com\/Malinska.Island.Krk\/\" \/>\n<meta property=\"article:published_time\" content=\"2021-04-30T09:48:33+00:00\" \/>\n<meta property=\"article:modified_time\" content=\"2021-05-06T08:43:51+00:00\" \/>\n<meta property=\"og:image\" content=\"https:\/\/www.visitmalinska.com\/wp-content\/uploads\/2021\/01\/iStock-1249501810.jpg\" \/>\n\t<meta property=\"og:image:width\" content=\"2127\" \/>\n\t<meta property=\"og:image:height\" content=\"1409\" \/>\n\t<meta property=\"og:image:type\" content=\"image\/jpeg\" \/>\n<meta name=\"author\" content=\"malinska\" \/>\n<meta name=\"twitter:card\" content=\"summary_large_image\" \/>\n<meta name=\"twitter:label1\" content=\"Written by\" \/>\n\t<meta name=\"twitter:data1\" content=\"malinska\" \/>\n\t<meta name=\"twitter:label2\" content=\"Est. reading time\" \/>\n\t<meta name=\"twitter:data2\" content=\"7 minutes\" \/>\n<script type=\"application\/ld+json\" class=\"yoast-schema-graph\">{\"@context\":\"https:\/\/schema.org\",\"@graph\":[{\"@type\":\"Article\",\"@id\":\"https:\/\/www.visitmalinska.com\/si\/dodatne-lokacije-testiranja-na-praznik-rada\/#article\",\"isPartOf\":{\"@id\":\"https:\/\/www.visitmalinska.com\/si\/dodatne-lokacije-testiranja-na-praznik-rada\/\"},\"author\":{\"name\":\"malinska\",\"@id\":\"https:\/\/www.visitmalinska.com\/#\/schema\/person\/b9c1147dfe2084b3a08365febf5f5220\"},\"headline\":\"DODATNE LOKACIJE ZA TESTIRANJE NA PRAZNIK DELA\",\"datePublished\":\"2021-04-30T09:48:33+00:00\",\"dateModified\":\"2021-05-06T08:43:51+00:00\",\"mainEntityOfPage\":{\"@id\":\"https:\/\/www.visitmalinska.com\/si\/dodatne-lokacije-testiranja-na-praznik-rada\/\"},\"wordCount\":1358,\"publisher\":{\"@id\":\"https:\/\/www.visitmalinska.com\/#organization\"},\"image\":{\"@id\":\"https:\/\/www.visitmalinska.com\/si\/dodatne-lokacije-testiranja-na-praznik-rada\/#primaryimage\"},\"thumbnailUrl\":\"https:\/\/www.visitmalinska.com\/wp-content\/uploads\/2021\/01\/iStock-1249501810.jpg\",\"keywords\":[\"Antigen-Schnelltest\",\"BAT\",\"Covid test\",\"Fast antigen test\",\"Insel Krk\",\"Krk Island\",\"Malinska\",\"njivice\",\"omi\u0161alj\",\"pcr test\",\"PCR test order form\",\"testirannje za prvi maj\"],\"inLanguage\":\"sl-SI\"},{\"@type\":\"WebPage\",\"@id\":\"https:\/\/www.visitmalinska.com\/si\/dodatne-lokacije-testiranja-na-praznik-rada\/\",\"url\":\"https:\/\/www.visitmalinska.com\/si\/dodatne-lokacije-testiranja-na-praznik-rada\/\",\"name\":\"{:hr}Dodatne lokacije testiranja na praznik rada{:}{:en}NOTE FOR TESTING ON MAY 1ST 2021{:}{:de}TESTS AM ARBEITSFEIERTAG - Samstag 1. maj 2021{:}{:si}DODATNE LOKACIJE ZA TESTIRANJE NA PRAZNIK DELA{:} - TZO Malinska-Duba\u0161nica\",\"isPartOf\":{\"@id\":\"https:\/\/www.visitmalinska.com\/#website\"},\"primaryImageOfPage\":{\"@id\":\"https:\/\/www.visitmalinska.com\/si\/dodatne-lokacije-testiranja-na-praznik-rada\/#primaryimage\"},\"image\":{\"@id\":\"https:\/\/www.visitmalinska.com\/si\/dodatne-lokacije-testiranja-na-praznik-rada\/#primaryimage\"},\"thumbnailUrl\":\"https:\/\/www.visitmalinska.com\/wp-content\/uploads\/2021\/01\/iStock-1249501810.jpg\",\"datePublished\":\"2021-04-30T09:48:33+00:00\",\"dateModified\":\"2021-05-06T08:43:51+00:00\",\"breadcrumb\":{\"@id\":\"https:\/\/www.visitmalinska.com\/si\/dodatne-lokacije-testiranja-na-praznik-rada\/#breadcrumb\"},\"inLanguage\":\"sl-SI\",\"potentialAction\":[{\"@type\":\"ReadAction\",\"target\":[\"https:\/\/www.visitmalinska.com\/si\/dodatne-lokacije-testiranja-na-praznik-rada\/\"]}]},{\"@type\":\"ImageObject\",\"inLanguage\":\"sl-SI\",\"@id\":\"https:\/\/www.visitmalinska.com\/si\/dodatne-lokacije-testiranja-na-praznik-rada\/#primaryimage\",\"url\":\"https:\/\/www.visitmalinska.com\/wp-content\/uploads\/2021\/01\/iStock-1249501810.jpg\",\"contentUrl\":\"https:\/\/www.visitmalinska.com\/wp-content\/uploads\/2021\/01\/iStock-1249501810.jpg\",\"width\":2127,\"height\":1409,\"caption\":\"Positive test result by using rapid test for COVID-19, quick fast antibody point of care testing.\"},{\"@type\":\"BreadcrumbList\",\"@id\":\"https:\/\/www.visitmalinska.com\/si\/dodatne-lokacije-testiranja-na-praznik-rada\/#breadcrumb\",\"itemListElement\":[{\"@type\":\"ListItem\",\"position\":1,\"name\":\"Po\u010detna stranica\",\"item\":\"https:\/\/www.visitmalinska.com\/\"},{\"@type\":\"ListItem\",\"position\":2,\"name\":\"DODATNE LOKACIJE ZA TESTIRANJE NA PRAZNIK DELA\"}]},{\"@type\":\"WebSite\",\"@id\":\"https:\/\/www.visitmalinska.com\/#website\",\"url\":\"https:\/\/www.visitmalinska.com\/\",\"name\":\"TZO Malinska-Duba\u0161nica\",\"description\":\"\",\"publisher\":{\"@id\":\"https:\/\/www.visitmalinska.com\/#organization\"},\"potentialAction\":[{\"@type\":\"SearchAction\",\"target\":{\"@type\":\"EntryPoint\",\"urlTemplate\":\"https:\/\/www.visitmalinska.com\/?s={search_term_string}\"},\"query-input\":{\"@type\":\"PropertyValueSpecification\",\"valueRequired\":true,\"valueName\":\"search_term_string\"}}],\"inLanguage\":\"sl-SI\"},{\"@type\":\"Organization\",\"@id\":\"https:\/\/www.visitmalinska.com\/#organization\",\"name\":\"TZO Malinska - Duba\u0161nica\",\"url\":\"https:\/\/www.visitmalinska.com\/\",\"logo\":{\"@type\":\"ImageObject\",\"inLanguage\":\"sl-SI\",\"@id\":\"https:\/\/www.visitmalinska.com\/#\/schema\/logo\/image\/\",\"url\":\"https:\/\/www.visitmalinska.com\/wp-content\/uploads\/2019\/03\/malinska-logo-240.png\",\"contentUrl\":\"https:\/\/www.visitmalinska.com\/wp-content\/uploads\/2019\/03\/malinska-logo-240.png\",\"width\":1188,\"height\":241,\"caption\":\"TZO Malinska - Duba\u0161nica\"},\"image\":{\"@id\":\"https:\/\/www.visitmalinska.com\/#\/schema\/logo\/image\/\"},\"sameAs\":[\"https:\/\/www.facebook.com\/Malinska.Island.Krk\/\",\"https:\/\/www.instagram.com\/visitmalinska\/\"]},{\"@type\":\"Person\",\"@id\":\"https:\/\/www.visitmalinska.com\/#\/schema\/person\/b9c1147dfe2084b3a08365febf5f5220\",\"name\":\"malinska\",\"image\":{\"@type\":\"ImageObject\",\"inLanguage\":\"sl-SI\",\"@id\":\"https:\/\/www.visitmalinska.com\/#\/schema\/person\/image\/\",\"url\":\"https:\/\/secure.gravatar.com\/avatar\/ac515a9cf3cc312df7b828fd8023a34546d60e401ca285ebf9d6ffa994fe93c7?s=96&d=mm&r=g\",\"contentUrl\":\"https:\/\/secure.gravatar.com\/avatar\/ac515a9cf3cc312df7b828fd8023a34546d60e401ca285ebf9d6ffa994fe93c7?s=96&d=mm&r=g\",\"caption\":\"malinska\"},\"url\":\"https:\/\/www.visitmalinska.com\/si\/author\/malinska\/\"}]}<\/script>\n<!-- \/ Yoast SEO plugin. -->","yoast_head_json":{"title":"DODATNE LOKACIJE ZA TESTIRANJE NA PRAZNIK DELA - TZO Malinska-Duba\u0161nica","robots":{"index":"index","follow":"follow","max-snippet":"max-snippet:-1","max-image-preview":"max-image-preview:large","max-video-preview":"max-video-preview:-1"},"canonical":"https:\/\/www.visitmalinska.com\/si\/dodatne-lokacije-testiranja-na-praznik-rada\/","og_locale":"sl_SI","og_type":"article","og_title":"{:hr}Dodatne lokacije testiranja na praznik rada{:}{:en}NOTE FOR TESTING ON MAY 1ST 2021{:}{:de}TESTS AM ARBEITSFEIERTAG - Samstag 1. maj 2021{:}{:si}DODATNE LOKACIJE ZA TESTIRANJE NA PRAZNIK DELA{:} - TZO Malinska-Duba\u0161nica","og_description":"[vc_row][vc_column][vc_column_text] Raspored mobilnih timov za PCR i HITRA antigenska testiranja na PrAzNIK DELA 1.5.2021. godine (subota) lokacije testiranja Na navedene...","og_url":"https:\/\/www.visitmalinska.com\/si\/dodatne-lokacije-testiranja-na-praznik-rada\/","og_site_name":"TZO Malinska-Duba\u0161nica","article_publisher":"https:\/\/www.facebook.com\/Malinska.Island.Krk\/","article_published_time":"2021-04-30T09:48:33+00:00","article_modified_time":"2021-05-06T08:43:51+00:00","og_image":[{"width":2127,"height":1409,"url":"https:\/\/www.visitmalinska.com\/wp-content\/uploads\/2021\/01\/iStock-1249501810.jpg","type":"image\/jpeg"}],"author":"malinska","twitter_card":"summary_large_image","twitter_misc":{"Written by":"malinska","Est. reading time":"7 minutes"},"schema":{"@context":"https:\/\/schema.org","@graph":[{"@type":"Article","@id":"https:\/\/www.visitmalinska.com\/si\/dodatne-lokacije-testiranja-na-praznik-rada\/#article","isPartOf":{"@id":"https:\/\/www.visitmalinska.com\/si\/dodatne-lokacije-testiranja-na-praznik-rada\/"},"author":{"name":"malinska","@id":"https:\/\/www.visitmalinska.com\/#\/schema\/person\/b9c1147dfe2084b3a08365febf5f5220"},"headline":"DODATNE LOKACIJE ZA TESTIRANJE NA PRAZNIK DELA","datePublished":"2021-04-30T09:48:33+00:00","dateModified":"2021-05-06T08:43:51+00:00","mainEntityOfPage":{"@id":"https:\/\/www.visitmalinska.com\/si\/dodatne-lokacije-testiranja-na-praznik-rada\/"},"wordCount":1358,"publisher":{"@id":"https:\/\/www.visitmalinska.com\/#organization"},"image":{"@id":"https:\/\/www.visitmalinska.com\/si\/dodatne-lokacije-testiranja-na-praznik-rada\/#primaryimage"},"thumbnailUrl":"https:\/\/www.visitmalinska.com\/wp-content\/uploads\/2021\/01\/iStock-1249501810.jpg","keywords":["Antigen-Schnelltest","BAT","Covid test","Fast antigen test","Insel Krk","Krk Island","Malinska","njivice","omi\u0161alj","pcr test","PCR test order form","testirannje za prvi maj"],"inLanguage":"sl-SI"},{"@type":"WebPage","@id":"https:\/\/www.visitmalinska.com\/si\/dodatne-lokacije-testiranja-na-praznik-rada\/","url":"https:\/\/www.visitmalinska.com\/si\/dodatne-lokacije-testiranja-na-praznik-rada\/","name":"{:hr}Dodatne lokacije testiranja na praznik rada{:}{:en}NOTE FOR TESTING ON MAY 1ST 2021{:}{:de}TESTS AM ARBEITSFEIERTAG - Samstag 1. maj 2021{:}{:si}DODATNE LOKACIJE ZA TESTIRANJE NA PRAZNIK DELA{:} - TZO Malinska-Duba\u0161nica","isPartOf":{"@id":"https:\/\/www.visitmalinska.com\/#website"},"primaryImageOfPage":{"@id":"https:\/\/www.visitmalinska.com\/si\/dodatne-lokacije-testiranja-na-praznik-rada\/#primaryimage"},"image":{"@id":"https:\/\/www.visitmalinska.com\/si\/dodatne-lokacije-testiranja-na-praznik-rada\/#primaryimage"},"thumbnailUrl":"https:\/\/www.visitmalinska.com\/wp-content\/uploads\/2021\/01\/iStock-1249501810.jpg","datePublished":"2021-04-30T09:48:33+00:00","dateModified":"2021-05-06T08:43:51+00:00","breadcrumb":{"@id":"https:\/\/www.visitmalinska.com\/si\/dodatne-lokacije-testiranja-na-praznik-rada\/#breadcrumb"},"inLanguage":"sl-SI","potentialAction":[{"@type":"ReadAction","target":["https:\/\/www.visitmalinska.com\/si\/dodatne-lokacije-testiranja-na-praznik-rada\/"]}]},{"@type":"ImageObject","inLanguage":"sl-SI","@id":"https:\/\/www.visitmalinska.com\/si\/dodatne-lokacije-testiranja-na-praznik-rada\/#primaryimage","url":"https:\/\/www.visitmalinska.com\/wp-content\/uploads\/2021\/01\/iStock-1249501810.jpg","contentUrl":"https:\/\/www.visitmalinska.com\/wp-content\/uploads\/2021\/01\/iStock-1249501810.jpg","width":2127,"height":1409,"caption":"Positive test result by using rapid test for COVID-19, quick fast antibody point of care testing."},{"@type":"BreadcrumbList","@id":"https:\/\/www.visitmalinska.com\/si\/dodatne-lokacije-testiranja-na-praznik-rada\/#breadcrumb","itemListElement":[{"@type":"ListItem","position":1,"name":"Po\u010detna stranica","item":"https:\/\/www.visitmalinska.com\/"},{"@type":"ListItem","position":2,"name":"DODATNE LOKACIJE ZA TESTIRANJE NA PRAZNIK DELA"}]},{"@type":"WebSite","@id":"https:\/\/www.visitmalinska.com\/#website","url":"https:\/\/www.visitmalinska.com\/","name":"TZO Malinska-Duba\u0161nica","description":"","publisher":{"@id":"https:\/\/www.visitmalinska.com\/#organization"},"potentialAction":[{"@type":"SearchAction","target":{"@type":"EntryPoint","urlTemplate":"https:\/\/www.visitmalinska.com\/?s={search_term_string}"},"query-input":{"@type":"PropertyValueSpecification","valueRequired":true,"valueName":"search_term_string"}}],"inLanguage":"sl-SI"},{"@type":"Organization","@id":"https:\/\/www.visitmalinska.com\/#organization","name":"TZO Malinska - Duba\u0161nica","url":"https:\/\/www.visitmalinska.com\/","logo":{"@type":"ImageObject","inLanguage":"sl-SI","@id":"https:\/\/www.visitmalinska.com\/#\/schema\/logo\/image\/","url":"https:\/\/www.visitmalinska.com\/wp-content\/uploads\/2019\/03\/malinska-logo-240.png","contentUrl":"https:\/\/www.visitmalinska.com\/wp-content\/uploads\/2019\/03\/malinska-logo-240.png","width":1188,"height":241,"caption":"TZO Malinska - Duba\u0161nica"},"image":{"@id":"https:\/\/www.visitmalinska.com\/#\/schema\/logo\/image\/"},"sameAs":["https:\/\/www.facebook.com\/Malinska.Island.Krk\/","https:\/\/www.instagram.com\/visitmalinska\/"]},{"@type":"Person","@id":"https:\/\/www.visitmalinska.com\/#\/schema\/person\/b9c1147dfe2084b3a08365febf5f5220","name":"malinska","image":{"@type":"ImageObject","inLanguage":"sl-SI","@id":"https:\/\/www.visitmalinska.com\/#\/schema\/person\/image\/","url":"https:\/\/secure.gravatar.com\/avatar\/ac515a9cf3cc312df7b828fd8023a34546d60e401ca285ebf9d6ffa994fe93c7?s=96&d=mm&r=g","contentUrl":"https:\/\/secure.gravatar.com\/avatar\/ac515a9cf3cc312df7b828fd8023a34546d60e401ca285ebf9d6ffa994fe93c7?s=96&d=mm&r=g","caption":"malinska"},"url":"https:\/\/www.visitmalinska.com\/si\/author\/malinska\/"}]}},"_links":{"self":[{"href":"https:\/\/www.visitmalinska.com\/si\/wp-json\/wp\/v2\/posts\/35376","targetHints":{"allow":["GET"]}}],"collection":[{"href":"https:\/\/www.visitmalinska.com\/si\/wp-json\/wp\/v2\/posts"}],"about":[{"href":"https:\/\/www.visitmalinska.com\/si\/wp-json\/wp\/v2\/types\/post"}],"author":[{"embeddable":true,"href":"https:\/\/www.visitmalinska.com\/si\/wp-json\/wp\/v2\/users\/2"}],"replies":[{"embeddable":true,"href":"https:\/\/www.visitmalinska.com\/si\/wp-json\/wp\/v2\/comments?post=35376"}],"version-history":[{"count":61,"href":"https:\/\/www.visitmalinska.com\/si\/wp-json\/wp\/v2\/posts\/35376\/revisions"}],"predecessor-version":[{"id":35471,"href":"https:\/\/www.visitmalinska.com\/si\/wp-json\/wp\/v2\/posts\/35376\/revisions\/35471"}],"wp:featuredmedia":[{"embeddable":true,"href":"https:\/\/www.visitmalinska.com\/si\/wp-json\/wp\/v2\/media\/34863"}],"wp:attachment":[{"href":"https:\/\/www.visitmalinska.com\/si\/wp-json\/wp\/v2\/media?parent=35376"}],"wp:term":[{"taxonomy":"category","embeddable":true,"href":"https:\/\/www.visitmalinska.com\/si\/wp-json\/wp\/v2\/categories?post=35376"},{"taxonomy":"post_tag","embeddable":true,"href":"https:\/\/www.visitmalinska.com\/si\/wp-json\/wp\/v2\/tags?post=35376"}],"curies":[{"name":"wp","href":"https:\/\/api.w.org\/{rel}","templated":true}]}}