{"id":33831,"date":"2020-05-27T13:11:25","date_gmt":"2020-05-27T11:11:25","guid":{"rendered":"https:\/\/www.visitmalinska.com\/?p=33831"},"modified":"2026-03-12T08:50:22","modified_gmt":"2026-03-12T06:50:22","slug":"ljetna-skola-jedrenja-u-malinskoj","status":"publish","type":"post","link":"https:\/\/www.visitmalinska.com\/si\/ljetna-skola-jedrenja-u-malinskoj\/","title":{"rendered":"Ljetna \u0161kola jedrenja u Malinskoj"},"content":{"rendered":"<p>[vc_row][vc_column][vc_column_text]Obavijest o po\u010detku rada ljetne \u0160kole jedrenja u Malinskoj<\/p>\n<p>&nbsp;<\/p>\n<p>Po\u0161tovani roditelji,<\/p>\n<p>ljubitelji jedrenja i sportske rekreacije na moru, isti\u010demo da \u0107e <strong>23.6.2020. godine<\/strong>, zapo\u010deti s radom ljetna <em><strong>\u0160kola jedrenja za klasu optimist<\/strong><\/em>. Upisom u \u0161kolu jedrenja koju organizira i izvodi Jedrili\u010darski klub Malinska u\u010denici usvajaju vje\u0161tine u jedrenju, kvalitetnije provo\u0111enje slobodnog vremena tijekom ljeta. Upisi, kao i poha\u0111anje \u0161kole jedrenja su besplatni za sve \u010dlanove kluba.<\/p>\n<p>Godi\u0161nja \u010dlanarina za u\u010denike \u0161kole Malinska-Duba\u0161nica iznosi 200,00 kuna. \u0160kolu jedrenja podupire Op\u0107ina Malinska-Duba\u0161nica.<\/p>\n<p><img loading=\"lazy\" decoding=\"async\" class=\"aligncenter wp-image-33832 size-large\" src=\"https:\/\/www.visitmalinska.com\/wp-content\/uploads\/2020\/05\/37263369_1773199876128420_5520470788676780032_o-1024x576.jpg\" alt=\"\" width=\"1024\" height=\"576\" srcset=\"https:\/\/www.visitmalinska.com\/wp-content\/uploads\/2020\/05\/37263369_1773199876128420_5520470788676780032_o-1024x576.jpg 1024w, https:\/\/www.visitmalinska.com\/wp-content\/uploads\/2020\/05\/37263369_1773199876128420_5520470788676780032_o-300x169.jpg 300w, https:\/\/www.visitmalinska.com\/wp-content\/uploads\/2020\/05\/37263369_1773199876128420_5520470788676780032_o-768x432.jpg 768w, https:\/\/www.visitmalinska.com\/wp-content\/uploads\/2020\/05\/37263369_1773199876128420_5520470788676780032_o.jpg 1992w\" sizes=\"auto, (max-width: 1024px) 100vw, 1024px\" \/><\/p>\n<p>I ove godine nastavljamo s radom \u0160kole jedrenja za napredne i Trening za takmi\u010dare, te se usporedno organizira i nastavak treninga za one koji su uspje\u0161no zavr\u0161ili dosada\u0161nje \u0161kole jedrenja.<\/p>\n<p>\u0160kola jedrenja biti \u0107e organizirana svaki dan (osim subote i nedjelje) od 9:00 do 16:00 sati po rasporedu sati u\u010ditelja jedrenja.<\/p>\n<p>Upisi u \u0161kolu jedrenja su 23.6.2020. godine u 10:00 sati kod jedrilica na rivi (blizu istezali\u0161ta [pored Restorana The Kitchen]).<\/p>\n<p>Sve informacije i dodatna poja\u0161njenja mo\u017eete dobiti na tel. 098 161 1370, kod Koordinatora \u0161kole jedrenja.<\/p>\n<p>&nbsp;<\/p>\n<p style=\"text-align: right;\">S po\u0161tovanjem<br \/>\nJK Malinska<\/p>\n<p>&nbsp;<\/p>\n<p>Prijavni obrazac mo\u017eete preuzeti klikom na gumb u nastavku.[\/vc_column_text][\/vc_column][\/vc_row][vc_row][vc_column][vc_btn title=&#8221;Obrazac za upis u \u0160kolu jedrenja 2020.&#8221; color=&#8221;primary&#8221; size=&#8221;lg&#8221; link=&#8221;url:https%3A%2F%2Fwww.visitmalinska.com%2Fwp-content%2Fuploads%2F2020%2F05%2F%C5%A0kola-jedrenja_2020.pdf|title:Obrazac%20za%20upis%20u%20%C5%A0kolu%20jedrenja%202020.|target:%20_blank|&#8221;][\/vc_column][\/vc_row]<\/p>\n","protected":false},"excerpt":{"rendered":"<p>[vc_row][vc_column][vc_column_text]Obavijest o po\u010detku rada ljetne \u0160kole jedrenja u Malinskoj &nbsp; Po\u0161tovani roditelji, ljubitelji jedrenja i sportske rekreacije na moru, isti\u010demo&#8230;<\/p>\n","protected":false},"author":2,"featured_media":33832,"comment_status":"closed","ping_status":"closed","sticky":false,"template":"","format":"standard","meta":{"footnotes":""},"categories":[1],"tags":[456,455,457,450,453,447,452,449,445,379,448,410,442,451,441,443,444,446,454,414],"class_list":{"0":"post-33831","1":"post","2":"type-post","3":"status-publish","4":"format-standard","5":"has-post-thumbnail","7":"category-uncategorized","8":"tag-sailing","9":"tag-sailingschool","10":"tag-skolajedrenja","11":"tag-jadralna-sola","12":"tag-jedrenje","13":"tag-jedrilicarski-klub-malinska","14":"tag-jk-malinska","15":"tag-klasa-optimist","16":"tag-ljetna-skola-jedrenja","17":"tag-malinska","18":"tag-opcina-malinska-dubasnica","19":"tag-otok-krk","20":"tag-sailing-school","21":"tag-segel-schule","22":"tag-skola-jedrenja","23":"tag-skola-jedrenja-u-malinskoj","24":"tag-skola-jedrenja-za-klasu-optimist","25":"tag-upisi-u-skolu-jedrenja","26":"tag-visit-malinska","27":"tag-visitmalinska"},"acf":[],"yoast_head":"<!-- This site is optimized with the Yoast SEO plugin v23.5 - https:\/\/yoast.com\/wordpress\/plugins\/seo\/ -->\n<title>Ljetna \u0161kola jedrenja u Malinskoj - TZO Malinska-Duba\u0161nica<\/title>\n<meta name=\"robots\" content=\"index, follow, max-snippet:-1, max-image-preview:large, max-video-preview:-1\" \/>\n<link rel=\"canonical\" href=\"https:\/\/www.visitmalinska.com\/ljetna-skola-jedrenja-u-malinskoj\/\" \/>\n<meta property=\"og:locale\" content=\"sl_SI\" \/>\n<meta property=\"og:type\" content=\"article\" \/>\n<meta property=\"og:title\" content=\"Ljetna \u0161kola jedrenja u Malinskoj - TZO Malinska-Duba\u0161nica\" \/>\n<meta property=\"og:description\" content=\"[vc_row][vc_column][vc_column_text]Obavijest o po\u010detku rada ljetne \u0160kole jedrenja u Malinskoj &nbsp; Po\u0161tovani roditelji, ljubitelji jedrenja i sportske rekreacije na moru, isti\u010demo...\" \/>\n<meta property=\"og:url\" content=\"https:\/\/www.visitmalinska.com\/ljetna-skola-jedrenja-u-malinskoj\/\" \/>\n<meta property=\"og:site_name\" content=\"TZO Malinska-Duba\u0161nica\" \/>\n<meta property=\"article:publisher\" content=\"https:\/\/www.facebook.com\/Malinska.Island.Krk\/\" \/>\n<meta property=\"article:published_time\" content=\"2020-05-27T11:11:25+00:00\" \/>\n<meta property=\"article:modified_time\" content=\"2026-03-12T06:50:22+00:00\" \/>\n<meta property=\"og:image\" content=\"https:\/\/www.visitmalinska.com\/wp-content\/uploads\/2020\/05\/37263369_1773199876128420_5520470788676780032_o.jpg\" \/>\n\t<meta property=\"og:image:width\" content=\"1992\" \/>\n\t<meta property=\"og:image:height\" content=\"1121\" \/>\n\t<meta property=\"og:image:type\" content=\"image\/jpeg\" \/>\n<meta name=\"author\" content=\"malinska\" \/>\n<meta name=\"twitter:card\" content=\"summary_large_image\" \/>\n<meta name=\"twitter:label1\" content=\"Written by\" \/>\n\t<meta name=\"twitter:data1\" content=\"malinska\" \/>\n\t<meta name=\"twitter:label2\" content=\"Est. reading time\" \/>\n\t<meta name=\"twitter:data2\" content=\"1 minute\" \/>\n<script type=\"application\/ld+json\" class=\"yoast-schema-graph\">{\"@context\":\"https:\/\/schema.org\",\"@graph\":[{\"@type\":\"Article\",\"@id\":\"https:\/\/www.visitmalinska.com\/ljetna-skola-jedrenja-u-malinskoj\/#article\",\"isPartOf\":{\"@id\":\"https:\/\/www.visitmalinska.com\/ljetna-skola-jedrenja-u-malinskoj\/\"},\"author\":{\"name\":\"malinska\",\"@id\":\"https:\/\/www.visitmalinska.com\/#\/schema\/person\/b9c1147dfe2084b3a08365febf5f5220\"},\"headline\":\"Ljetna \u0161kola jedrenja u Malinskoj\",\"datePublished\":\"2020-05-27T11:11:25+00:00\",\"dateModified\":\"2026-03-12T06:50:22+00:00\",\"mainEntityOfPage\":{\"@id\":\"https:\/\/www.visitmalinska.com\/ljetna-skola-jedrenja-u-malinskoj\/\"},\"wordCount\":266,\"publisher\":{\"@id\":\"https:\/\/www.visitmalinska.com\/#organization\"},\"image\":{\"@id\":\"https:\/\/www.visitmalinska.com\/ljetna-skola-jedrenja-u-malinskoj\/#primaryimage\"},\"thumbnailUrl\":\"https:\/\/www.visitmalinska.com\/wp-content\/uploads\/2020\/05\/37263369_1773199876128420_5520470788676780032_o.jpg\",\"keywords\":[\"#sailing\",\"#sailingschool\",\"#skolajedrenja\",\"jadralna \u0161ola\",\"jedrenje\",\"Jedrili\u010darski klub Malinska\",\"JK Malinska\",\"klasa optimist\",\"ljetna \u0161kola jedrenja\",\"Malinska\",\"Op\u0107ina Malinska-Duba\u0161nica\",\"otok krk\",\"sailing school\",\"segel schule\",\"\u0161kola jedrenja\",\"\u0161kola jedrenja u Malinskoj\",\"\u0160kola jedrenja za klasu optimist\",\"upisi u \u0161kolu jedrenja\",\"Visit Malinska\",\"visitmalinska\"],\"inLanguage\":\"sl-SI\"},{\"@type\":\"WebPage\",\"@id\":\"https:\/\/www.visitmalinska.com\/ljetna-skola-jedrenja-u-malinskoj\/\",\"url\":\"https:\/\/www.visitmalinska.com\/ljetna-skola-jedrenja-u-malinskoj\/\",\"name\":\"Ljetna \u0161kola jedrenja u Malinskoj - TZO Malinska-Duba\u0161nica\",\"isPartOf\":{\"@id\":\"https:\/\/www.visitmalinska.com\/#website\"},\"primaryImageOfPage\":{\"@id\":\"https:\/\/www.visitmalinska.com\/ljetna-skola-jedrenja-u-malinskoj\/#primaryimage\"},\"image\":{\"@id\":\"https:\/\/www.visitmalinska.com\/ljetna-skola-jedrenja-u-malinskoj\/#primaryimage\"},\"thumbnailUrl\":\"https:\/\/www.visitmalinska.com\/wp-content\/uploads\/2020\/05\/37263369_1773199876128420_5520470788676780032_o.jpg\",\"datePublished\":\"2020-05-27T11:11:25+00:00\",\"dateModified\":\"2026-03-12T06:50:22+00:00\",\"breadcrumb\":{\"@id\":\"https:\/\/www.visitmalinska.com\/ljetna-skola-jedrenja-u-malinskoj\/#breadcrumb\"},\"inLanguage\":\"sl-SI\",\"potentialAction\":[{\"@type\":\"ReadAction\",\"target\":[\"https:\/\/www.visitmalinska.com\/ljetna-skola-jedrenja-u-malinskoj\/\"]}]},{\"@type\":\"ImageObject\",\"inLanguage\":\"sl-SI\",\"@id\":\"https:\/\/www.visitmalinska.com\/ljetna-skola-jedrenja-u-malinskoj\/#primaryimage\",\"url\":\"https:\/\/www.visitmalinska.com\/wp-content\/uploads\/2020\/05\/37263369_1773199876128420_5520470788676780032_o.jpg\",\"contentUrl\":\"https:\/\/www.visitmalinska.com\/wp-content\/uploads\/2020\/05\/37263369_1773199876128420_5520470788676780032_o.jpg\",\"width\":1992,\"height\":1121},{\"@type\":\"BreadcrumbList\",\"@id\":\"https:\/\/www.visitmalinska.com\/ljetna-skola-jedrenja-u-malinskoj\/#breadcrumb\",\"itemListElement\":[{\"@type\":\"ListItem\",\"position\":1,\"name\":\"Po\u010detna stranica\",\"item\":\"https:\/\/www.visitmalinska.com\/\"},{\"@type\":\"ListItem\",\"position\":2,\"name\":\"Ljetna \u0161kola jedrenja u Malinskoj\"}]},{\"@type\":\"WebSite\",\"@id\":\"https:\/\/www.visitmalinska.com\/#website\",\"url\":\"https:\/\/www.visitmalinska.com\/\",\"name\":\"TZO Malinska-Duba\u0161nica\",\"description\":\"\",\"publisher\":{\"@id\":\"https:\/\/www.visitmalinska.com\/#organization\"},\"potentialAction\":[{\"@type\":\"SearchAction\",\"target\":{\"@type\":\"EntryPoint\",\"urlTemplate\":\"https:\/\/www.visitmalinska.com\/?s={search_term_string}\"},\"query-input\":{\"@type\":\"PropertyValueSpecification\",\"valueRequired\":true,\"valueName\":\"search_term_string\"}}],\"inLanguage\":\"sl-SI\"},{\"@type\":\"Organization\",\"@id\":\"https:\/\/www.visitmalinska.com\/#organization\",\"name\":\"TZO Malinska - Duba\u0161nica\",\"url\":\"https:\/\/www.visitmalinska.com\/\",\"logo\":{\"@type\":\"ImageObject\",\"inLanguage\":\"sl-SI\",\"@id\":\"https:\/\/www.visitmalinska.com\/#\/schema\/logo\/image\/\",\"url\":\"https:\/\/www.visitmalinska.com\/wp-content\/uploads\/2019\/03\/malinska-logo-240.png\",\"contentUrl\":\"https:\/\/www.visitmalinska.com\/wp-content\/uploads\/2019\/03\/malinska-logo-240.png\",\"width\":1188,\"height\":241,\"caption\":\"TZO Malinska - Duba\u0161nica\"},\"image\":{\"@id\":\"https:\/\/www.visitmalinska.com\/#\/schema\/logo\/image\/\"},\"sameAs\":[\"https:\/\/www.facebook.com\/Malinska.Island.Krk\/\",\"https:\/\/www.instagram.com\/visitmalinska\/\"]},{\"@type\":\"Person\",\"@id\":\"https:\/\/www.visitmalinska.com\/#\/schema\/person\/b9c1147dfe2084b3a08365febf5f5220\",\"name\":\"malinska\",\"image\":{\"@type\":\"ImageObject\",\"inLanguage\":\"sl-SI\",\"@id\":\"https:\/\/www.visitmalinska.com\/#\/schema\/person\/image\/\",\"url\":\"https:\/\/secure.gravatar.com\/avatar\/ac515a9cf3cc312df7b828fd8023a34546d60e401ca285ebf9d6ffa994fe93c7?s=96&d=mm&r=g\",\"contentUrl\":\"https:\/\/secure.gravatar.com\/avatar\/ac515a9cf3cc312df7b828fd8023a34546d60e401ca285ebf9d6ffa994fe93c7?s=96&d=mm&r=g\",\"caption\":\"malinska\"},\"url\":\"https:\/\/www.visitmalinska.com\/si\/author\/malinska\/\"}]}<\/script>\n<!-- \/ Yoast SEO plugin. -->","yoast_head_json":{"title":"Ljetna \u0161kola jedrenja u Malinskoj - TZO Malinska-Duba\u0161nica","robots":{"index":"index","follow":"follow","max-snippet":"max-snippet:-1","max-image-preview":"max-image-preview:large","max-video-preview":"max-video-preview:-1"},"canonical":"https:\/\/www.visitmalinska.com\/ljetna-skola-jedrenja-u-malinskoj\/","og_locale":"sl_SI","og_type":"article","og_title":"Ljetna \u0161kola jedrenja u Malinskoj - TZO Malinska-Duba\u0161nica","og_description":"[vc_row][vc_column][vc_column_text]Obavijest o po\u010detku rada ljetne \u0160kole jedrenja u Malinskoj &nbsp; Po\u0161tovani roditelji, ljubitelji jedrenja i sportske rekreacije na moru, isti\u010demo...","og_url":"https:\/\/www.visitmalinska.com\/ljetna-skola-jedrenja-u-malinskoj\/","og_site_name":"TZO Malinska-Duba\u0161nica","article_publisher":"https:\/\/www.facebook.com\/Malinska.Island.Krk\/","article_published_time":"2020-05-27T11:11:25+00:00","article_modified_time":"2026-03-12T06:50:22+00:00","og_image":[{"width":1992,"height":1121,"url":"https:\/\/www.visitmalinska.com\/wp-content\/uploads\/2020\/05\/37263369_1773199876128420_5520470788676780032_o.jpg","type":"image\/jpeg"}],"author":"malinska","twitter_card":"summary_large_image","twitter_misc":{"Written by":"malinska","Est. reading time":"1 minute"},"schema":{"@context":"https:\/\/schema.org","@graph":[{"@type":"Article","@id":"https:\/\/www.visitmalinska.com\/ljetna-skola-jedrenja-u-malinskoj\/#article","isPartOf":{"@id":"https:\/\/www.visitmalinska.com\/ljetna-skola-jedrenja-u-malinskoj\/"},"author":{"name":"malinska","@id":"https:\/\/www.visitmalinska.com\/#\/schema\/person\/b9c1147dfe2084b3a08365febf5f5220"},"headline":"Ljetna \u0161kola jedrenja u Malinskoj","datePublished":"2020-05-27T11:11:25+00:00","dateModified":"2026-03-12T06:50:22+00:00","mainEntityOfPage":{"@id":"https:\/\/www.visitmalinska.com\/ljetna-skola-jedrenja-u-malinskoj\/"},"wordCount":266,"publisher":{"@id":"https:\/\/www.visitmalinska.com\/#organization"},"image":{"@id":"https:\/\/www.visitmalinska.com\/ljetna-skola-jedrenja-u-malinskoj\/#primaryimage"},"thumbnailUrl":"https:\/\/www.visitmalinska.com\/wp-content\/uploads\/2020\/05\/37263369_1773199876128420_5520470788676780032_o.jpg","keywords":["#sailing","#sailingschool","#skolajedrenja","jadralna \u0161ola","jedrenje","Jedrili\u010darski klub Malinska","JK Malinska","klasa optimist","ljetna \u0161kola jedrenja","Malinska","Op\u0107ina Malinska-Duba\u0161nica","otok krk","sailing school","segel schule","\u0161kola jedrenja","\u0161kola jedrenja u Malinskoj","\u0160kola jedrenja za klasu optimist","upisi u \u0161kolu jedrenja","Visit Malinska","visitmalinska"],"inLanguage":"sl-SI"},{"@type":"WebPage","@id":"https:\/\/www.visitmalinska.com\/ljetna-skola-jedrenja-u-malinskoj\/","url":"https:\/\/www.visitmalinska.com\/ljetna-skola-jedrenja-u-malinskoj\/","name":"Ljetna \u0161kola jedrenja u Malinskoj - TZO Malinska-Duba\u0161nica","isPartOf":{"@id":"https:\/\/www.visitmalinska.com\/#website"},"primaryImageOfPage":{"@id":"https:\/\/www.visitmalinska.com\/ljetna-skola-jedrenja-u-malinskoj\/#primaryimage"},"image":{"@id":"https:\/\/www.visitmalinska.com\/ljetna-skola-jedrenja-u-malinskoj\/#primaryimage"},"thumbnailUrl":"https:\/\/www.visitmalinska.com\/wp-content\/uploads\/2020\/05\/37263369_1773199876128420_5520470788676780032_o.jpg","datePublished":"2020-05-27T11:11:25+00:00","dateModified":"2026-03-12T06:50:22+00:00","breadcrumb":{"@id":"https:\/\/www.visitmalinska.com\/ljetna-skola-jedrenja-u-malinskoj\/#breadcrumb"},"inLanguage":"sl-SI","potentialAction":[{"@type":"ReadAction","target":["https:\/\/www.visitmalinska.com\/ljetna-skola-jedrenja-u-malinskoj\/"]}]},{"@type":"ImageObject","inLanguage":"sl-SI","@id":"https:\/\/www.visitmalinska.com\/ljetna-skola-jedrenja-u-malinskoj\/#primaryimage","url":"https:\/\/www.visitmalinska.com\/wp-content\/uploads\/2020\/05\/37263369_1773199876128420_5520470788676780032_o.jpg","contentUrl":"https:\/\/www.visitmalinska.com\/wp-content\/uploads\/2020\/05\/37263369_1773199876128420_5520470788676780032_o.jpg","width":1992,"height":1121},{"@type":"BreadcrumbList","@id":"https:\/\/www.visitmalinska.com\/ljetna-skola-jedrenja-u-malinskoj\/#breadcrumb","itemListElement":[{"@type":"ListItem","position":1,"name":"Po\u010detna stranica","item":"https:\/\/www.visitmalinska.com\/"},{"@type":"ListItem","position":2,"name":"Ljetna \u0161kola jedrenja u Malinskoj"}]},{"@type":"WebSite","@id":"https:\/\/www.visitmalinska.com\/#website","url":"https:\/\/www.visitmalinska.com\/","name":"TZO Malinska-Duba\u0161nica","description":"","publisher":{"@id":"https:\/\/www.visitmalinska.com\/#organization"},"potentialAction":[{"@type":"SearchAction","target":{"@type":"EntryPoint","urlTemplate":"https:\/\/www.visitmalinska.com\/?s={search_term_string}"},"query-input":{"@type":"PropertyValueSpecification","valueRequired":true,"valueName":"search_term_string"}}],"inLanguage":"sl-SI"},{"@type":"Organization","@id":"https:\/\/www.visitmalinska.com\/#organization","name":"TZO Malinska - Duba\u0161nica","url":"https:\/\/www.visitmalinska.com\/","logo":{"@type":"ImageObject","inLanguage":"sl-SI","@id":"https:\/\/www.visitmalinska.com\/#\/schema\/logo\/image\/","url":"https:\/\/www.visitmalinska.com\/wp-content\/uploads\/2019\/03\/malinska-logo-240.png","contentUrl":"https:\/\/www.visitmalinska.com\/wp-content\/uploads\/2019\/03\/malinska-logo-240.png","width":1188,"height":241,"caption":"TZO Malinska - Duba\u0161nica"},"image":{"@id":"https:\/\/www.visitmalinska.com\/#\/schema\/logo\/image\/"},"sameAs":["https:\/\/www.facebook.com\/Malinska.Island.Krk\/","https:\/\/www.instagram.com\/visitmalinska\/"]},{"@type":"Person","@id":"https:\/\/www.visitmalinska.com\/#\/schema\/person\/b9c1147dfe2084b3a08365febf5f5220","name":"malinska","image":{"@type":"ImageObject","inLanguage":"sl-SI","@id":"https:\/\/www.visitmalinska.com\/#\/schema\/person\/image\/","url":"https:\/\/secure.gravatar.com\/avatar\/ac515a9cf3cc312df7b828fd8023a34546d60e401ca285ebf9d6ffa994fe93c7?s=96&d=mm&r=g","contentUrl":"https:\/\/secure.gravatar.com\/avatar\/ac515a9cf3cc312df7b828fd8023a34546d60e401ca285ebf9d6ffa994fe93c7?s=96&d=mm&r=g","caption":"malinska"},"url":"https:\/\/www.visitmalinska.com\/si\/author\/malinska\/"}]}},"_links":{"self":[{"href":"https:\/\/www.visitmalinska.com\/si\/wp-json\/wp\/v2\/posts\/33831","targetHints":{"allow":["GET"]}}],"collection":[{"href":"https:\/\/www.visitmalinska.com\/si\/wp-json\/wp\/v2\/posts"}],"about":[{"href":"https:\/\/www.visitmalinska.com\/si\/wp-json\/wp\/v2\/types\/post"}],"author":[{"embeddable":true,"href":"https:\/\/www.visitmalinska.com\/si\/wp-json\/wp\/v2\/users\/2"}],"replies":[{"embeddable":true,"href":"https:\/\/www.visitmalinska.com\/si\/wp-json\/wp\/v2\/comments?post=33831"}],"version-history":[{"count":9,"href":"https:\/\/www.visitmalinska.com\/si\/wp-json\/wp\/v2\/posts\/33831\/revisions"}],"predecessor-version":[{"id":33842,"href":"https:\/\/www.visitmalinska.com\/si\/wp-json\/wp\/v2\/posts\/33831\/revisions\/33842"}],"wp:featuredmedia":[{"embeddable":true,"href":"https:\/\/www.visitmalinska.com\/si\/wp-json\/wp\/v2\/media\/33832"}],"wp:attachment":[{"href":"https:\/\/www.visitmalinska.com\/si\/wp-json\/wp\/v2\/media?parent=33831"}],"wp:term":[{"taxonomy":"category","embeddable":true,"href":"https:\/\/www.visitmalinska.com\/si\/wp-json\/wp\/v2\/categories?post=33831"},{"taxonomy":"post_tag","embeddable":true,"href":"https:\/\/www.visitmalinska.com\/si\/wp-json\/wp\/v2\/tags?post=33831"}],"curies":[{"name":"wp","href":"https:\/\/api.w.org\/{rel}","templated":true}]}}