{"id":31433,"date":"2019-05-16T12:48:09","date_gmt":"2019-05-16T10:48:09","guid":{"rendered":"http:\/\/www.visitmalinska.com\/?p=31433"},"modified":"2026-03-13T11:21:05","modified_gmt":"2026-03-13T09:21:05","slug":"kala","status":"publish","type":"post","link":"https:\/\/www.visitmalinska.com\/si\/kala\/","title":{"rendered":"[4] Kala"},"content":{"rendered":"<p>[vc_row][vc_column]<div id=\"fullwidth-block-69f463c987e4a\" class=\"fullwidth-block clearfix\"  style=\"background-color: #1c8cce;\"><script type=\"text\/javascript\">if (typeof(gem_fix_fullwidth_position) == \"function\") { gem_fix_fullwidth_position(document.getElementById(\"fullwidth-block-69f463c987e4a\")); }<\/script><div class=\"fullwidth-block-inner\">[vc_row_inner][vc_column_inner css=&#8221;.vc_custom_1557924656461{padding-top: 50px !important;padding-bottom: 50px !important;}&#8221;][vc_column_text]<\/p>\n<h5 style=\"text-align: center;\"><a href=\"https:\/\/www.visitmalinska.com\/si\/kulturna-dediscina\/\"><span style=\"color: #ffffff;\">Kulturna dedi\u0161\u010dina<\/span><\/a><\/h5>\n<p>[\/vc_column_text][vc_column_text]<\/p>\n<h1 style=\"text-align: center;\"><span style=\"color: #ffffff;\">[4] Kala<\/span><\/h1>\n<p>[\/vc_column_text][\/vc_column_inner][\/vc_row_inner]<\/div><\/div>[\/vc_column][\/vc_row][vc_row][vc_column]<div id=\"fullwidth-block-69f463c987e75\" class=\"fullwidth-block clearfix\"  style=\"\"><script type=\"text\/javascript\">if (typeof(gem_fix_fullwidth_position) == \"function\") { gem_fix_fullwidth_position(document.getElementById(\"fullwidth-block-69f463c987e75\")); }<\/script><div class=\"fullwidth-block-inner\">[vc_row_inner][vc_column_inner][vc_single_image image=&#8221;31434&#8243; img_size=&#8221;full&#8221; alignment=&#8221;center&#8221;][\/vc_column_inner][\/vc_row_inner]<\/div><\/div>[\/vc_column][\/vc_row][vc_row css=&#8221;.vc_custom_1557925708802{padding-top: 50px !important;}&#8221;][vc_column][vc_column_text]Je najstarej\u0161a in najkraj\u0161a ulica v Malinski, nahaja pa se tik od obali v samem centru mesta.[\/vc_column_text][\/vc_column][\/vc_row]<\/p>\n","protected":false},"excerpt":{"rendered":"<p>Je najstarej\u0161a in najkraj\u0161a ulica v Malinski, nahaja pa se tik od obali v samem centru mesta.<\/p>\n","protected":false},"author":1,"featured_media":31434,"comment_status":"closed","ping_status":"closed","sticky":false,"template":"","format":"image","meta":{"footnotes":""},"categories":[388],"tags":[],"class_list":{"0":"post-31433","1":"post","2":"type-post","3":"status-publish","4":"format-image","5":"has-post-thumbnail","7":"category-kulturne-znamenitosti","8":"post_format-post-format-image"},"acf":[],"yoast_head":"<!-- This site is optimized with the Yoast SEO plugin v23.5 - https:\/\/yoast.com\/wordpress\/plugins\/seo\/ -->\n<title>[4] Kala - TZO Malinska-Duba\u0161nica<\/title>\n<meta name=\"robots\" content=\"index, follow, max-snippet:-1, max-image-preview:large, max-video-preview:-1\" \/>\n<link rel=\"canonical\" href=\"https:\/\/www.visitmalinska.com\/kala\/\" \/>\n<meta property=\"og:locale\" content=\"sl_SI\" \/>\n<meta property=\"og:type\" content=\"article\" \/>\n<meta property=\"og:title\" content=\"{:hr}[4] Kala{:}{:en}[4] Kala{:}{:de}[4] Kala{:}{:it}[4] Kala{:}{:si}[4] Kala{:} - TZO Malinska-Duba\u0161nica\" \/>\n<meta property=\"og:description\" content=\"Je najstarej\u0161a in najkraj\u0161a ulica v Malinski, nahaja pa se tik od obali v samem centru mesta.\" \/>\n<meta property=\"og:url\" content=\"https:\/\/www.visitmalinska.com\/kala\/\" \/>\n<meta property=\"og:site_name\" content=\"TZO Malinska-Duba\u0161nica\" \/>\n<meta property=\"article:publisher\" content=\"https:\/\/www.facebook.com\/Malinska.Island.Krk\/\" \/>\n<meta property=\"article:published_time\" content=\"2019-05-16T10:48:09+00:00\" \/>\n<meta property=\"article:modified_time\" content=\"2026-03-13T09:21:05+00:00\" \/>\n<meta property=\"og:image\" content=\"https:\/\/www.visitmalinska.com\/wp-content\/uploads\/2019\/05\/tabela-004.jpg\" \/>\n\t<meta property=\"og:image:width\" content=\"1920\" \/>\n\t<meta property=\"og:image:height\" content=\"700\" \/>\n\t<meta property=\"og:image:type\" content=\"image\/jpeg\" \/>\n<meta name=\"author\" content=\"Malinska\" \/>\n<meta name=\"twitter:card\" content=\"summary_large_image\" \/>\n<meta name=\"twitter:label1\" content=\"Written by\" \/>\n\t<meta name=\"twitter:data1\" content=\"Malinska\" \/>\n\t<meta name=\"twitter:label2\" content=\"Est. reading time\" \/>\n\t<meta name=\"twitter:data2\" content=\"1 minute\" \/>\n<script type=\"application\/ld+json\" class=\"yoast-schema-graph\">{\"@context\":\"https:\/\/schema.org\",\"@graph\":[{\"@type\":\"Article\",\"@id\":\"https:\/\/www.visitmalinska.com\/kala\/#article\",\"isPartOf\":{\"@id\":\"https:\/\/www.visitmalinska.com\/kala\/\"},\"author\":{\"name\":\"Malinska\",\"@id\":\"https:\/\/www.visitmalinska.com\/#\/schema\/person\/b2a8bc371955a9293863c261b36726b1\"},\"headline\":\"[4] Kala\",\"datePublished\":\"2019-05-16T10:48:09+00:00\",\"dateModified\":\"2026-03-13T09:21:05+00:00\",\"mainEntityOfPage\":{\"@id\":\"https:\/\/www.visitmalinska.com\/kala\/\"},\"wordCount\":639,\"publisher\":{\"@id\":\"https:\/\/www.visitmalinska.com\/#organization\"},\"image\":{\"@id\":\"https:\/\/www.visitmalinska.com\/kala\/#primaryimage\"},\"thumbnailUrl\":\"https:\/\/www.visitmalinska.com\/wp-content\/uploads\/2019\/05\/tabela-004.jpg\",\"articleSection\":[\"Kulturne znamenitosti\"],\"inLanguage\":\"sl-SI\"},{\"@type\":\"WebPage\",\"@id\":\"https:\/\/www.visitmalinska.com\/kala\/\",\"url\":\"https:\/\/www.visitmalinska.com\/kala\/\",\"name\":\"{:hr}[4] Kala{:}{:en}[4] Kala{:}{:de}[4] Kala{:}{:it}[4] Kala{:}{:si}[4] Kala{:} - TZO Malinska-Duba\u0161nica\",\"isPartOf\":{\"@id\":\"https:\/\/www.visitmalinska.com\/#website\"},\"primaryImageOfPage\":{\"@id\":\"https:\/\/www.visitmalinska.com\/kala\/#primaryimage\"},\"image\":{\"@id\":\"https:\/\/www.visitmalinska.com\/kala\/#primaryimage\"},\"thumbnailUrl\":\"https:\/\/www.visitmalinska.com\/wp-content\/uploads\/2019\/05\/tabela-004.jpg\",\"datePublished\":\"2019-05-16T10:48:09+00:00\",\"dateModified\":\"2026-03-13T09:21:05+00:00\",\"breadcrumb\":{\"@id\":\"https:\/\/www.visitmalinska.com\/kala\/#breadcrumb\"},\"inLanguage\":\"sl-SI\",\"potentialAction\":[{\"@type\":\"ReadAction\",\"target\":[\"https:\/\/www.visitmalinska.com\/kala\/\"]}]},{\"@type\":\"ImageObject\",\"inLanguage\":\"sl-SI\",\"@id\":\"https:\/\/www.visitmalinska.com\/kala\/#primaryimage\",\"url\":\"https:\/\/www.visitmalinska.com\/wp-content\/uploads\/2019\/05\/tabela-004.jpg\",\"contentUrl\":\"https:\/\/www.visitmalinska.com\/wp-content\/uploads\/2019\/05\/tabela-004.jpg\",\"width\":1920,\"height\":700},{\"@type\":\"BreadcrumbList\",\"@id\":\"https:\/\/www.visitmalinska.com\/kala\/#breadcrumb\",\"itemListElement\":[{\"@type\":\"ListItem\",\"position\":1,\"name\":\"Po\u010detna stranica\",\"item\":\"https:\/\/www.visitmalinska.com\/\"},{\"@type\":\"ListItem\",\"position\":2,\"name\":\"[4] Kala\"}]},{\"@type\":\"WebSite\",\"@id\":\"https:\/\/www.visitmalinska.com\/#website\",\"url\":\"https:\/\/www.visitmalinska.com\/\",\"name\":\"TZO Malinska-Duba\u0161nica\",\"description\":\"\",\"publisher\":{\"@id\":\"https:\/\/www.visitmalinska.com\/#organization\"},\"potentialAction\":[{\"@type\":\"SearchAction\",\"target\":{\"@type\":\"EntryPoint\",\"urlTemplate\":\"https:\/\/www.visitmalinska.com\/?s={search_term_string}\"},\"query-input\":{\"@type\":\"PropertyValueSpecification\",\"valueRequired\":true,\"valueName\":\"search_term_string\"}}],\"inLanguage\":\"sl-SI\"},{\"@type\":\"Organization\",\"@id\":\"https:\/\/www.visitmalinska.com\/#organization\",\"name\":\"TZO Malinska - Duba\u0161nica\",\"url\":\"https:\/\/www.visitmalinska.com\/\",\"logo\":{\"@type\":\"ImageObject\",\"inLanguage\":\"sl-SI\",\"@id\":\"https:\/\/www.visitmalinska.com\/#\/schema\/logo\/image\/\",\"url\":\"https:\/\/www.visitmalinska.com\/wp-content\/uploads\/2019\/03\/malinska-logo-240.png\",\"contentUrl\":\"https:\/\/www.visitmalinska.com\/wp-content\/uploads\/2019\/03\/malinska-logo-240.png\",\"width\":1188,\"height\":241,\"caption\":\"TZO Malinska - Duba\u0161nica\"},\"image\":{\"@id\":\"https:\/\/www.visitmalinska.com\/#\/schema\/logo\/image\/\"},\"sameAs\":[\"https:\/\/www.facebook.com\/Malinska.Island.Krk\/\",\"https:\/\/www.instagram.com\/visitmalinska\/\"]},{\"@type\":\"Person\",\"@id\":\"https:\/\/www.visitmalinska.com\/#\/schema\/person\/b2a8bc371955a9293863c261b36726b1\",\"name\":\"Malinska\",\"image\":{\"@type\":\"ImageObject\",\"inLanguage\":\"sl-SI\",\"@id\":\"https:\/\/www.visitmalinska.com\/#\/schema\/person\/image\/\",\"url\":\"https:\/\/secure.gravatar.com\/avatar\/5d10d99b8718d2ec78918ebdfc171f04c5d8c284577853743401a33f54becc11?s=96&d=mm&r=g\",\"contentUrl\":\"https:\/\/secure.gravatar.com\/avatar\/5d10d99b8718d2ec78918ebdfc171f04c5d8c284577853743401a33f54becc11?s=96&d=mm&r=g\",\"caption\":\"Malinska\"},\"url\":\"https:\/\/www.visitmalinska.com\/si\/author\/malinska-admin\/\"}]}<\/script>\n<!-- \/ Yoast SEO plugin. -->","yoast_head_json":{"title":"[4] Kala - TZO Malinska-Duba\u0161nica","robots":{"index":"index","follow":"follow","max-snippet":"max-snippet:-1","max-image-preview":"max-image-preview:large","max-video-preview":"max-video-preview:-1"},"canonical":"https:\/\/www.visitmalinska.com\/kala\/","og_locale":"sl_SI","og_type":"article","og_title":"{:hr}[4] Kala{:}{:en}[4] Kala{:}{:de}[4] Kala{:}{:it}[4] Kala{:}{:si}[4] Kala{:} - TZO Malinska-Duba\u0161nica","og_description":"Je najstarej\u0161a in najkraj\u0161a ulica v Malinski, nahaja pa se tik od obali v samem centru mesta.","og_url":"https:\/\/www.visitmalinska.com\/kala\/","og_site_name":"TZO Malinska-Duba\u0161nica","article_publisher":"https:\/\/www.facebook.com\/Malinska.Island.Krk\/","article_published_time":"2019-05-16T10:48:09+00:00","article_modified_time":"2026-03-13T09:21:05+00:00","og_image":[{"width":1920,"height":700,"url":"https:\/\/www.visitmalinska.com\/wp-content\/uploads\/2019\/05\/tabela-004.jpg","type":"image\/jpeg"}],"author":"Malinska","twitter_card":"summary_large_image","twitter_misc":{"Written by":"Malinska","Est. reading time":"1 minute"},"schema":{"@context":"https:\/\/schema.org","@graph":[{"@type":"Article","@id":"https:\/\/www.visitmalinska.com\/kala\/#article","isPartOf":{"@id":"https:\/\/www.visitmalinska.com\/kala\/"},"author":{"name":"Malinska","@id":"https:\/\/www.visitmalinska.com\/#\/schema\/person\/b2a8bc371955a9293863c261b36726b1"},"headline":"[4] Kala","datePublished":"2019-05-16T10:48:09+00:00","dateModified":"2026-03-13T09:21:05+00:00","mainEntityOfPage":{"@id":"https:\/\/www.visitmalinska.com\/kala\/"},"wordCount":639,"publisher":{"@id":"https:\/\/www.visitmalinska.com\/#organization"},"image":{"@id":"https:\/\/www.visitmalinska.com\/kala\/#primaryimage"},"thumbnailUrl":"https:\/\/www.visitmalinska.com\/wp-content\/uploads\/2019\/05\/tabela-004.jpg","articleSection":["Kulturne znamenitosti"],"inLanguage":"sl-SI"},{"@type":"WebPage","@id":"https:\/\/www.visitmalinska.com\/kala\/","url":"https:\/\/www.visitmalinska.com\/kala\/","name":"{:hr}[4] Kala{:}{:en}[4] Kala{:}{:de}[4] Kala{:}{:it}[4] Kala{:}{:si}[4] Kala{:} - TZO Malinska-Duba\u0161nica","isPartOf":{"@id":"https:\/\/www.visitmalinska.com\/#website"},"primaryImageOfPage":{"@id":"https:\/\/www.visitmalinska.com\/kala\/#primaryimage"},"image":{"@id":"https:\/\/www.visitmalinska.com\/kala\/#primaryimage"},"thumbnailUrl":"https:\/\/www.visitmalinska.com\/wp-content\/uploads\/2019\/05\/tabela-004.jpg","datePublished":"2019-05-16T10:48:09+00:00","dateModified":"2026-03-13T09:21:05+00:00","breadcrumb":{"@id":"https:\/\/www.visitmalinska.com\/kala\/#breadcrumb"},"inLanguage":"sl-SI","potentialAction":[{"@type":"ReadAction","target":["https:\/\/www.visitmalinska.com\/kala\/"]}]},{"@type":"ImageObject","inLanguage":"sl-SI","@id":"https:\/\/www.visitmalinska.com\/kala\/#primaryimage","url":"https:\/\/www.visitmalinska.com\/wp-content\/uploads\/2019\/05\/tabela-004.jpg","contentUrl":"https:\/\/www.visitmalinska.com\/wp-content\/uploads\/2019\/05\/tabela-004.jpg","width":1920,"height":700},{"@type":"BreadcrumbList","@id":"https:\/\/www.visitmalinska.com\/kala\/#breadcrumb","itemListElement":[{"@type":"ListItem","position":1,"name":"Po\u010detna stranica","item":"https:\/\/www.visitmalinska.com\/"},{"@type":"ListItem","position":2,"name":"[4] Kala"}]},{"@type":"WebSite","@id":"https:\/\/www.visitmalinska.com\/#website","url":"https:\/\/www.visitmalinska.com\/","name":"TZO Malinska-Duba\u0161nica","description":"","publisher":{"@id":"https:\/\/www.visitmalinska.com\/#organization"},"potentialAction":[{"@type":"SearchAction","target":{"@type":"EntryPoint","urlTemplate":"https:\/\/www.visitmalinska.com\/?s={search_term_string}"},"query-input":{"@type":"PropertyValueSpecification","valueRequired":true,"valueName":"search_term_string"}}],"inLanguage":"sl-SI"},{"@type":"Organization","@id":"https:\/\/www.visitmalinska.com\/#organization","name":"TZO Malinska - Duba\u0161nica","url":"https:\/\/www.visitmalinska.com\/","logo":{"@type":"ImageObject","inLanguage":"sl-SI","@id":"https:\/\/www.visitmalinska.com\/#\/schema\/logo\/image\/","url":"https:\/\/www.visitmalinska.com\/wp-content\/uploads\/2019\/03\/malinska-logo-240.png","contentUrl":"https:\/\/www.visitmalinska.com\/wp-content\/uploads\/2019\/03\/malinska-logo-240.png","width":1188,"height":241,"caption":"TZO Malinska - Duba\u0161nica"},"image":{"@id":"https:\/\/www.visitmalinska.com\/#\/schema\/logo\/image\/"},"sameAs":["https:\/\/www.facebook.com\/Malinska.Island.Krk\/","https:\/\/www.instagram.com\/visitmalinska\/"]},{"@type":"Person","@id":"https:\/\/www.visitmalinska.com\/#\/schema\/person\/b2a8bc371955a9293863c261b36726b1","name":"Malinska","image":{"@type":"ImageObject","inLanguage":"sl-SI","@id":"https:\/\/www.visitmalinska.com\/#\/schema\/person\/image\/","url":"https:\/\/secure.gravatar.com\/avatar\/5d10d99b8718d2ec78918ebdfc171f04c5d8c284577853743401a33f54becc11?s=96&d=mm&r=g","contentUrl":"https:\/\/secure.gravatar.com\/avatar\/5d10d99b8718d2ec78918ebdfc171f04c5d8c284577853743401a33f54becc11?s=96&d=mm&r=g","caption":"Malinska"},"url":"https:\/\/www.visitmalinska.com\/si\/author\/malinska-admin\/"}]}},"_links":{"self":[{"href":"https:\/\/www.visitmalinska.com\/si\/wp-json\/wp\/v2\/posts\/31433","targetHints":{"allow":["GET"]}}],"collection":[{"href":"https:\/\/www.visitmalinska.com\/si\/wp-json\/wp\/v2\/posts"}],"about":[{"href":"https:\/\/www.visitmalinska.com\/si\/wp-json\/wp\/v2\/types\/post"}],"author":[{"embeddable":true,"href":"https:\/\/www.visitmalinska.com\/si\/wp-json\/wp\/v2\/users\/1"}],"replies":[{"embeddable":true,"href":"https:\/\/www.visitmalinska.com\/si\/wp-json\/wp\/v2\/comments?post=31433"}],"version-history":[{"count":23,"href":"https:\/\/www.visitmalinska.com\/si\/wp-json\/wp\/v2\/posts\/31433\/revisions"}],"predecessor-version":[{"id":43228,"href":"https:\/\/www.visitmalinska.com\/si\/wp-json\/wp\/v2\/posts\/31433\/revisions\/43228"}],"wp:featuredmedia":[{"embeddable":true,"href":"https:\/\/www.visitmalinska.com\/si\/wp-json\/wp\/v2\/media\/31434"}],"wp:attachment":[{"href":"https:\/\/www.visitmalinska.com\/si\/wp-json\/wp\/v2\/media?parent=31433"}],"wp:term":[{"taxonomy":"category","embeddable":true,"href":"https:\/\/www.visitmalinska.com\/si\/wp-json\/wp\/v2\/categories?post=31433"},{"taxonomy":"post_tag","embeddable":true,"href":"https:\/\/www.visitmalinska.com\/si\/wp-json\/wp\/v2\/tags?post=31433"}],"curies":[{"name":"wp","href":"https:\/\/api.w.org\/{rel}","templated":true}]}}