{"id":40607,"date":"2024-08-30T16:40:48","date_gmt":"2024-08-30T14:40:48","guid":{"rendered":"https:\/\/www.visitmalinska.com\/?p=40607"},"modified":"2026-03-12T09:00:06","modified_gmt":"2026-03-12T07:00:06","slug":"odluka-o-odabiru-organizatora-ugostiteljskih-usluga-za-vrijeme-trajanja-manifestacije-homo-na-jidra-u-periodu-od-6-do-7-rujna-2024-godine","status":"publish","type":"post","link":"https:\/\/www.visitmalinska.com\/it\/odluka-o-odabiru-organizatora-ugostiteljskih-usluga-za-vrijeme-trajanja-manifestacije-homo-na-jidra-u-periodu-od-6-do-7-rujna-2024-godine\/","title":{"rendered":"Odluka o odabiru organizatora ugostiteljskih usluga za vrijeme trajanja manifestacije &#8220;Homo na jidra&#8221; u periodu od 6. do 7. rujna 2024. godine"},"content":{"rendered":"<p>[vc_row][vc_column][vc_column_text]<img loading=\"lazy\" decoding=\"async\" class=\"aligncenter wp-image-40608 size-large\" src=\"https:\/\/www.visitmalinska.com\/wp-content\/uploads\/2024\/08\/JP-Odluka_HomoNaJidra_ugostiteljstvo_2024_Malinska-1024x576.png\" alt=\"\" width=\"1024\" height=\"576\" srcset=\"https:\/\/www.visitmalinska.com\/wp-content\/uploads\/2024\/08\/JP-Odluka_HomoNaJidra_ugostiteljstvo_2024_Malinska-1024x576.png 1024w, https:\/\/www.visitmalinska.com\/wp-content\/uploads\/2024\/08\/JP-Odluka_HomoNaJidra_ugostiteljstvo_2024_Malinska-300x169.png 300w, https:\/\/www.visitmalinska.com\/wp-content\/uploads\/2024\/08\/JP-Odluka_HomoNaJidra_ugostiteljstvo_2024_Malinska-768x432.png 768w, https:\/\/www.visitmalinska.com\/wp-content\/uploads\/2024\/08\/JP-Odluka_HomoNaJidra_ugostiteljstvo_2024_Malinska-1536x864.png 1536w, https:\/\/www.visitmalinska.com\/wp-content\/uploads\/2024\/08\/JP-Odluka_HomoNaJidra_ugostiteljstvo_2024_Malinska.png 1920w\" sizes=\"auto, (max-width: 1024px) 100vw, 1024px\" \/>\u200b<\/p>\n<p>KLASA: 178-01\/24-01\/23<br \/>\nURBROJ: 49-03\/24-3<br \/>\n<strong>Malinska<\/strong>, 30. kolovoza 2024. godine<\/p>\n<p>&nbsp;<\/p>\n<p>Temeljem odredbi objavljenog Javnog poziva za iskazivanje interesa za organizaciju ugostiteljskih usluga za vrijeme trajanja manifestacije <em>Homo na jidra,<\/em> u razdoblju od 6. do 7. rujna 2024. godine, objavljenog 21. kolovoza 2024. godine te dostavljene ponude zavr\u0161no s 29.8.2024. godine, direktor TZO Malinska-Duba\u0161nica donio je sljede\u0107u<\/p>\n<h5 style=\"text-align: center;\"><strong>ODLUKU<\/strong><\/h5>\n<h6 style=\"text-align: center;\"><strong>o odabiru organizatora ugostiteljskih usluga za vrijeme tranja manifestacije <em>Homo na jidra<\/em> u periodu od 6. do 7. rujna 2024. godine<\/strong><\/h6>\n<ol>\n<li><\/li>\n<\/ol>\n<p>Ovom Odlukom odabire se <strong>TT 1991 j.d.o.o<\/strong>., kao organizator ugostiteljskih usluga za vrijeme trajanja manifestacije <em>Homo na jidra, <\/em>u razdoblju od 6. do 7. rujna 2024. godine.<\/p>\n<p><em>\u00a0\u00a0\u00a0\u00a0\u00a0\u00a0\u00a0\u00a0\u00a0\u00a0\u00a0\u00a0\u00a0\u00a0\u00a0\u00a0\u00a0\u00a0\u00a0\u00a0\u00a0\u00a0\u00a0\u00a0\u00a0\u00a0\u00a0\u00a0\u00a0\u00a0\u00a0\u00a0\u00a0\u00a0\u00a0\u00a0\u00a0\u00a0\u00a0\u00a0\u00a0\u00a0\u00a0\u00a0\u00a0\u00a0\u00a0\u00a0\u00a0\u00a0\u00a0\u00a0\u00a0\u00a0\u00a0\u00a0\u00a0\u00a0\u00a0\u00a0\u00a0\u00a0\u00a0\u00a0\u00a0\u00a0\u00a0\u00a0\u00a0\u00a0\u00a0\u00a0\u00a0\u00a0\u00a0\u00a0\u00a0\u00a0\u00a0\u00a0\u00a0\u00a0\u00a0\u00a0\u00a0\u00a0\u00a0\u00a0\u00a0\u00a0\u00a0\u00a0\u00a0 <\/em>II.<\/p>\n<p>Ova Odluka objavit \u0107e se na internetskim stranicama TZO Malinska-Duba\u0161nica.<\/p>\n<p>III.<\/p>\n<p>S organizatorom iz to\u010dke I. ove Odluke, TZO Malinska-Duba\u0161nica sklopit \u0107e Ugovor o organizaciji ugostiteljskih usluga, kojim se ure\u0111uju prava i obveze sukladno Javnom pozivu.<\/p>\n<p>&nbsp;<\/p>\n<p>Daniel Manzoni, direktor<\/p>\n<p>&nbsp;<\/p>\n<p>Dostaviti:<\/p>\n<ol>\n<li>Naslovu<\/li>\n<li>Pismohrani<\/li>\n<\/ol>\n<p>[\/vc_column_text][\/vc_column][\/vc_row][vc_row][vc_column][vc_btn title=&#8221;Preuzmi Odluku&#8221; link=&#8221;url:https%3A%2F%2Fwww.visitmalinska.com%2Fwp-content%2Fuploads%2F2024%2F08%2FOdluka_HNJ-JP-ugostiteljstvo2024.pdf|||&#8221;][\/vc_column][\/vc_row]<\/p>\n","protected":false},"excerpt":{"rendered":"<p>[vc_row][vc_column][vc_column_text]\u200b KLASA: 178-01\/24-01\/23 URBROJ: 49-03\/24-3 Malinska, 30. kolovoza 2024. godine &nbsp; Temeljem odredbi objavljenog Javnog poziva za iskazivanje interesa za&#8230;<\/p>\n","protected":false},"author":2,"featured_media":40608,"comment_status":"closed","ping_status":"closed","sticky":false,"template":"","format":"standard","meta":{"footnotes":""},"categories":[1],"tags":[886,562,723,453,1137,379,392,725,1149,1038,1123],"class_list":{"0":"post-40607","1":"post","2":"type-post","3":"status-publish","4":"format-standard","5":"has-post-thumbnail","7":"category-uncategorized","8":"tag-gastro-delicije","9":"tag-gastro-program","10":"tag-homo-na-jidra","11":"tag-jedrenje","12":"tag-jedrilicarska-festa","13":"tag-malinska","14":"tag-regata","15":"tag-regata-tradicijskih-barki","16":"tag-ugostiteljske-usluge","17":"tag-ugostiteljstvo","18":"tag-zabava"},"acf":[],"yoast_head":"<!-- This site is optimized with the Yoast SEO plugin v23.5 - https:\/\/yoast.com\/wordpress\/plugins\/seo\/ -->\n<title>Odluka o odabiru organizatora ugostiteljskih usluga za vrijeme trajanja manifestacije &quot;Homo na jidra&quot; u periodu od 6. do 7. rujna 2024. godine - TZO Malinska-Duba\u0161nica<\/title>\n<meta name=\"robots\" content=\"index, follow, max-snippet:-1, max-image-preview:large, max-video-preview:-1\" \/>\n<link rel=\"canonical\" href=\"https:\/\/www.visitmalinska.com\/odluka-o-odabiru-organizatora-ugostiteljskih-usluga-za-vrijeme-trajanja-manifestacije-homo-na-jidra-u-periodu-od-6-do-7-rujna-2024-godine\/\" \/>\n<meta property=\"og:locale\" content=\"it_IT\" \/>\n<meta property=\"og:type\" content=\"article\" \/>\n<meta property=\"og:title\" content=\"Odluka o odabiru organizatora ugostiteljskih usluga za vrijeme trajanja manifestacije &quot;Homo na jidra&quot; u periodu od 6. do 7. rujna 2024. godine - TZO Malinska-Duba\u0161nica\" \/>\n<meta property=\"og:description\" content=\"[vc_row][vc_column][vc_column_text]\u200b KLASA: 178-01\/24-01\/23 URBROJ: 49-03\/24-3 Malinska, 30. kolovoza 2024. godine &nbsp; Temeljem odredbi objavljenog Javnog poziva za iskazivanje interesa za...\" \/>\n<meta property=\"og:url\" content=\"https:\/\/www.visitmalinska.com\/odluka-o-odabiru-organizatora-ugostiteljskih-usluga-za-vrijeme-trajanja-manifestacije-homo-na-jidra-u-periodu-od-6-do-7-rujna-2024-godine\/\" \/>\n<meta property=\"og:site_name\" content=\"TZO Malinska-Duba\u0161nica\" \/>\n<meta property=\"article:publisher\" content=\"https:\/\/www.facebook.com\/Malinska.Island.Krk\/\" \/>\n<meta property=\"article:published_time\" content=\"2024-08-30T14:40:48+00:00\" \/>\n<meta property=\"article:modified_time\" content=\"2026-03-12T07:00:06+00:00\" \/>\n<meta property=\"og:image\" content=\"https:\/\/www.visitmalinska.com\/wp-content\/uploads\/2024\/08\/JP-Odluka_HomoNaJidra_ugostiteljstvo_2024_Malinska.png\" \/>\n\t<meta property=\"og:image:width\" content=\"1920\" \/>\n\t<meta property=\"og:image:height\" content=\"1080\" \/>\n\t<meta property=\"og:image:type\" content=\"image\/png\" \/>\n<meta name=\"author\" content=\"malinska\" \/>\n<meta name=\"twitter:card\" content=\"summary_large_image\" \/>\n<meta name=\"twitter:label1\" content=\"Written by\" \/>\n\t<meta name=\"twitter:data1\" content=\"malinska\" \/>\n\t<meta name=\"twitter:label2\" content=\"Est. reading time\" \/>\n\t<meta name=\"twitter:data2\" content=\"2 minutes\" \/>\n<script type=\"application\/ld+json\" class=\"yoast-schema-graph\">{\"@context\":\"https:\/\/schema.org\",\"@graph\":[{\"@type\":\"Article\",\"@id\":\"https:\/\/www.visitmalinska.com\/odluka-o-odabiru-organizatora-ugostiteljskih-usluga-za-vrijeme-trajanja-manifestacije-homo-na-jidra-u-periodu-od-6-do-7-rujna-2024-godine\/#article\",\"isPartOf\":{\"@id\":\"https:\/\/www.visitmalinska.com\/odluka-o-odabiru-organizatora-ugostiteljskih-usluga-za-vrijeme-trajanja-manifestacije-homo-na-jidra-u-periodu-od-6-do-7-rujna-2024-godine\/\"},\"author\":{\"name\":\"malinska\",\"@id\":\"https:\/\/www.visitmalinska.com\/#\/schema\/person\/b9c1147dfe2084b3a08365febf5f5220\"},\"headline\":\"Odluka o odabiru organizatora ugostiteljskih usluga za vrijeme trajanja manifestacije &#8220;Homo na jidra&#8221; u periodu od 6. do 7. rujna 2024. godine\",\"datePublished\":\"2024-08-30T14:40:48+00:00\",\"dateModified\":\"2026-03-12T07:00:06+00:00\",\"mainEntityOfPage\":{\"@id\":\"https:\/\/www.visitmalinska.com\/odluka-o-odabiru-organizatora-ugostiteljskih-usluga-za-vrijeme-trajanja-manifestacije-homo-na-jidra-u-periodu-od-6-do-7-rujna-2024-godine\/\"},\"wordCount\":208,\"publisher\":{\"@id\":\"https:\/\/www.visitmalinska.com\/#organization\"},\"image\":{\"@id\":\"https:\/\/www.visitmalinska.com\/odluka-o-odabiru-organizatora-ugostiteljskih-usluga-za-vrijeme-trajanja-manifestacije-homo-na-jidra-u-periodu-od-6-do-7-rujna-2024-godine\/#primaryimage\"},\"thumbnailUrl\":\"https:\/\/www.visitmalinska.com\/wp-content\/uploads\/2024\/08\/JP-Odluka_HomoNaJidra_ugostiteljstvo_2024_Malinska.png\",\"keywords\":[\"gastro delicije\",\"gastro program\",\"homo na jidra\",\"jedrenje\",\"jedrili\u010darska fe\u0161ta\",\"Malinska\",\"regata\",\"Regata tradicijskih barki\",\"ugostiteljske usluge\",\"ugostiteljstvo\",\"zabava\"],\"inLanguage\":\"it-IT\"},{\"@type\":\"WebPage\",\"@id\":\"https:\/\/www.visitmalinska.com\/odluka-o-odabiru-organizatora-ugostiteljskih-usluga-za-vrijeme-trajanja-manifestacije-homo-na-jidra-u-periodu-od-6-do-7-rujna-2024-godine\/\",\"url\":\"https:\/\/www.visitmalinska.com\/odluka-o-odabiru-organizatora-ugostiteljskih-usluga-za-vrijeme-trajanja-manifestacije-homo-na-jidra-u-periodu-od-6-do-7-rujna-2024-godine\/\",\"name\":\"Odluka o odabiru organizatora ugostiteljskih usluga za vrijeme trajanja manifestacije \\\"Homo na jidra\\\" u periodu od 6. do 7. rujna 2024. godine - TZO Malinska-Duba\u0161nica\",\"isPartOf\":{\"@id\":\"https:\/\/www.visitmalinska.com\/#website\"},\"primaryImageOfPage\":{\"@id\":\"https:\/\/www.visitmalinska.com\/odluka-o-odabiru-organizatora-ugostiteljskih-usluga-za-vrijeme-trajanja-manifestacije-homo-na-jidra-u-periodu-od-6-do-7-rujna-2024-godine\/#primaryimage\"},\"image\":{\"@id\":\"https:\/\/www.visitmalinska.com\/odluka-o-odabiru-organizatora-ugostiteljskih-usluga-za-vrijeme-trajanja-manifestacije-homo-na-jidra-u-periodu-od-6-do-7-rujna-2024-godine\/#primaryimage\"},\"thumbnailUrl\":\"https:\/\/www.visitmalinska.com\/wp-content\/uploads\/2024\/08\/JP-Odluka_HomoNaJidra_ugostiteljstvo_2024_Malinska.png\",\"datePublished\":\"2024-08-30T14:40:48+00:00\",\"dateModified\":\"2026-03-12T07:00:06+00:00\",\"breadcrumb\":{\"@id\":\"https:\/\/www.visitmalinska.com\/odluka-o-odabiru-organizatora-ugostiteljskih-usluga-za-vrijeme-trajanja-manifestacije-homo-na-jidra-u-periodu-od-6-do-7-rujna-2024-godine\/#breadcrumb\"},\"inLanguage\":\"it-IT\",\"potentialAction\":[{\"@type\":\"ReadAction\",\"target\":[\"https:\/\/www.visitmalinska.com\/odluka-o-odabiru-organizatora-ugostiteljskih-usluga-za-vrijeme-trajanja-manifestacije-homo-na-jidra-u-periodu-od-6-do-7-rujna-2024-godine\/\"]}]},{\"@type\":\"ImageObject\",\"inLanguage\":\"it-IT\",\"@id\":\"https:\/\/www.visitmalinska.com\/odluka-o-odabiru-organizatora-ugostiteljskih-usluga-za-vrijeme-trajanja-manifestacije-homo-na-jidra-u-periodu-od-6-do-7-rujna-2024-godine\/#primaryimage\",\"url\":\"https:\/\/www.visitmalinska.com\/wp-content\/uploads\/2024\/08\/JP-Odluka_HomoNaJidra_ugostiteljstvo_2024_Malinska.png\",\"contentUrl\":\"https:\/\/www.visitmalinska.com\/wp-content\/uploads\/2024\/08\/JP-Odluka_HomoNaJidra_ugostiteljstvo_2024_Malinska.png\",\"width\":1920,\"height\":1080},{\"@type\":\"BreadcrumbList\",\"@id\":\"https:\/\/www.visitmalinska.com\/odluka-o-odabiru-organizatora-ugostiteljskih-usluga-za-vrijeme-trajanja-manifestacije-homo-na-jidra-u-periodu-od-6-do-7-rujna-2024-godine\/#breadcrumb\",\"itemListElement\":[{\"@type\":\"ListItem\",\"position\":1,\"name\":\"Po\u010detna stranica\",\"item\":\"https:\/\/www.visitmalinska.com\/\"},{\"@type\":\"ListItem\",\"position\":2,\"name\":\"Odluka o odabiru organizatora ugostiteljskih usluga za vrijeme trajanja manifestacije &#8220;Homo na jidra&#8221; u periodu od 6. do 7. rujna 2024. godine\"}]},{\"@type\":\"WebSite\",\"@id\":\"https:\/\/www.visitmalinska.com\/#website\",\"url\":\"https:\/\/www.visitmalinska.com\/\",\"name\":\"TZO Malinska-Duba\u0161nica\",\"description\":\"\",\"publisher\":{\"@id\":\"https:\/\/www.visitmalinska.com\/#organization\"},\"potentialAction\":[{\"@type\":\"SearchAction\",\"target\":{\"@type\":\"EntryPoint\",\"urlTemplate\":\"https:\/\/www.visitmalinska.com\/?s={search_term_string}\"},\"query-input\":{\"@type\":\"PropertyValueSpecification\",\"valueRequired\":true,\"valueName\":\"search_term_string\"}}],\"inLanguage\":\"it-IT\"},{\"@type\":\"Organization\",\"@id\":\"https:\/\/www.visitmalinska.com\/#organization\",\"name\":\"TZO Malinska - Duba\u0161nica\",\"url\":\"https:\/\/www.visitmalinska.com\/\",\"logo\":{\"@type\":\"ImageObject\",\"inLanguage\":\"it-IT\",\"@id\":\"https:\/\/www.visitmalinska.com\/#\/schema\/logo\/image\/\",\"url\":\"https:\/\/www.visitmalinska.com\/wp-content\/uploads\/2019\/03\/malinska-logo-240.png\",\"contentUrl\":\"https:\/\/www.visitmalinska.com\/wp-content\/uploads\/2019\/03\/malinska-logo-240.png\",\"width\":1188,\"height\":241,\"caption\":\"TZO Malinska - Duba\u0161nica\"},\"image\":{\"@id\":\"https:\/\/www.visitmalinska.com\/#\/schema\/logo\/image\/\"},\"sameAs\":[\"https:\/\/www.facebook.com\/Malinska.Island.Krk\/\",\"https:\/\/www.instagram.com\/visitmalinska\/\"]},{\"@type\":\"Person\",\"@id\":\"https:\/\/www.visitmalinska.com\/#\/schema\/person\/b9c1147dfe2084b3a08365febf5f5220\",\"name\":\"malinska\",\"image\":{\"@type\":\"ImageObject\",\"inLanguage\":\"it-IT\",\"@id\":\"https:\/\/www.visitmalinska.com\/#\/schema\/person\/image\/\",\"url\":\"https:\/\/secure.gravatar.com\/avatar\/ac515a9cf3cc312df7b828fd8023a34546d60e401ca285ebf9d6ffa994fe93c7?s=96&d=mm&r=g\",\"contentUrl\":\"https:\/\/secure.gravatar.com\/avatar\/ac515a9cf3cc312df7b828fd8023a34546d60e401ca285ebf9d6ffa994fe93c7?s=96&d=mm&r=g\",\"caption\":\"malinska\"},\"url\":\"https:\/\/www.visitmalinska.com\/it\/author\/malinska\/\"}]}<\/script>\n<!-- \/ Yoast SEO plugin. -->","yoast_head_json":{"title":"Odluka o odabiru organizatora ugostiteljskih usluga za vrijeme trajanja manifestacije \"Homo na jidra\" u periodu od 6. do 7. rujna 2024. godine - TZO Malinska-Duba\u0161nica","robots":{"index":"index","follow":"follow","max-snippet":"max-snippet:-1","max-image-preview":"max-image-preview:large","max-video-preview":"max-video-preview:-1"},"canonical":"https:\/\/www.visitmalinska.com\/odluka-o-odabiru-organizatora-ugostiteljskih-usluga-za-vrijeme-trajanja-manifestacije-homo-na-jidra-u-periodu-od-6-do-7-rujna-2024-godine\/","og_locale":"it_IT","og_type":"article","og_title":"Odluka o odabiru organizatora ugostiteljskih usluga za vrijeme trajanja manifestacije \"Homo na jidra\" u periodu od 6. do 7. rujna 2024. godine - TZO Malinska-Duba\u0161nica","og_description":"[vc_row][vc_column][vc_column_text]\u200b KLASA: 178-01\/24-01\/23 URBROJ: 49-03\/24-3 Malinska, 30. kolovoza 2024. godine &nbsp; Temeljem odredbi objavljenog Javnog poziva za iskazivanje interesa za...","og_url":"https:\/\/www.visitmalinska.com\/odluka-o-odabiru-organizatora-ugostiteljskih-usluga-za-vrijeme-trajanja-manifestacije-homo-na-jidra-u-periodu-od-6-do-7-rujna-2024-godine\/","og_site_name":"TZO Malinska-Duba\u0161nica","article_publisher":"https:\/\/www.facebook.com\/Malinska.Island.Krk\/","article_published_time":"2024-08-30T14:40:48+00:00","article_modified_time":"2026-03-12T07:00:06+00:00","og_image":[{"width":1920,"height":1080,"url":"https:\/\/www.visitmalinska.com\/wp-content\/uploads\/2024\/08\/JP-Odluka_HomoNaJidra_ugostiteljstvo_2024_Malinska.png","type":"image\/png"}],"author":"malinska","twitter_card":"summary_large_image","twitter_misc":{"Written by":"malinska","Est. reading time":"2 minutes"},"schema":{"@context":"https:\/\/schema.org","@graph":[{"@type":"Article","@id":"https:\/\/www.visitmalinska.com\/odluka-o-odabiru-organizatora-ugostiteljskih-usluga-za-vrijeme-trajanja-manifestacije-homo-na-jidra-u-periodu-od-6-do-7-rujna-2024-godine\/#article","isPartOf":{"@id":"https:\/\/www.visitmalinska.com\/odluka-o-odabiru-organizatora-ugostiteljskih-usluga-za-vrijeme-trajanja-manifestacije-homo-na-jidra-u-periodu-od-6-do-7-rujna-2024-godine\/"},"author":{"name":"malinska","@id":"https:\/\/www.visitmalinska.com\/#\/schema\/person\/b9c1147dfe2084b3a08365febf5f5220"},"headline":"Odluka o odabiru organizatora ugostiteljskih usluga za vrijeme trajanja manifestacije &#8220;Homo na jidra&#8221; u periodu od 6. do 7. rujna 2024. godine","datePublished":"2024-08-30T14:40:48+00:00","dateModified":"2026-03-12T07:00:06+00:00","mainEntityOfPage":{"@id":"https:\/\/www.visitmalinska.com\/odluka-o-odabiru-organizatora-ugostiteljskih-usluga-za-vrijeme-trajanja-manifestacije-homo-na-jidra-u-periodu-od-6-do-7-rujna-2024-godine\/"},"wordCount":208,"publisher":{"@id":"https:\/\/www.visitmalinska.com\/#organization"},"image":{"@id":"https:\/\/www.visitmalinska.com\/odluka-o-odabiru-organizatora-ugostiteljskih-usluga-za-vrijeme-trajanja-manifestacije-homo-na-jidra-u-periodu-od-6-do-7-rujna-2024-godine\/#primaryimage"},"thumbnailUrl":"https:\/\/www.visitmalinska.com\/wp-content\/uploads\/2024\/08\/JP-Odluka_HomoNaJidra_ugostiteljstvo_2024_Malinska.png","keywords":["gastro delicije","gastro program","homo na jidra","jedrenje","jedrili\u010darska fe\u0161ta","Malinska","regata","Regata tradicijskih barki","ugostiteljske usluge","ugostiteljstvo","zabava"],"inLanguage":"it-IT"},{"@type":"WebPage","@id":"https:\/\/www.visitmalinska.com\/odluka-o-odabiru-organizatora-ugostiteljskih-usluga-za-vrijeme-trajanja-manifestacije-homo-na-jidra-u-periodu-od-6-do-7-rujna-2024-godine\/","url":"https:\/\/www.visitmalinska.com\/odluka-o-odabiru-organizatora-ugostiteljskih-usluga-za-vrijeme-trajanja-manifestacije-homo-na-jidra-u-periodu-od-6-do-7-rujna-2024-godine\/","name":"Odluka o odabiru organizatora ugostiteljskih usluga za vrijeme trajanja manifestacije \"Homo na jidra\" u periodu od 6. do 7. rujna 2024. godine - TZO Malinska-Duba\u0161nica","isPartOf":{"@id":"https:\/\/www.visitmalinska.com\/#website"},"primaryImageOfPage":{"@id":"https:\/\/www.visitmalinska.com\/odluka-o-odabiru-organizatora-ugostiteljskih-usluga-za-vrijeme-trajanja-manifestacije-homo-na-jidra-u-periodu-od-6-do-7-rujna-2024-godine\/#primaryimage"},"image":{"@id":"https:\/\/www.visitmalinska.com\/odluka-o-odabiru-organizatora-ugostiteljskih-usluga-za-vrijeme-trajanja-manifestacije-homo-na-jidra-u-periodu-od-6-do-7-rujna-2024-godine\/#primaryimage"},"thumbnailUrl":"https:\/\/www.visitmalinska.com\/wp-content\/uploads\/2024\/08\/JP-Odluka_HomoNaJidra_ugostiteljstvo_2024_Malinska.png","datePublished":"2024-08-30T14:40:48+00:00","dateModified":"2026-03-12T07:00:06+00:00","breadcrumb":{"@id":"https:\/\/www.visitmalinska.com\/odluka-o-odabiru-organizatora-ugostiteljskih-usluga-za-vrijeme-trajanja-manifestacije-homo-na-jidra-u-periodu-od-6-do-7-rujna-2024-godine\/#breadcrumb"},"inLanguage":"it-IT","potentialAction":[{"@type":"ReadAction","target":["https:\/\/www.visitmalinska.com\/odluka-o-odabiru-organizatora-ugostiteljskih-usluga-za-vrijeme-trajanja-manifestacije-homo-na-jidra-u-periodu-od-6-do-7-rujna-2024-godine\/"]}]},{"@type":"ImageObject","inLanguage":"it-IT","@id":"https:\/\/www.visitmalinska.com\/odluka-o-odabiru-organizatora-ugostiteljskih-usluga-za-vrijeme-trajanja-manifestacije-homo-na-jidra-u-periodu-od-6-do-7-rujna-2024-godine\/#primaryimage","url":"https:\/\/www.visitmalinska.com\/wp-content\/uploads\/2024\/08\/JP-Odluka_HomoNaJidra_ugostiteljstvo_2024_Malinska.png","contentUrl":"https:\/\/www.visitmalinska.com\/wp-content\/uploads\/2024\/08\/JP-Odluka_HomoNaJidra_ugostiteljstvo_2024_Malinska.png","width":1920,"height":1080},{"@type":"BreadcrumbList","@id":"https:\/\/www.visitmalinska.com\/odluka-o-odabiru-organizatora-ugostiteljskih-usluga-za-vrijeme-trajanja-manifestacije-homo-na-jidra-u-periodu-od-6-do-7-rujna-2024-godine\/#breadcrumb","itemListElement":[{"@type":"ListItem","position":1,"name":"Po\u010detna stranica","item":"https:\/\/www.visitmalinska.com\/"},{"@type":"ListItem","position":2,"name":"Odluka o odabiru organizatora ugostiteljskih usluga za vrijeme trajanja manifestacije &#8220;Homo na jidra&#8221; u periodu od 6. do 7. rujna 2024. godine"}]},{"@type":"WebSite","@id":"https:\/\/www.visitmalinska.com\/#website","url":"https:\/\/www.visitmalinska.com\/","name":"TZO Malinska-Duba\u0161nica","description":"","publisher":{"@id":"https:\/\/www.visitmalinska.com\/#organization"},"potentialAction":[{"@type":"SearchAction","target":{"@type":"EntryPoint","urlTemplate":"https:\/\/www.visitmalinska.com\/?s={search_term_string}"},"query-input":{"@type":"PropertyValueSpecification","valueRequired":true,"valueName":"search_term_string"}}],"inLanguage":"it-IT"},{"@type":"Organization","@id":"https:\/\/www.visitmalinska.com\/#organization","name":"TZO Malinska - Duba\u0161nica","url":"https:\/\/www.visitmalinska.com\/","logo":{"@type":"ImageObject","inLanguage":"it-IT","@id":"https:\/\/www.visitmalinska.com\/#\/schema\/logo\/image\/","url":"https:\/\/www.visitmalinska.com\/wp-content\/uploads\/2019\/03\/malinska-logo-240.png","contentUrl":"https:\/\/www.visitmalinska.com\/wp-content\/uploads\/2019\/03\/malinska-logo-240.png","width":1188,"height":241,"caption":"TZO Malinska - Duba\u0161nica"},"image":{"@id":"https:\/\/www.visitmalinska.com\/#\/schema\/logo\/image\/"},"sameAs":["https:\/\/www.facebook.com\/Malinska.Island.Krk\/","https:\/\/www.instagram.com\/visitmalinska\/"]},{"@type":"Person","@id":"https:\/\/www.visitmalinska.com\/#\/schema\/person\/b9c1147dfe2084b3a08365febf5f5220","name":"malinska","image":{"@type":"ImageObject","inLanguage":"it-IT","@id":"https:\/\/www.visitmalinska.com\/#\/schema\/person\/image\/","url":"https:\/\/secure.gravatar.com\/avatar\/ac515a9cf3cc312df7b828fd8023a34546d60e401ca285ebf9d6ffa994fe93c7?s=96&d=mm&r=g","contentUrl":"https:\/\/secure.gravatar.com\/avatar\/ac515a9cf3cc312df7b828fd8023a34546d60e401ca285ebf9d6ffa994fe93c7?s=96&d=mm&r=g","caption":"malinska"},"url":"https:\/\/www.visitmalinska.com\/it\/author\/malinska\/"}]}},"_links":{"self":[{"href":"https:\/\/www.visitmalinska.com\/it\/wp-json\/wp\/v2\/posts\/40607","targetHints":{"allow":["GET"]}}],"collection":[{"href":"https:\/\/www.visitmalinska.com\/it\/wp-json\/wp\/v2\/posts"}],"about":[{"href":"https:\/\/www.visitmalinska.com\/it\/wp-json\/wp\/v2\/types\/post"}],"author":[{"embeddable":true,"href":"https:\/\/www.visitmalinska.com\/it\/wp-json\/wp\/v2\/users\/2"}],"replies":[{"embeddable":true,"href":"https:\/\/www.visitmalinska.com\/it\/wp-json\/wp\/v2\/comments?post=40607"}],"version-history":[{"count":2,"href":"https:\/\/www.visitmalinska.com\/it\/wp-json\/wp\/v2\/posts\/40607\/revisions"}],"predecessor-version":[{"id":40611,"href":"https:\/\/www.visitmalinska.com\/it\/wp-json\/wp\/v2\/posts\/40607\/revisions\/40611"}],"wp:featuredmedia":[{"embeddable":true,"href":"https:\/\/www.visitmalinska.com\/it\/wp-json\/wp\/v2\/media\/40608"}],"wp:attachment":[{"href":"https:\/\/www.visitmalinska.com\/it\/wp-json\/wp\/v2\/media?parent=40607"}],"wp:term":[{"taxonomy":"category","embeddable":true,"href":"https:\/\/www.visitmalinska.com\/it\/wp-json\/wp\/v2\/categories?post=40607"},{"taxonomy":"post_tag","embeddable":true,"href":"https:\/\/www.visitmalinska.com\/it\/wp-json\/wp\/v2\/tags?post=40607"}],"curies":[{"name":"wp","href":"https:\/\/api.w.org\/{rel}","templated":true}]}}