{"id":41272,"date":"2025-04-04T14:25:40","date_gmt":"2025-04-04T12:25:40","guid":{"rendered":"https:\/\/www.visitmalinska.com\/?p=41272"},"modified":"2026-03-11T11:59:03","modified_gmt":"2026-03-11T09:59:03","slug":"proljetni-predah-u-malinskoj-2","status":"publish","type":"post","link":"https:\/\/www.visitmalinska.com\/en\/proljetni-predah-u-malinskoj-2\/","title":{"rendered":"SPRING BREAK IN MALINSKA"},"content":{"rendered":"<p>[vc_row][vc_column][vc_column_text]<\/p>\n<p data-sourcepos=\"3:1-3:29\"><strong><img loading=\"lazy\" decoding=\"async\" class=\" wp-image-41279 aligncenter\" src=\"https:\/\/www.visitmalinska.com\/wp-content\/uploads\/2025\/04\/proljetniPredah2025-event-21-300x157.jpg\" alt=\"\" width=\"590\" height=\"309\" srcset=\"https:\/\/www.visitmalinska.com\/wp-content\/uploads\/2025\/04\/proljetniPredah2025-event-21-300x157.jpg 300w, https:\/\/www.visitmalinska.com\/wp-content\/uploads\/2025\/04\/proljetniPredah2025-event-21-1024x536.jpg 1024w, https:\/\/www.visitmalinska.com\/wp-content\/uploads\/2025\/04\/proljetniPredah2025-event-21-768x402.jpg 768w, https:\/\/www.visitmalinska.com\/wp-content\/uploads\/2025\/04\/proljetniPredah2025-event-21-1536x804.jpg 1536w, https:\/\/www.visitmalinska.com\/wp-content\/uploads\/2025\/04\/proljetniPredah2025-event-21.jpg 1920w\" sizes=\"auto, (max-width: 590px) 100vw, 590px\" \/><\/strong><\/p>\n<p data-sourcepos=\"3:1-3:29\"><strong>SPRING BREAK IN MALINSKA &#8211; 01. &#8211; 03.05.2025.<\/strong><\/p>\n<p data-sourcepos=\"5:1-5:276\">Treat yourself to a <strong>spring getaway in Malinska<\/strong> with a rich and diverse program for all ages! From May <strong>1st to May 3rd, 2025,<\/strong> look forward to creative workshops, a delicious showcase of local products, musical performances, engaging guided tours, and fun for the little ones.<\/p>\n<p data-sourcepos=\"7:1-7:12\"><strong>Program:<\/strong><\/p>\n<p data-sourcepos=\"9:1-9:27\"><strong>Thursday May 1st:<\/strong><\/p>\n<ul data-sourcepos=\"10:1-11:0\">\n<li data-sourcepos=\"10:1-11:0\"><strong>6:00 PM &#8211; 8:00 PM:<\/strong> DUBoak Interpretation Center: <strong>Glagolitic Calligraphy by Candlelight and Wine<\/strong> &#8211; Immerse yourself in the world of ancient script in a relaxing atmosphere. Registration: <a href=\"mailto:info@duboak.org\">info@duboak.org<\/a><\/li>\n<\/ul>\n<p data-sourcepos=\"12:1-12:21\"><strong>Friday May 2nd :<\/strong><\/p>\n<ul data-sourcepos=\"13:1-16:0\">\n<li data-sourcepos=\"13:1-13:184\"><strong>7:00 PM &#8211; 8:30 PM:<\/strong> Ivan Klobu\u010dari\u0107 Square: <strong>\u0160urlice Making Workshop<\/strong> &#8211; Learn the secrets of crafting traditional Krk pasta. Registration: <a href=\"mailto:info@duboak.org\">info@duboak.org<\/a><\/li>\n<li data-sourcepos=\"14:1-14:105\"><strong>7:00 PM:<\/strong> Ivan Klobu\u010dari\u0107 Square: <strong>Open Knot Tying Workshop<\/strong> &#8211; Master useful nautical knot skills.<\/li>\n<li data-sourcepos=\"15:1-16:0\"><strong>7:00 PM &#8211; 11:00 PM:<\/strong> Ivan Klobu\u010dari\u0107 Square: <strong>Presentation of Island Family Farms (OPGs) with a performance by the &#8220;TRAMUNTANA&#8221; Klapa<\/strong> &#8211; Meet local producers and enjoy Dalmatian songs and homemade delicacies.<\/li>\n<\/ul>\n<p data-sourcepos=\"17:1-17:23\"><strong>Saturday May 3rd:<\/strong><\/p>\n<ul data-sourcepos=\"18:1-22:0\">\n<li data-sourcepos=\"18:1-18:203\"><strong>10:00 AM:<\/strong> Start: Rajska cesta bb: <strong>&#8220;The Paradise Road Connects Us&#8221; \u2013 Free Guided Walk<\/strong> along the most famous promenade on the island of Krk. Discover the beauty of the coast with expert guidance.<\/li>\n<li data-sourcepos=\"19:1-19:188\"><strong>4:00 PM &#8211; 7:00 PM:<\/strong> Croatian Veterans Square: <strong>&#8220;Medo Edo and Friends&#8221; \u2013 Children&#8217;s Show and Animation Program<\/strong> &#8211; Entertain your youngest ones with the beloved Medo Edo and his pals.<\/li>\n<li data-sourcepos=\"20:1-20:170\"><strong>6:00 PM:<\/strong> Start: DUBoak Interpretation Center: <strong>&#8220;From the Shipyard to the Lighthouse&#8221; \u2013 Free Guided Interpretive Walk<\/strong> through the history and culture of Malinska.<\/li>\n<li data-sourcepos=\"21:1-22:0\"><strong>7:00 PM &#8211; 11:00 PM:<\/strong> Ivan Klobu\u010dari\u0107 Square: <strong>Presentation of Island Family Farms (OPGs) with a performance by the &#8220;GROOVERS&#8221; Band and Gastro Offer<\/strong> &#8211; Continue to enjoy local products with live music and tasty bites.<\/li>\n<\/ul>\n<p data-sourcepos=\"23:1-23:99\">Join us in Malinska and experience a break filled with culture, tradition, fun, and natural beauty!<\/p>\n<p data-sourcepos=\"23:1-23:99\"><img loading=\"lazy\" decoding=\"async\" class=\" wp-image-41278 aligncenter\" src=\"https:\/\/www.visitmalinska.com\/wp-content\/uploads\/2025\/04\/rsz_proljetnipredah2025-70-90_1_page-00011-235x300.jpg\" alt=\"\" width=\"523\" height=\"668\" srcset=\"https:\/\/www.visitmalinska.com\/wp-content\/uploads\/2025\/04\/rsz_proljetnipredah2025-70-90_1_page-00011-235x300.jpg 235w, https:\/\/www.visitmalinska.com\/wp-content\/uploads\/2025\/04\/rsz_proljetnipredah2025-70-90_1_page-00011-802x1024.jpg 802w, https:\/\/www.visitmalinska.com\/wp-content\/uploads\/2025\/04\/rsz_proljetnipredah2025-70-90_1_page-00011-768x981.jpg 768w, https:\/\/www.visitmalinska.com\/wp-content\/uploads\/2025\/04\/rsz_proljetnipredah2025-70-90_1_page-00011-1202x1536.jpg 1202w, https:\/\/www.visitmalinska.com\/wp-content\/uploads\/2025\/04\/rsz_proljetnipredah2025-70-90_1_page-00011-1603x2048.jpg 1603w, https:\/\/www.visitmalinska.com\/wp-content\/uploads\/2025\/04\/rsz_proljetnipredah2025-70-90_1_page-00011-scaled.jpg 2004w\" sizes=\"auto, (max-width: 523px) 100vw, 523px\" \/><\/p>\n<p>[\/vc_column_text][\/vc_column][\/vc_row]<\/p>\n","protected":false},"excerpt":{"rendered":"<p>[vc_row][vc_column][vc_column_text] SPRING BREAK IN MALINSKA &#8211; 01. &#8211; 03.05.2025. Treat yourself to a spring getaway in Malinska with a rich&#8230;<\/p>\n","protected":false},"author":2,"featured_media":41279,"comment_status":"closed","ping_status":"closed","sticky":false,"template":"","format":"standard","meta":{"footnotes":""},"categories":[1],"tags":[1194,1087,1086],"class_list":{"0":"post-41272","1":"post","2":"type-post","3":"status-publish","4":"format-standard","5":"has-post-thumbnail","7":"category-uncategorized","8":"tag-kaligrafija","9":"tag-proljece","10":"tag-proljetni-predah"},"acf":[],"yoast_head":"<!-- This site is optimized with the Yoast SEO plugin v23.5 - https:\/\/yoast.com\/wordpress\/plugins\/seo\/ -->\n<title>SPRING BREAK IN MALINSKA - TZO Malinska-Duba\u0161nica<\/title>\n<meta name=\"robots\" content=\"index, follow, max-snippet:-1, max-image-preview:large, max-video-preview:-1\" \/>\n<link rel=\"canonical\" href=\"https:\/\/www.visitmalinska.com\/proljetni-predah-u-malinskoj-2\/\" \/>\n<meta property=\"og:locale\" content=\"en_US\" \/>\n<meta property=\"og:type\" content=\"article\" \/>\n<meta property=\"og:title\" content=\"{:hr}PROLJETNI PREDAH U MALINSKOJ{:}{:en}SPRING BREAK IN MALINSKA{:} - TZO Malinska-Duba\u0161nica\" \/>\n<meta property=\"og:description\" content=\"[vc_row][vc_column][vc_column_text] SPRING BREAK IN MALINSKA &#8211; 01. &#8211; 03.05.2025. Treat yourself to a spring getaway in Malinska with a rich...\" \/>\n<meta property=\"og:url\" content=\"https:\/\/www.visitmalinska.com\/proljetni-predah-u-malinskoj-2\/\" \/>\n<meta property=\"og:site_name\" content=\"TZO Malinska-Duba\u0161nica\" \/>\n<meta property=\"article:publisher\" content=\"https:\/\/www.facebook.com\/Malinska.Island.Krk\/\" \/>\n<meta property=\"article:published_time\" content=\"2025-04-04T12:25:40+00:00\" \/>\n<meta property=\"article:modified_time\" content=\"2026-03-11T09:59:03+00:00\" \/>\n<meta property=\"og:image\" content=\"https:\/\/www.visitmalinska.com\/wp-content\/uploads\/2025\/04\/proljetniPredah2025-event-21.jpg\" \/>\n\t<meta property=\"og:image:width\" content=\"1920\" \/>\n\t<meta property=\"og:image:height\" content=\"1005\" \/>\n\t<meta property=\"og:image:type\" content=\"image\/jpeg\" \/>\n<meta name=\"author\" content=\"malinska\" \/>\n<meta name=\"twitter:card\" content=\"summary_large_image\" \/>\n<meta name=\"twitter:label1\" content=\"Written by\" \/>\n\t<meta name=\"twitter:data1\" content=\"malinska\" \/>\n\t<meta name=\"twitter:label2\" content=\"Est. reading time\" \/>\n\t<meta name=\"twitter:data2\" content=\"2 minutes\" \/>\n<script type=\"application\/ld+json\" class=\"yoast-schema-graph\">{\"@context\":\"https:\/\/schema.org\",\"@graph\":[{\"@type\":\"Article\",\"@id\":\"https:\/\/www.visitmalinska.com\/proljetni-predah-u-malinskoj-2\/#article\",\"isPartOf\":{\"@id\":\"https:\/\/www.visitmalinska.com\/proljetni-predah-u-malinskoj-2\/\"},\"author\":{\"name\":\"malinska\",\"@id\":\"https:\/\/www.visitmalinska.com\/#\/schema\/person\/b9c1147dfe2084b3a08365febf5f5220\"},\"headline\":\"SPRING BREAK IN MALINSKA\",\"datePublished\":\"2025-04-04T12:25:40+00:00\",\"dateModified\":\"2026-03-11T09:59:03+00:00\",\"mainEntityOfPage\":{\"@id\":\"https:\/\/www.visitmalinska.com\/proljetni-predah-u-malinskoj-2\/\"},\"wordCount\":591,\"publisher\":{\"@id\":\"https:\/\/www.visitmalinska.com\/#organization\"},\"image\":{\"@id\":\"https:\/\/www.visitmalinska.com\/proljetni-predah-u-malinskoj-2\/#primaryimage\"},\"thumbnailUrl\":\"https:\/\/www.visitmalinska.com\/wp-content\/uploads\/2025\/04\/proljetniPredah2025-event-21.jpg\",\"keywords\":[\"kaligrafija\",\"prolje\u0107e\",\"proljetni predah\"],\"inLanguage\":\"en-US\"},{\"@type\":\"WebPage\",\"@id\":\"https:\/\/www.visitmalinska.com\/proljetni-predah-u-malinskoj-2\/\",\"url\":\"https:\/\/www.visitmalinska.com\/proljetni-predah-u-malinskoj-2\/\",\"name\":\"{:hr}PROLJETNI PREDAH U MALINSKOJ{:}{:en}SPRING BREAK IN MALINSKA{:} - TZO Malinska-Duba\u0161nica\",\"isPartOf\":{\"@id\":\"https:\/\/www.visitmalinska.com\/#website\"},\"primaryImageOfPage\":{\"@id\":\"https:\/\/www.visitmalinska.com\/proljetni-predah-u-malinskoj-2\/#primaryimage\"},\"image\":{\"@id\":\"https:\/\/www.visitmalinska.com\/proljetni-predah-u-malinskoj-2\/#primaryimage\"},\"thumbnailUrl\":\"https:\/\/www.visitmalinska.com\/wp-content\/uploads\/2025\/04\/proljetniPredah2025-event-21.jpg\",\"datePublished\":\"2025-04-04T12:25:40+00:00\",\"dateModified\":\"2026-03-11T09:59:03+00:00\",\"breadcrumb\":{\"@id\":\"https:\/\/www.visitmalinska.com\/proljetni-predah-u-malinskoj-2\/#breadcrumb\"},\"inLanguage\":\"en-US\",\"potentialAction\":[{\"@type\":\"ReadAction\",\"target\":[\"https:\/\/www.visitmalinska.com\/proljetni-predah-u-malinskoj-2\/\"]}]},{\"@type\":\"ImageObject\",\"inLanguage\":\"en-US\",\"@id\":\"https:\/\/www.visitmalinska.com\/proljetni-predah-u-malinskoj-2\/#primaryimage\",\"url\":\"https:\/\/www.visitmalinska.com\/wp-content\/uploads\/2025\/04\/proljetniPredah2025-event-21.jpg\",\"contentUrl\":\"https:\/\/www.visitmalinska.com\/wp-content\/uploads\/2025\/04\/proljetniPredah2025-event-21.jpg\",\"width\":1920,\"height\":1005},{\"@type\":\"BreadcrumbList\",\"@id\":\"https:\/\/www.visitmalinska.com\/proljetni-predah-u-malinskoj-2\/#breadcrumb\",\"itemListElement\":[{\"@type\":\"ListItem\",\"position\":1,\"name\":\"Po\u010detna stranica\",\"item\":\"https:\/\/www.visitmalinska.com\/\"},{\"@type\":\"ListItem\",\"position\":2,\"name\":\"PROLJETNI PREDAH U MALINSKOJ\"}]},{\"@type\":\"WebSite\",\"@id\":\"https:\/\/www.visitmalinska.com\/#website\",\"url\":\"https:\/\/www.visitmalinska.com\/\",\"name\":\"TZO Malinska-Duba\u0161nica\",\"description\":\"\",\"publisher\":{\"@id\":\"https:\/\/www.visitmalinska.com\/#organization\"},\"potentialAction\":[{\"@type\":\"SearchAction\",\"target\":{\"@type\":\"EntryPoint\",\"urlTemplate\":\"https:\/\/www.visitmalinska.com\/?s={search_term_string}\"},\"query-input\":{\"@type\":\"PropertyValueSpecification\",\"valueRequired\":true,\"valueName\":\"search_term_string\"}}],\"inLanguage\":\"en-US\"},{\"@type\":\"Organization\",\"@id\":\"https:\/\/www.visitmalinska.com\/#organization\",\"name\":\"TZO Malinska - Duba\u0161nica\",\"url\":\"https:\/\/www.visitmalinska.com\/\",\"logo\":{\"@type\":\"ImageObject\",\"inLanguage\":\"en-US\",\"@id\":\"https:\/\/www.visitmalinska.com\/#\/schema\/logo\/image\/\",\"url\":\"https:\/\/www.visitmalinska.com\/wp-content\/uploads\/2019\/03\/malinska-logo-240.png\",\"contentUrl\":\"https:\/\/www.visitmalinska.com\/wp-content\/uploads\/2019\/03\/malinska-logo-240.png\",\"width\":1188,\"height\":241,\"caption\":\"TZO Malinska - Duba\u0161nica\"},\"image\":{\"@id\":\"https:\/\/www.visitmalinska.com\/#\/schema\/logo\/image\/\"},\"sameAs\":[\"https:\/\/www.facebook.com\/Malinska.Island.Krk\/\",\"https:\/\/www.instagram.com\/visitmalinska\/\"]},{\"@type\":\"Person\",\"@id\":\"https:\/\/www.visitmalinska.com\/#\/schema\/person\/b9c1147dfe2084b3a08365febf5f5220\",\"name\":\"malinska\",\"image\":{\"@type\":\"ImageObject\",\"inLanguage\":\"en-US\",\"@id\":\"https:\/\/www.visitmalinska.com\/#\/schema\/person\/image\/\",\"url\":\"https:\/\/secure.gravatar.com\/avatar\/ac515a9cf3cc312df7b828fd8023a34546d60e401ca285ebf9d6ffa994fe93c7?s=96&d=mm&r=g\",\"contentUrl\":\"https:\/\/secure.gravatar.com\/avatar\/ac515a9cf3cc312df7b828fd8023a34546d60e401ca285ebf9d6ffa994fe93c7?s=96&d=mm&r=g\",\"caption\":\"malinska\"},\"url\":\"https:\/\/www.visitmalinska.com\/en\/author\/malinska\/\"}]}<\/script>\n<!-- \/ Yoast SEO plugin. -->","yoast_head_json":{"title":"SPRING BREAK IN MALINSKA - TZO Malinska-Duba\u0161nica","robots":{"index":"index","follow":"follow","max-snippet":"max-snippet:-1","max-image-preview":"max-image-preview:large","max-video-preview":"max-video-preview:-1"},"canonical":"https:\/\/www.visitmalinska.com\/proljetni-predah-u-malinskoj-2\/","og_locale":"en_US","og_type":"article","og_title":"{:hr}PROLJETNI PREDAH U MALINSKOJ{:}{:en}SPRING BREAK IN MALINSKA{:} - TZO Malinska-Duba\u0161nica","og_description":"[vc_row][vc_column][vc_column_text] SPRING BREAK IN MALINSKA &#8211; 01. &#8211; 03.05.2025. Treat yourself to a spring getaway in Malinska with a rich...","og_url":"https:\/\/www.visitmalinska.com\/proljetni-predah-u-malinskoj-2\/","og_site_name":"TZO Malinska-Duba\u0161nica","article_publisher":"https:\/\/www.facebook.com\/Malinska.Island.Krk\/","article_published_time":"2025-04-04T12:25:40+00:00","article_modified_time":"2026-03-11T09:59:03+00:00","og_image":[{"width":1920,"height":1005,"url":"https:\/\/www.visitmalinska.com\/wp-content\/uploads\/2025\/04\/proljetniPredah2025-event-21.jpg","type":"image\/jpeg"}],"author":"malinska","twitter_card":"summary_large_image","twitter_misc":{"Written by":"malinska","Est. reading time":"2 minutes"},"schema":{"@context":"https:\/\/schema.org","@graph":[{"@type":"Article","@id":"https:\/\/www.visitmalinska.com\/proljetni-predah-u-malinskoj-2\/#article","isPartOf":{"@id":"https:\/\/www.visitmalinska.com\/proljetni-predah-u-malinskoj-2\/"},"author":{"name":"malinska","@id":"https:\/\/www.visitmalinska.com\/#\/schema\/person\/b9c1147dfe2084b3a08365febf5f5220"},"headline":"SPRING BREAK IN MALINSKA","datePublished":"2025-04-04T12:25:40+00:00","dateModified":"2026-03-11T09:59:03+00:00","mainEntityOfPage":{"@id":"https:\/\/www.visitmalinska.com\/proljetni-predah-u-malinskoj-2\/"},"wordCount":591,"publisher":{"@id":"https:\/\/www.visitmalinska.com\/#organization"},"image":{"@id":"https:\/\/www.visitmalinska.com\/proljetni-predah-u-malinskoj-2\/#primaryimage"},"thumbnailUrl":"https:\/\/www.visitmalinska.com\/wp-content\/uploads\/2025\/04\/proljetniPredah2025-event-21.jpg","keywords":["kaligrafija","prolje\u0107e","proljetni predah"],"inLanguage":"en-US"},{"@type":"WebPage","@id":"https:\/\/www.visitmalinska.com\/proljetni-predah-u-malinskoj-2\/","url":"https:\/\/www.visitmalinska.com\/proljetni-predah-u-malinskoj-2\/","name":"{:hr}PROLJETNI PREDAH U MALINSKOJ{:}{:en}SPRING BREAK IN MALINSKA{:} - TZO Malinska-Duba\u0161nica","isPartOf":{"@id":"https:\/\/www.visitmalinska.com\/#website"},"primaryImageOfPage":{"@id":"https:\/\/www.visitmalinska.com\/proljetni-predah-u-malinskoj-2\/#primaryimage"},"image":{"@id":"https:\/\/www.visitmalinska.com\/proljetni-predah-u-malinskoj-2\/#primaryimage"},"thumbnailUrl":"https:\/\/www.visitmalinska.com\/wp-content\/uploads\/2025\/04\/proljetniPredah2025-event-21.jpg","datePublished":"2025-04-04T12:25:40+00:00","dateModified":"2026-03-11T09:59:03+00:00","breadcrumb":{"@id":"https:\/\/www.visitmalinska.com\/proljetni-predah-u-malinskoj-2\/#breadcrumb"},"inLanguage":"en-US","potentialAction":[{"@type":"ReadAction","target":["https:\/\/www.visitmalinska.com\/proljetni-predah-u-malinskoj-2\/"]}]},{"@type":"ImageObject","inLanguage":"en-US","@id":"https:\/\/www.visitmalinska.com\/proljetni-predah-u-malinskoj-2\/#primaryimage","url":"https:\/\/www.visitmalinska.com\/wp-content\/uploads\/2025\/04\/proljetniPredah2025-event-21.jpg","contentUrl":"https:\/\/www.visitmalinska.com\/wp-content\/uploads\/2025\/04\/proljetniPredah2025-event-21.jpg","width":1920,"height":1005},{"@type":"BreadcrumbList","@id":"https:\/\/www.visitmalinska.com\/proljetni-predah-u-malinskoj-2\/#breadcrumb","itemListElement":[{"@type":"ListItem","position":1,"name":"Po\u010detna stranica","item":"https:\/\/www.visitmalinska.com\/"},{"@type":"ListItem","position":2,"name":"PROLJETNI PREDAH U MALINSKOJ"}]},{"@type":"WebSite","@id":"https:\/\/www.visitmalinska.com\/#website","url":"https:\/\/www.visitmalinska.com\/","name":"TZO Malinska-Duba\u0161nica","description":"","publisher":{"@id":"https:\/\/www.visitmalinska.com\/#organization"},"potentialAction":[{"@type":"SearchAction","target":{"@type":"EntryPoint","urlTemplate":"https:\/\/www.visitmalinska.com\/?s={search_term_string}"},"query-input":{"@type":"PropertyValueSpecification","valueRequired":true,"valueName":"search_term_string"}}],"inLanguage":"en-US"},{"@type":"Organization","@id":"https:\/\/www.visitmalinska.com\/#organization","name":"TZO Malinska - Duba\u0161nica","url":"https:\/\/www.visitmalinska.com\/","logo":{"@type":"ImageObject","inLanguage":"en-US","@id":"https:\/\/www.visitmalinska.com\/#\/schema\/logo\/image\/","url":"https:\/\/www.visitmalinska.com\/wp-content\/uploads\/2019\/03\/malinska-logo-240.png","contentUrl":"https:\/\/www.visitmalinska.com\/wp-content\/uploads\/2019\/03\/malinska-logo-240.png","width":1188,"height":241,"caption":"TZO Malinska - Duba\u0161nica"},"image":{"@id":"https:\/\/www.visitmalinska.com\/#\/schema\/logo\/image\/"},"sameAs":["https:\/\/www.facebook.com\/Malinska.Island.Krk\/","https:\/\/www.instagram.com\/visitmalinska\/"]},{"@type":"Person","@id":"https:\/\/www.visitmalinska.com\/#\/schema\/person\/b9c1147dfe2084b3a08365febf5f5220","name":"malinska","image":{"@type":"ImageObject","inLanguage":"en-US","@id":"https:\/\/www.visitmalinska.com\/#\/schema\/person\/image\/","url":"https:\/\/secure.gravatar.com\/avatar\/ac515a9cf3cc312df7b828fd8023a34546d60e401ca285ebf9d6ffa994fe93c7?s=96&d=mm&r=g","contentUrl":"https:\/\/secure.gravatar.com\/avatar\/ac515a9cf3cc312df7b828fd8023a34546d60e401ca285ebf9d6ffa994fe93c7?s=96&d=mm&r=g","caption":"malinska"},"url":"https:\/\/www.visitmalinska.com\/en\/author\/malinska\/"}]}},"_links":{"self":[{"href":"https:\/\/www.visitmalinska.com\/en\/wp-json\/wp\/v2\/posts\/41272","targetHints":{"allow":["GET"]}}],"collection":[{"href":"https:\/\/www.visitmalinska.com\/en\/wp-json\/wp\/v2\/posts"}],"about":[{"href":"https:\/\/www.visitmalinska.com\/en\/wp-json\/wp\/v2\/types\/post"}],"author":[{"embeddable":true,"href":"https:\/\/www.visitmalinska.com\/en\/wp-json\/wp\/v2\/users\/2"}],"replies":[{"embeddable":true,"href":"https:\/\/www.visitmalinska.com\/en\/wp-json\/wp\/v2\/comments?post=41272"}],"version-history":[{"count":17,"href":"https:\/\/www.visitmalinska.com\/en\/wp-json\/wp\/v2\/posts\/41272\/revisions"}],"predecessor-version":[{"id":42812,"href":"https:\/\/www.visitmalinska.com\/en\/wp-json\/wp\/v2\/posts\/41272\/revisions\/42812"}],"wp:featuredmedia":[{"embeddable":true,"href":"https:\/\/www.visitmalinska.com\/en\/wp-json\/wp\/v2\/media\/41279"}],"wp:attachment":[{"href":"https:\/\/www.visitmalinska.com\/en\/wp-json\/wp\/v2\/media?parent=41272"}],"wp:term":[{"taxonomy":"category","embeddable":true,"href":"https:\/\/www.visitmalinska.com\/en\/wp-json\/wp\/v2\/categories?post=41272"},{"taxonomy":"post_tag","embeddable":true,"href":"https:\/\/www.visitmalinska.com\/en\/wp-json\/wp\/v2\/tags?post=41272"}],"curies":[{"name":"wp","href":"https:\/\/api.w.org\/{rel}","templated":true}]}}