{"id":41114,"date":"2025-03-12T15:29:22","date_gmt":"2025-03-12T13:29:22","guid":{"rendered":"https:\/\/www.visitmalinska.com\/?p=41114"},"modified":"2026-02-16T15:56:55","modified_gmt":"2026-02-16T13:56:55","slug":"uskrs-u-malinskoj-2025","status":"publish","type":"post","link":"https:\/\/www.visitmalinska.com\/en\/uskrs-u-malinskoj-2025\/","title":{"rendered":"Uskrs u Malinskoj"},"content":{"rendered":"<p>[vc_row][vc_column][vc_column_text]<\/p>\n<p data-start=\"0\" data-end=\"50\"><img loading=\"lazy\" decoding=\"async\" class=\" wp-image-41260 aligncenter\" src=\"https:\/\/www.visitmalinska.com\/wp-content\/uploads\/2025\/03\/uskrs-malinska2025-event-B-300x157.jpg\" alt=\"\" width=\"688\" height=\"360\" srcset=\"https:\/\/www.visitmalinska.com\/wp-content\/uploads\/2025\/03\/uskrs-malinska2025-event-B-300x157.jpg 300w, https:\/\/www.visitmalinska.com\/wp-content\/uploads\/2025\/03\/uskrs-malinska2025-event-B-1024x536.jpg 1024w, https:\/\/www.visitmalinska.com\/wp-content\/uploads\/2025\/03\/uskrs-malinska2025-event-B-768x402.jpg 768w, https:\/\/www.visitmalinska.com\/wp-content\/uploads\/2025\/03\/uskrs-malinska2025-event-B-1536x804.jpg 1536w, https:\/\/www.visitmalinska.com\/wp-content\/uploads\/2025\/03\/uskrs-malinska2025-event-B.jpg 1920w\" sizes=\"auto, (max-width: 688px) 100vw, 688px\" \/><\/p>\n<p class=\"\" data-start=\"0\" data-end=\"50\"><strong data-start=\"0\" data-end=\"50\">Uskrs u Malinskoj \u2013 Program za cijelu obitelj!<\/strong><\/p>\n<p class=\"\" data-start=\"52\" data-end=\"264\">Provedite \u0161areni Uskrs u Malinskoj, gdje vas \u010dekaju brojni sadr\u017eaji, zabava i kreativne aktivnosti za sve uzraste! Pripremili smo fantasti\u010dan program za cijelu obitelj, s posebnim naglaskom na na\u0161e najmla\u0111e.<\/p>\n<p class=\"\" data-start=\"266\" data-end=\"332\"><strong data-start=\"266\" data-end=\"332\">18. travnja \u2013 Uskr\u0161nja kaligrafija uz svije\u0107e i vino u DUBoaku<\/strong><\/p>\n<p class=\"\" data-start=\"334\" data-end=\"654\">Za ljubitelje umjetnosti i kreativnih aktivnosti, pozivamo vas na<strong> <em data-start=\"400\" data-end=\"440\">Uskr\u0161nju kaligrafiju uz svije\u0107e i vino<\/em> u DUBoaku,<\/strong> koja \u0107e se odr\u017eati od <strong>18 do 20 sati.<\/strong> Ovaj doga\u0111aj pru\u017ea vam priliku da nau\u010dite osnove kaligrafije u opu\u0161taju\u0107em okru\u017eenju, uz svije\u0107e i vino. Prijaviti se mo\u017eete putem maila <a href=\"mailto:info@duboak.org\"><span class=\"x193iq5w xeuugli x13faqbe x1vvkbs x1xmvt09 x1lliihq x1s928wv xhkezso x1gmr53x x1cpjm7i x1fgarty x1943h6x xudqn12 x3x7a5m x6prxxf xvq8zen xo1l8bm xzsf02u x1yc453h\" dir=\"auto\">info@duboak.org <\/span><\/a>pozivom na broj <strong><span class=\"x193iq5w xeuugli x13faqbe x1vvkbs x1xmvt09 x1lliihq x1s928wv xhkezso x1gmr53x x1cpjm7i x1fgarty x1943h6x xudqn12 x3x7a5m x6prxxf xvq8zen xo1l8bm xzsf02u x1yc453h\" dir=\"auto\">+385 91 621 4304<\/span>.<\/strong><\/p>\n<p class=\"\" data-start=\"266\" data-end=\"326\"><strong data-start=\"266\" data-end=\"326\">18. i 19. travnja \u2013 Sajam cvije\u0107a na parkirali\u0161tu Markat<\/strong><\/p>\n<p class=\"\" data-start=\"328\" data-end=\"560\">Ljubitelji cvije\u0107a, ne propustite Sajam cvije\u0107a koji \u0107e se odr\u017eati 18. i 19. travnja na parkirali\u0161tu Markat. Ovdje \u0107ete mo\u0107i prona\u0107i raznovrsne vrste cvije\u0107a i ukrasnih biljaka, savr\u0161ene za proljetnu i uskrsnu dekoraciju va\u0161eg doma.<\/p>\n<p class=\"\" data-start=\"562\" data-end=\"595\"><strong data-start=\"562\" data-end=\"595\">19. travnja \u2013 Dan za najmla\u0111e<\/strong><\/p>\n<p class=\"\" data-start=\"597\" data-end=\"798\">Program za najmla\u0111e zapo\u010dinje u <strong>16 sati<\/strong> interaktivnom i edukativnom dje\u010djom predstavom s maskotom. Mali\u0161ani \u0107e zajedno sa Zekom Pekom krenuti na veselu uskrsnu avanturu i pomo\u0107i mu u potrazi za blagom!<\/p>\n<p class=\"\" data-start=\"800\" data-end=\"852\">Nakon predstave, slijedi <strong data-start=\"825\" data-end=\"851\">Dje\u010dji kreativni kutak<\/strong>:<\/p>\n<ul data-start=\"853\" data-end=\"1060\">\n<li class=\"\" data-start=\"853\" data-end=\"954\">\n<p class=\"\" data-start=\"855\" data-end=\"954\"><strong data-start=\"855\" data-end=\"876\">Kutak za najmla\u0111e<\/strong> \u2013 bojenje i crtanje uskrsnih motiva, prilika za djecu da se kreativno izraze.<\/p>\n<\/li>\n<li class=\"\" data-start=\"955\" data-end=\"1060\">\n<p class=\"\" data-start=\"957\" data-end=\"1060\"><strong data-start=\"957\" data-end=\"979\">Kutak za malo ve\u0107e<\/strong> \u2013 izrada uskrsnih motiva, gdje \u0107e djeca izra\u0111ivati vlastite ukrase i dekoracije.<\/p>\n<\/li>\n<\/ul>\n<p class=\"\" data-start=\"1062\" data-end=\"1254\">Za kraj, zabava se nastavlja s<strong> <em data-start=\"1093\" data-end=\"1105\">Medom Edom<\/em><\/strong>, maskotom koja \u0107e djecu voditi kroz \u0161a\u0161ave<em data-start=\"1142\" data-end=\"1157\"> igre<\/em>. Djeca \u0107e u\u017eivati u raznim tematskim Uskr\u0161njim igrama koje poti\u010du kreativnost, ma\u0161tu i suradnju.<\/p>\n<p class=\"\" data-start=\"1482\" data-end=\"1538\"><strong data-start=\"1482\" data-end=\"1538\">21. travnja \u2013 Uskr\u0161nji koncert u crkvi sv. Apolinara<\/strong><\/p>\n<p class=\"\" data-start=\"1540\" data-end=\"1834\">Za ljubitelje glazbe, pripremili smo poseban uskr\u0161nji koncert u \u017eupnoj crkvi sv. Apolinara 21. travnja s po\u010detkom u 20 sati. Nastupit \u0107e <strong><em data-start=\"1677\" data-end=\"1694\">Marko Fortunato<\/em> (tenor), <em data-start=\"1704\" data-end=\"1720\">Slavko Sekuli\u0107<\/em> (bas) i <em data-start=\"1729\" data-end=\"1755\">Nada Mato\u0161evi\u0107 Ore\u0161kovi\u0107<\/em> (klavir)<\/strong>, te \u0107e svojim nastupom donijeti predivnu glazbu i uskr\u0161nju atmosferu.<\/p>\n<p class=\"\" data-start=\"1878\" data-end=\"2048\"><strong>Uskrs u Malinskoj<\/strong> je prilika za<strong> obiteljsku zabavu, kreativne aktivnosti i glazbeni u\u017eitak.<\/strong> Do\u0111ite i u\u017eivajte u veselju, igri, glazbi i uskrsnim iznena\u0111enjima!<\/p>\n<p data-start=\"1878\" data-end=\"2048\"><img loading=\"lazy\" decoding=\"async\" class=\" wp-image-41262 aligncenter\" src=\"https:\/\/www.visitmalinska.com\/wp-content\/uploads\/2025\/03\/rsz_uskrs-malinska2025-a3-b_11-245x300.jpg\" alt=\"\" width=\"635\" height=\"777\" srcset=\"https:\/\/www.visitmalinska.com\/wp-content\/uploads\/2025\/03\/rsz_uskrs-malinska2025-a3-b_11-245x300.jpg 245w, https:\/\/www.visitmalinska.com\/wp-content\/uploads\/2025\/03\/rsz_uskrs-malinska2025-a3-b_11-836x1024.jpg 836w, https:\/\/www.visitmalinska.com\/wp-content\/uploads\/2025\/03\/rsz_uskrs-malinska2025-a3-b_11-768x941.jpg 768w, https:\/\/www.visitmalinska.com\/wp-content\/uploads\/2025\/03\/rsz_uskrs-malinska2025-a3-b_11-1254x1536.jpg 1254w, https:\/\/www.visitmalinska.com\/wp-content\/uploads\/2025\/03\/rsz_uskrs-malinska2025-a3-b_11.jpg 1354w\" sizes=\"auto, (max-width: 635px) 100vw, 635px\" \/><\/p>\n<p>[\/vc_column_text][\/vc_column][\/vc_row]<\/p>\n","protected":false},"excerpt":{"rendered":"<p>[vc_row][vc_column][vc_column_text] Uskrs u Malinskoj \u2013 Program za cijelu obitelj! Provedite \u0161areni Uskrs u Malinskoj, gdje vas \u010dekaju brojni sadr\u017eaji, zabava&#8230;<\/p>\n","protected":false},"author":2,"featured_media":41260,"comment_status":"closed","ping_status":"closed","sticky":false,"template":"","format":"standard","meta":{"footnotes":""},"categories":[1],"tags":[],"class_list":{"0":"post-41114","1":"post","2":"type-post","3":"status-publish","4":"format-standard","5":"has-post-thumbnail","7":"category-uncategorized"},"acf":[],"yoast_head":"<!-- This site is optimized with the Yoast SEO plugin v23.5 - https:\/\/yoast.com\/wordpress\/plugins\/seo\/ -->\n<title>- TZO Malinska-Duba\u0161nica<\/title>\n<meta name=\"robots\" content=\"index, follow, max-snippet:-1, max-image-preview:large, max-video-preview:-1\" \/>\n<link rel=\"canonical\" href=\"https:\/\/www.visitmalinska.com\/en\/uskrs-u-malinskoj-2025\/\" \/>\n<meta property=\"og:locale\" content=\"en_US\" \/>\n<meta property=\"og:type\" content=\"article\" \/>\n<meta property=\"og:title\" content=\"{:hr}Uskrs u Malinskoj{:}{:si}Velikono\u010dni program v Malinski{:} - TZO Malinska-Duba\u0161nica\" \/>\n<meta property=\"og:description\" content=\"[vc_row][vc_column][vc_column_text] Uskrs u Malinskoj \u2013 Program za cijelu obitelj! Provedite \u0161areni Uskrs u Malinskoj, gdje vas \u010dekaju brojni sadr\u017eaji, zabava...\" \/>\n<meta property=\"og:url\" content=\"https:\/\/www.visitmalinska.com\/en\/uskrs-u-malinskoj-2025\/\" \/>\n<meta property=\"og:site_name\" content=\"TZO Malinska-Duba\u0161nica\" \/>\n<meta property=\"article:publisher\" content=\"https:\/\/www.facebook.com\/Malinska.Island.Krk\/\" \/>\n<meta property=\"article:published_time\" content=\"2025-03-12T13:29:22+00:00\" \/>\n<meta property=\"article:modified_time\" content=\"2026-02-16T13:56:55+00:00\" \/>\n<meta property=\"og:image\" content=\"https:\/\/www.visitmalinska.com\/wp-content\/uploads\/2025\/03\/uskrs-malinska2025-event-B.jpg\" \/>\n\t<meta property=\"og:image:width\" content=\"1920\" \/>\n\t<meta property=\"og:image:height\" content=\"1005\" \/>\n\t<meta property=\"og:image:type\" content=\"image\/jpeg\" \/>\n<meta name=\"author\" content=\"malinska\" \/>\n<meta name=\"twitter:card\" content=\"summary_large_image\" \/>\n<meta name=\"twitter:label1\" content=\"Written by\" \/>\n\t<meta name=\"twitter:data1\" content=\"malinska\" \/>\n\t<meta name=\"twitter:label2\" content=\"Est. reading time\" \/>\n\t<meta name=\"twitter:data2\" content=\"3 minutes\" \/>\n<script type=\"application\/ld+json\" class=\"yoast-schema-graph\">{\"@context\":\"https:\/\/schema.org\",\"@graph\":[{\"@type\":\"Article\",\"@id\":\"https:\/\/www.visitmalinska.com\/en\/uskrs-u-malinskoj-2025\/#article\",\"isPartOf\":{\"@id\":\"https:\/\/www.visitmalinska.com\/en\/uskrs-u-malinskoj-2025\/\"},\"author\":{\"name\":\"malinska\",\"@id\":\"https:\/\/www.visitmalinska.com\/#\/schema\/person\/b9c1147dfe2084b3a08365febf5f5220\"},\"headline\":\"Uskrs u Malinskoj\",\"datePublished\":\"2025-03-12T13:29:22+00:00\",\"dateModified\":\"2026-02-16T13:56:55+00:00\",\"mainEntityOfPage\":{\"@id\":\"https:\/\/www.visitmalinska.com\/en\/uskrs-u-malinskoj-2025\/\"},\"wordCount\":386,\"publisher\":{\"@id\":\"https:\/\/www.visitmalinska.com\/#organization\"},\"image\":{\"@id\":\"https:\/\/www.visitmalinska.com\/en\/uskrs-u-malinskoj-2025\/#primaryimage\"},\"thumbnailUrl\":\"https:\/\/www.visitmalinska.com\/wp-content\/uploads\/2025\/03\/uskrs-malinska2025-event-B.jpg\",\"inLanguage\":\"en-US\"},{\"@type\":\"WebPage\",\"@id\":\"https:\/\/www.visitmalinska.com\/en\/uskrs-u-malinskoj-2025\/\",\"url\":\"https:\/\/www.visitmalinska.com\/en\/uskrs-u-malinskoj-2025\/\",\"name\":\"{:hr}Uskrs u Malinskoj{:}{:si}Velikono\u010dni program v Malinski{:} - TZO Malinska-Duba\u0161nica\",\"isPartOf\":{\"@id\":\"https:\/\/www.visitmalinska.com\/#website\"},\"primaryImageOfPage\":{\"@id\":\"https:\/\/www.visitmalinska.com\/en\/uskrs-u-malinskoj-2025\/#primaryimage\"},\"image\":{\"@id\":\"https:\/\/www.visitmalinska.com\/en\/uskrs-u-malinskoj-2025\/#primaryimage\"},\"thumbnailUrl\":\"https:\/\/www.visitmalinska.com\/wp-content\/uploads\/2025\/03\/uskrs-malinska2025-event-B.jpg\",\"datePublished\":\"2025-03-12T13:29:22+00:00\",\"dateModified\":\"2026-02-16T13:56:55+00:00\",\"breadcrumb\":{\"@id\":\"https:\/\/www.visitmalinska.com\/en\/uskrs-u-malinskoj-2025\/#breadcrumb\"},\"inLanguage\":\"en-US\",\"potentialAction\":[{\"@type\":\"ReadAction\",\"target\":[\"https:\/\/www.visitmalinska.com\/en\/uskrs-u-malinskoj-2025\/\"]}]},{\"@type\":\"ImageObject\",\"inLanguage\":\"en-US\",\"@id\":\"https:\/\/www.visitmalinska.com\/en\/uskrs-u-malinskoj-2025\/#primaryimage\",\"url\":\"https:\/\/www.visitmalinska.com\/wp-content\/uploads\/2025\/03\/uskrs-malinska2025-event-B.jpg\",\"contentUrl\":\"https:\/\/www.visitmalinska.com\/wp-content\/uploads\/2025\/03\/uskrs-malinska2025-event-B.jpg\",\"width\":1920,\"height\":1005},{\"@type\":\"BreadcrumbList\",\"@id\":\"https:\/\/www.visitmalinska.com\/en\/uskrs-u-malinskoj-2025\/#breadcrumb\",\"itemListElement\":[{\"@type\":\"ListItem\",\"position\":1,\"name\":\"Po\u010detna stranica\",\"item\":\"https:\/\/www.visitmalinska.com\/\"},{\"@type\":\"ListItem\",\"position\":2,\"name\":\"Uskrs u Malinskoj\"}]},{\"@type\":\"WebSite\",\"@id\":\"https:\/\/www.visitmalinska.com\/#website\",\"url\":\"https:\/\/www.visitmalinska.com\/\",\"name\":\"TZO Malinska-Duba\u0161nica\",\"description\":\"\",\"publisher\":{\"@id\":\"https:\/\/www.visitmalinska.com\/#organization\"},\"potentialAction\":[{\"@type\":\"SearchAction\",\"target\":{\"@type\":\"EntryPoint\",\"urlTemplate\":\"https:\/\/www.visitmalinska.com\/?s={search_term_string}\"},\"query-input\":{\"@type\":\"PropertyValueSpecification\",\"valueRequired\":true,\"valueName\":\"search_term_string\"}}],\"inLanguage\":\"en-US\"},{\"@type\":\"Organization\",\"@id\":\"https:\/\/www.visitmalinska.com\/#organization\",\"name\":\"TZO Malinska - Duba\u0161nica\",\"url\":\"https:\/\/www.visitmalinska.com\/\",\"logo\":{\"@type\":\"ImageObject\",\"inLanguage\":\"en-US\",\"@id\":\"https:\/\/www.visitmalinska.com\/#\/schema\/logo\/image\/\",\"url\":\"https:\/\/www.visitmalinska.com\/wp-content\/uploads\/2019\/03\/malinska-logo-240.png\",\"contentUrl\":\"https:\/\/www.visitmalinska.com\/wp-content\/uploads\/2019\/03\/malinska-logo-240.png\",\"width\":1188,\"height\":241,\"caption\":\"TZO Malinska - Duba\u0161nica\"},\"image\":{\"@id\":\"https:\/\/www.visitmalinska.com\/#\/schema\/logo\/image\/\"},\"sameAs\":[\"https:\/\/www.facebook.com\/Malinska.Island.Krk\/\",\"https:\/\/www.instagram.com\/visitmalinska\/\"]},{\"@type\":\"Person\",\"@id\":\"https:\/\/www.visitmalinska.com\/#\/schema\/person\/b9c1147dfe2084b3a08365febf5f5220\",\"name\":\"malinska\",\"image\":{\"@type\":\"ImageObject\",\"inLanguage\":\"en-US\",\"@id\":\"https:\/\/www.visitmalinska.com\/#\/schema\/person\/image\/\",\"url\":\"https:\/\/secure.gravatar.com\/avatar\/ac515a9cf3cc312df7b828fd8023a34546d60e401ca285ebf9d6ffa994fe93c7?s=96&d=mm&r=g\",\"contentUrl\":\"https:\/\/secure.gravatar.com\/avatar\/ac515a9cf3cc312df7b828fd8023a34546d60e401ca285ebf9d6ffa994fe93c7?s=96&d=mm&r=g\",\"caption\":\"malinska\"},\"url\":\"https:\/\/www.visitmalinska.com\/en\/author\/malinska\/\"}]}<\/script>\n<!-- \/ Yoast SEO plugin. -->","yoast_head_json":{"title":"- TZO Malinska-Duba\u0161nica","robots":{"index":"index","follow":"follow","max-snippet":"max-snippet:-1","max-image-preview":"max-image-preview:large","max-video-preview":"max-video-preview:-1"},"canonical":"https:\/\/www.visitmalinska.com\/en\/uskrs-u-malinskoj-2025\/","og_locale":"en_US","og_type":"article","og_title":"{:hr}Uskrs u Malinskoj{:}{:si}Velikono\u010dni program v Malinski{:} - TZO Malinska-Duba\u0161nica","og_description":"[vc_row][vc_column][vc_column_text] Uskrs u Malinskoj \u2013 Program za cijelu obitelj! Provedite \u0161areni Uskrs u Malinskoj, gdje vas \u010dekaju brojni sadr\u017eaji, zabava...","og_url":"https:\/\/www.visitmalinska.com\/en\/uskrs-u-malinskoj-2025\/","og_site_name":"TZO Malinska-Duba\u0161nica","article_publisher":"https:\/\/www.facebook.com\/Malinska.Island.Krk\/","article_published_time":"2025-03-12T13:29:22+00:00","article_modified_time":"2026-02-16T13:56:55+00:00","og_image":[{"width":1920,"height":1005,"url":"https:\/\/www.visitmalinska.com\/wp-content\/uploads\/2025\/03\/uskrs-malinska2025-event-B.jpg","type":"image\/jpeg"}],"author":"malinska","twitter_card":"summary_large_image","twitter_misc":{"Written by":"malinska","Est. reading time":"3 minutes"},"schema":{"@context":"https:\/\/schema.org","@graph":[{"@type":"Article","@id":"https:\/\/www.visitmalinska.com\/en\/uskrs-u-malinskoj-2025\/#article","isPartOf":{"@id":"https:\/\/www.visitmalinska.com\/en\/uskrs-u-malinskoj-2025\/"},"author":{"name":"malinska","@id":"https:\/\/www.visitmalinska.com\/#\/schema\/person\/b9c1147dfe2084b3a08365febf5f5220"},"headline":"Uskrs u Malinskoj","datePublished":"2025-03-12T13:29:22+00:00","dateModified":"2026-02-16T13:56:55+00:00","mainEntityOfPage":{"@id":"https:\/\/www.visitmalinska.com\/en\/uskrs-u-malinskoj-2025\/"},"wordCount":386,"publisher":{"@id":"https:\/\/www.visitmalinska.com\/#organization"},"image":{"@id":"https:\/\/www.visitmalinska.com\/en\/uskrs-u-malinskoj-2025\/#primaryimage"},"thumbnailUrl":"https:\/\/www.visitmalinska.com\/wp-content\/uploads\/2025\/03\/uskrs-malinska2025-event-B.jpg","inLanguage":"en-US"},{"@type":"WebPage","@id":"https:\/\/www.visitmalinska.com\/en\/uskrs-u-malinskoj-2025\/","url":"https:\/\/www.visitmalinska.com\/en\/uskrs-u-malinskoj-2025\/","name":"{:hr}Uskrs u Malinskoj{:}{:si}Velikono\u010dni program v Malinski{:} - TZO Malinska-Duba\u0161nica","isPartOf":{"@id":"https:\/\/www.visitmalinska.com\/#website"},"primaryImageOfPage":{"@id":"https:\/\/www.visitmalinska.com\/en\/uskrs-u-malinskoj-2025\/#primaryimage"},"image":{"@id":"https:\/\/www.visitmalinska.com\/en\/uskrs-u-malinskoj-2025\/#primaryimage"},"thumbnailUrl":"https:\/\/www.visitmalinska.com\/wp-content\/uploads\/2025\/03\/uskrs-malinska2025-event-B.jpg","datePublished":"2025-03-12T13:29:22+00:00","dateModified":"2026-02-16T13:56:55+00:00","breadcrumb":{"@id":"https:\/\/www.visitmalinska.com\/en\/uskrs-u-malinskoj-2025\/#breadcrumb"},"inLanguage":"en-US","potentialAction":[{"@type":"ReadAction","target":["https:\/\/www.visitmalinska.com\/en\/uskrs-u-malinskoj-2025\/"]}]},{"@type":"ImageObject","inLanguage":"en-US","@id":"https:\/\/www.visitmalinska.com\/en\/uskrs-u-malinskoj-2025\/#primaryimage","url":"https:\/\/www.visitmalinska.com\/wp-content\/uploads\/2025\/03\/uskrs-malinska2025-event-B.jpg","contentUrl":"https:\/\/www.visitmalinska.com\/wp-content\/uploads\/2025\/03\/uskrs-malinska2025-event-B.jpg","width":1920,"height":1005},{"@type":"BreadcrumbList","@id":"https:\/\/www.visitmalinska.com\/en\/uskrs-u-malinskoj-2025\/#breadcrumb","itemListElement":[{"@type":"ListItem","position":1,"name":"Po\u010detna stranica","item":"https:\/\/www.visitmalinska.com\/"},{"@type":"ListItem","position":2,"name":"Uskrs u Malinskoj"}]},{"@type":"WebSite","@id":"https:\/\/www.visitmalinska.com\/#website","url":"https:\/\/www.visitmalinska.com\/","name":"TZO Malinska-Duba\u0161nica","description":"","publisher":{"@id":"https:\/\/www.visitmalinska.com\/#organization"},"potentialAction":[{"@type":"SearchAction","target":{"@type":"EntryPoint","urlTemplate":"https:\/\/www.visitmalinska.com\/?s={search_term_string}"},"query-input":{"@type":"PropertyValueSpecification","valueRequired":true,"valueName":"search_term_string"}}],"inLanguage":"en-US"},{"@type":"Organization","@id":"https:\/\/www.visitmalinska.com\/#organization","name":"TZO Malinska - Duba\u0161nica","url":"https:\/\/www.visitmalinska.com\/","logo":{"@type":"ImageObject","inLanguage":"en-US","@id":"https:\/\/www.visitmalinska.com\/#\/schema\/logo\/image\/","url":"https:\/\/www.visitmalinska.com\/wp-content\/uploads\/2019\/03\/malinska-logo-240.png","contentUrl":"https:\/\/www.visitmalinska.com\/wp-content\/uploads\/2019\/03\/malinska-logo-240.png","width":1188,"height":241,"caption":"TZO Malinska - Duba\u0161nica"},"image":{"@id":"https:\/\/www.visitmalinska.com\/#\/schema\/logo\/image\/"},"sameAs":["https:\/\/www.facebook.com\/Malinska.Island.Krk\/","https:\/\/www.instagram.com\/visitmalinska\/"]},{"@type":"Person","@id":"https:\/\/www.visitmalinska.com\/#\/schema\/person\/b9c1147dfe2084b3a08365febf5f5220","name":"malinska","image":{"@type":"ImageObject","inLanguage":"en-US","@id":"https:\/\/www.visitmalinska.com\/#\/schema\/person\/image\/","url":"https:\/\/secure.gravatar.com\/avatar\/ac515a9cf3cc312df7b828fd8023a34546d60e401ca285ebf9d6ffa994fe93c7?s=96&d=mm&r=g","contentUrl":"https:\/\/secure.gravatar.com\/avatar\/ac515a9cf3cc312df7b828fd8023a34546d60e401ca285ebf9d6ffa994fe93c7?s=96&d=mm&r=g","caption":"malinska"},"url":"https:\/\/www.visitmalinska.com\/en\/author\/malinska\/"}]}},"_links":{"self":[{"href":"https:\/\/www.visitmalinska.com\/en\/wp-json\/wp\/v2\/posts\/41114","targetHints":{"allow":["GET"]}}],"collection":[{"href":"https:\/\/www.visitmalinska.com\/en\/wp-json\/wp\/v2\/posts"}],"about":[{"href":"https:\/\/www.visitmalinska.com\/en\/wp-json\/wp\/v2\/types\/post"}],"author":[{"embeddable":true,"href":"https:\/\/www.visitmalinska.com\/en\/wp-json\/wp\/v2\/users\/2"}],"replies":[{"embeddable":true,"href":"https:\/\/www.visitmalinska.com\/en\/wp-json\/wp\/v2\/comments?post=41114"}],"version-history":[{"count":15,"href":"https:\/\/www.visitmalinska.com\/en\/wp-json\/wp\/v2\/posts\/41114\/revisions"}],"predecessor-version":[{"id":42811,"href":"https:\/\/www.visitmalinska.com\/en\/wp-json\/wp\/v2\/posts\/41114\/revisions\/42811"}],"wp:featuredmedia":[{"embeddable":true,"href":"https:\/\/www.visitmalinska.com\/en\/wp-json\/wp\/v2\/media\/41260"}],"wp:attachment":[{"href":"https:\/\/www.visitmalinska.com\/en\/wp-json\/wp\/v2\/media?parent=41114"}],"wp:term":[{"taxonomy":"category","embeddable":true,"href":"https:\/\/www.visitmalinska.com\/en\/wp-json\/wp\/v2\/categories?post=41114"},{"taxonomy":"post_tag","embeddable":true,"href":"https:\/\/www.visitmalinska.com\/en\/wp-json\/wp\/v2\/tags?post=41114"}],"curies":[{"name":"wp","href":"https:\/\/api.w.org\/{rel}","templated":true}]}}