{"id":40917,"date":"2025-02-06T11:13:16","date_gmt":"2025-02-06T09:13:16","guid":{"rendered":"https:\/\/www.visitmalinska.com\/?p=40917"},"modified":"2026-03-12T08:51:08","modified_gmt":"2026-03-12T06:51:08","slug":"natjecaj-za-radno-mjesto-administrator-ii","status":"publish","type":"post","link":"https:\/\/www.visitmalinska.com\/en\/natjecaj-za-radno-mjesto-administrator-ii\/","title":{"rendered":"Natje\u010daj za radno mjesto administrator II."},"content":{"rendered":"<p>[vc_row][vc_column][vc_column_text]<img loading=\"lazy\" decoding=\"async\" class=\" wp-image-40918 aligncenter\" src=\"https:\/\/www.visitmalinska.com\/wp-content\/uploads\/2025\/02\/Black-and-Yellow-Job-Post-Vacancy-Instagram-Post-300x300.png\" alt=\"\" width=\"505\" height=\"505\" srcset=\"https:\/\/www.visitmalinska.com\/wp-content\/uploads\/2025\/02\/Black-and-Yellow-Job-Post-Vacancy-Instagram-Post-300x300.png 300w, https:\/\/www.visitmalinska.com\/wp-content\/uploads\/2025\/02\/Black-and-Yellow-Job-Post-Vacancy-Instagram-Post-1024x1024.png 1024w, https:\/\/www.visitmalinska.com\/wp-content\/uploads\/2025\/02\/Black-and-Yellow-Job-Post-Vacancy-Instagram-Post-150x150.png 150w, https:\/\/www.visitmalinska.com\/wp-content\/uploads\/2025\/02\/Black-and-Yellow-Job-Post-Vacancy-Instagram-Post-768x768.png 768w, https:\/\/www.visitmalinska.com\/wp-content\/uploads\/2025\/02\/Black-and-Yellow-Job-Post-Vacancy-Instagram-Post-256x256.png 256w, https:\/\/www.visitmalinska.com\/wp-content\/uploads\/2025\/02\/Black-and-Yellow-Job-Post-Vacancy-Instagram-Post.png 1080w\" sizes=\"auto, (max-width: 505px) 100vw, 505px\" \/><\/p>\n<p>&nbsp;<\/p>\n<p style=\"text-align: justify;\">Na temelju \u010dl. 42. Statuta Turisti\u010dke zajednice op\u0107ine Malinska-Duba\u0161nica (Slu\u017ebene novine Primorsko &#8211; goranske broj 18\/20), \u010dl. 23. Pravilnika o radu Turisti\u010dke zajednice op\u0107ine Malinska-Duba\u0161nica, u skladu sa Zakonom o turisti\u010dkim zajednicama i promicanju hrvatskog turizma (Narodne novine broj 52\/19 i 42\/20), direktor Turisti\u010dke zajednice op\u0107ine Malinska-Duba\u0161nica, Daniel Manzoni, objavljuje<\/p>\n<p style=\"text-align: center;\"><strong>NATJE\u010cAJ<\/strong><br \/>\n<strong>za zasnivanje radnog odnosa za radno mjesto ADMINISTRATOR II<\/strong><br \/>\n<strong>1 izvr\u0161itelj na odre\u0111eno vrijeme u razdoblju od jedne godine uz probni rad u trajanju od tri mjeseca<\/strong><\/p>\n<p>&nbsp;<\/p>\n<p>Uz op\u0107e uvjete propisane Zakonom radu (NN br. 93\/14, 127\/17, 98\/19, ) i Zakonom o turisti\u010dkim zajednicama i promicanju hrvatskog turizma (NN br. 52\/19 i 42\/20), kandidati moraju ispunjavati posebne uvjete propisane Pravilnikom o posebnim uvjetima koje moraju ispunjavati zaposleni u turisti\u010dkim zajednicama (Narodne novine broj 13\/22) kako slijedi:<br \/>\n1. da ima zavr\u0161enu najmanje srednju \u0161kolu (gimnazija, \u010detverogodi\u0161nja ili petogodi\u0161nja strukovna \u0161kola),<br \/>\n2. da ima najmanje jednu godinu radnog iskustva,<br \/>\n3. da poznaje jedan strani jezik<br \/>\n4. da ima polo\u017een stru\u010dni ispit za rad u Turisti\u010dkoj zajednici, a ako nema, treba u roku od jedne godine od dana stupanja na rad polo\u017eiti stru\u010dni ispit,<br \/>\n5. da poznaje rad na osobnom ra\u010dunalu<\/p>\n<p>Uz vlastoru\u010dno potpisanu prijavu na natje\u010daj, kandidati moraju dostaviti:<\/p>\n<ul>\n<li>\u017eivotopis;<\/li>\n<li>presliku osobne iskaznice ili domovnice;<\/li>\n<li>izvornik ili presliku svjedod\u017ebe kojom se potvr\u0111uje ispunjavanje uvjeta stupnja obrazovanja (stru\u010dne spreme) odre\u0111ene ovim natje\u010dajem;<\/li>\n<li>dokaze iz kojih je vidljivo da kandidat ima najmanje jednu godinu radnog iskustva (elektroni\u010dki zapis\/potvrda Hrvatskog zavoda za mirovinsko osiguranje o prijavama i odjavama na mirovinsko osiguranje iz kojeg je razvidan mirovinski sta\u017e i stru\u010dna sprema; izvornik ili ovjereni preslik potvrde ranijeg poslodavca odnosno druga isprava (preslika Ugovora o radu, rje\u0161enja i sli\u010dno) iz koje je vidljiva vrsta poslova, potrebna stru\u010dna sprema te vremensko razdoblje obavljanja tih poslova<\/li>\n<li>presliku uvjerenja o polo\u017eenom stru\u010dnom ispitu ukoliko kandidat ima polo\u017een stru\u010dni ispit<\/li>\n<li>dokaz o poznavanju stranog jezika (preslika svjedod\u017ebe ili certifikata \u0161kole za strane jezike ili preslika svjedod\u017ebe, potvrda, uvjerenje, ili preslika indeksa fakulteta iz koje se vidi da je polo\u017een ispit)<\/li>\n<li>dokaz o poznavanju rada na ra\u010dunalu (preslika svjedod\u017ebe ili certifikata odgovaraju\u0107e obrazovne ustanove, preslika indeksa fakulteta iz koje se vidi da je polo\u017een ispit ili potpisanu izjavu da poznaje rad na ra\u010dunalu)<\/li>\n<\/ul>\n<p>Napomena: Osoba koja u trenutku sklapanja ugovora o radu ispunjava uvjete utvr\u0111ene propisom iz Pravilnika o posebnim uvjetima koje moraju ispunjavati zaposleni u turisti\u010dkim zajednicama (NN br. 13\/22) i Zakona o turisti\u010dkim zajednicama i promicanju hrvatskog turizma (NN broj 52\/19 i 42\/20) ali nema polo\u017een stru\u010dni ispit mora u roku od jedne godine od dana stupanja na rad polo\u017eiti stru\u010dni ispit, a iznimno polo\u017eeni stru\u010dni ispit ne moraju imati osobe koje imaju odgovaraju\u0107u stru\u010dnu spremu i najmanje 5 godina radnog sta\u017ea na poslovima u turizmu u toj stru\u010dnoj spremi.<\/p>\n<p>Natjecati se mogu osobe oba spola sukladno \u010dlanku 13. stavku 2. Zakona o ravnopravnosti spolova (\u201eNarodne novine\u201c broj 82\/08 i 69\/17), a izrazi koji se koriste u natje\u010daju za osobe u mu\u0161kom rodu uporabljeni su neutralno i odnose se na mu\u0161ke i \u017eenske osobe.<\/p>\n<p>Kandidati prijavom na natje\u010daj pristaju da se njihovi osobni podaci obra\u0111uju u potrebnom obimu i u svrhu provedbe Natje\u010daja, od strane ovla\u0161tenih osoba za provedbu natje\u010daja sukladno Uredbi (EU) 2016\/679 Europskog parlamenta i vije\u0107a o za\u0161titi pojedinca u vezi s obradom osobnih podataka i o slobodnom kretanju takvih podataka te o stavljanju izvan snage Direktive 95\/46 EZ od 27. travnja 2016.godine (Slu\u017ebeni list Europske unije, L119\/1).<\/p>\n<p>Potpunom prijavom smatra se prijava koja sadr\u017eava sve podatke i priloge navedene u Natje\u010daju.<\/p>\n<p>Nepotpune i nepravodobne prijave na Natje\u010daj ne\u0107e se razmatrati, niti \u0107e podnositelji nepotpunih prijava biti pozvani na dopunu prijave.<\/p>\n<p>Osobe koje podnesu nepotpune i\/ili nepravodobne prijave na Natje\u010daj ili ne ispunjavaju uvjete Natje\u010daja, ne smatraju se kandidatima prijavljenim na Natje\u010daj.<\/p>\n<p>S kandidatima koji ispunjavaju op\u0107e i posebne uvjete iz natje\u010daja, odr\u017eat \u0107e se razgovor putem kojeg \u0107e se vr\u0161iti i provjera znanja i sposobnosti.<\/p>\n<p>Na slu\u017ebenoj web stranici Turisti\u010dke zajednice op\u0107ine Malinska-Duba\u0161nica (<a href=\"https:\/\/www.visitmalinska.com\/\">www.visitmalinska.com<\/a>) bit \u0107e objavljeno vrijeme odr\u017eavanja razgovora s kandidatima koji ispunjavaju op\u0107e i posebne uvjete iz Natje\u010daja, najmanje 3 (tri) dana prije odr\u017eavanja razgovora.<\/p>\n<p>Za kandidata koji ne pristupi razgovoru smatrat \u0107e se da je povukao prijavu na Natje\u010daj.<\/p>\n<p>Prijave na natje\u010daj s potrebnom dokumentacijom dostavljaju se u zatvorenoj omotnici s naznakom:<\/p>\n<p><strong>\u201eNe otvaraj \u2013 natje\u010daj za radno mjesto\u201c<\/strong><\/p>\n<p>na adresu: <strong>Turisti\u010dka zajednica op\u0107ine Malinska-Duba\u0161nica, Obala 46, 51511 Malinska, <\/strong>osobno ili preporu\u010denom po\u0161tom,<strong> u roku od 14 (\u010detrnaest) dana od dana objave obavijesti o raspisivanju Natje\u010daja na mre\u017enim stranicama Hrvatskog zavoda za zapo\u0161ljavanje neovisno o na\u010dinu dostave odnosno do 21.02.2025. godine do 15,00 sati.<\/strong><\/p>\n<p>&nbsp;<\/p>\n<p>Obavijest o raspisanom natje\u010daju objavit \u0107e se na mre\u017enim stranicama <strong>Hrvatskog zavoda za zapo\u0161ljavanje<\/strong> dana <strong>07.02.2025.<\/strong> godine.<\/p>\n<p>Ponude koje pristignu <strong>21.02.2025.<\/strong> godine nakon <strong>15,00 sati<\/strong> i nadalje, smatrat \u0107e se zaka\u0161njelima.<\/p>\n<p>O rezultatima Natje\u010daja kandidati \u0107e biti obavije\u0161teni u roku od 8 dana od dana dono\u0161enja odluke o izboru.<\/p>\n<p>Turisti\u010dka zajednica op\u0107ine Malinska-Duba\u0161nica zadr\u017eava pravo u svako vrijeme poni\u0161titi ovaj natje\u010daj, odnosno pravo ne odabrati niti jednog kandidata, bez obveze obrazlaganja svoje odluke i bez ikakve odgovornosti prema kandidatima.<\/p>\n<p style=\"text-align: right;\">Direktor TZO Malinska-Duba\u0161nica<\/p>\n<p style=\"text-align: right;\">\u00a0\u00a0\u00a0\u00a0\u00a0\u00a0\u00a0\u00a0\u00a0\u00a0\u00a0\u00a0\u00a0\u00a0\u00a0\u00a0\u00a0\u00a0\u00a0\u00a0\u00a0\u00a0\u00a0\u00a0\u00a0\u00a0\u00a0\u00a0\u00a0\u00a0\u00a0\u00a0\u00a0\u00a0\u00a0\u00a0\u00a0\u00a0\u00a0\u00a0\u00a0\u00a0\u00a0\u00a0\u00a0\u00a0\u00a0\u00a0\u00a0\u00a0\u00a0\u00a0\u00a0\u00a0\u00a0\u00a0\u00a0\u00a0\u00a0\u00a0\u00a0\u00a0\u00a0\u00a0\u00a0\u00a0\u00a0\u00a0\u00a0\u00a0\u00a0\u00a0\u00a0\u00a0\u00a0\u00a0\u00a0\u00a0\u00a0\u00a0\u00a0\u00a0\u00a0\u00a0\u00a0\u00a0\u00a0\u00a0\u00a0\u00a0\u00a0\u00a0\u00a0\u00a0\u00a0\u00a0\u00a0\u00a0 Daniel Manzoni<\/p>\n<p>&nbsp;<\/p>\n<p>KLASA: 200-01\/25-01\/01<br \/>\nURBROJ: 12-1\/25-1<br \/>\nMalinska, 7. velja\u010de 2025. godine[\/vc_column_text][vc_btn title=&#8221;Natje\u010daj&#8221; color=&#8221;primary&#8221; link=&#8221;url:https%3A%2F%2Fwww.visitmalinska.com%2Fwp-content%2Fuploads%2F2025%2F02%2FNatjecaj-2025_Administrator-II_TZO-Malinska-Dubasnica.pdf|||&#8221;][\/vc_column][\/vc_row]<\/p>\n","protected":false},"excerpt":{"rendered":"<p>[vc_row][vc_column][vc_column_text] &nbsp; Na temelju \u010dl. 42. Statuta Turisti\u010dke zajednice op\u0107ine Malinska-Duba\u0161nica (Slu\u017ebene novine Primorsko &#8211; goranske broj 18\/20), \u010dl. 23&#8230;.<\/p>\n","protected":false},"author":2,"featured_media":40918,"comment_status":"closed","ping_status":"closed","sticky":false,"template":"","format":"standard","meta":{"footnotes":""},"categories":[1],"tags":[851,853,634,848],"class_list":{"0":"post-40917","1":"post","2":"type-post","3":"status-publish","4":"format-standard","5":"has-post-thumbnail","7":"category-uncategorized","8":"tag-administrator","9":"tag-natjecaj-za-radno-mjesto","10":"tag-tz-malinska","11":"tag-zaposljavamo"},"acf":[],"yoast_head":"<!-- This site is optimized with the Yoast SEO plugin v23.5 - https:\/\/yoast.com\/wordpress\/plugins\/seo\/ -->\n<title>Natje\u010daj za radno mjesto administrator II. - TZO Malinska-Duba\u0161nica<\/title>\n<meta name=\"robots\" content=\"index, follow, max-snippet:-1, max-image-preview:large, max-video-preview:-1\" \/>\n<link rel=\"canonical\" href=\"https:\/\/www.visitmalinska.com\/natjecaj-za-radno-mjesto-administrator-ii\/\" \/>\n<meta property=\"og:locale\" content=\"en_US\" \/>\n<meta property=\"og:type\" content=\"article\" \/>\n<meta property=\"og:title\" content=\"Natje\u010daj za radno mjesto administrator II. - TZO Malinska-Duba\u0161nica\" \/>\n<meta property=\"og:description\" content=\"[vc_row][vc_column][vc_column_text] &nbsp; Na temelju \u010dl. 42. Statuta Turisti\u010dke zajednice op\u0107ine Malinska-Duba\u0161nica (Slu\u017ebene novine Primorsko &#8211; goranske broj 18\/20), \u010dl. 23....\" \/>\n<meta property=\"og:url\" content=\"https:\/\/www.visitmalinska.com\/natjecaj-za-radno-mjesto-administrator-ii\/\" \/>\n<meta property=\"og:site_name\" content=\"TZO Malinska-Duba\u0161nica\" \/>\n<meta property=\"article:publisher\" content=\"https:\/\/www.facebook.com\/Malinska.Island.Krk\/\" \/>\n<meta property=\"article:published_time\" content=\"2025-02-06T09:13:16+00:00\" \/>\n<meta property=\"article:modified_time\" content=\"2026-03-12T06:51:08+00:00\" \/>\n<meta property=\"og:image\" content=\"https:\/\/www.visitmalinska.com\/wp-content\/uploads\/2025\/02\/Black-and-Yellow-Job-Post-Vacancy-Instagram-Post.png\" \/>\n\t<meta property=\"og:image:width\" content=\"1080\" \/>\n\t<meta property=\"og:image:height\" content=\"1080\" \/>\n\t<meta property=\"og:image:type\" content=\"image\/png\" \/>\n<meta name=\"author\" content=\"malinska\" \/>\n<meta name=\"twitter:card\" content=\"summary_large_image\" \/>\n<meta name=\"twitter:label1\" content=\"Written by\" \/>\n\t<meta name=\"twitter:data1\" content=\"malinska\" \/>\n\t<meta name=\"twitter:label2\" content=\"Est. reading time\" \/>\n\t<meta name=\"twitter:data2\" content=\"6 minutes\" \/>\n<script type=\"application\/ld+json\" class=\"yoast-schema-graph\">{\"@context\":\"https:\/\/schema.org\",\"@graph\":[{\"@type\":\"Article\",\"@id\":\"https:\/\/www.visitmalinska.com\/natjecaj-za-radno-mjesto-administrator-ii\/#article\",\"isPartOf\":{\"@id\":\"https:\/\/www.visitmalinska.com\/natjecaj-za-radno-mjesto-administrator-ii\/\"},\"author\":{\"name\":\"malinska\",\"@id\":\"https:\/\/www.visitmalinska.com\/#\/schema\/person\/b9c1147dfe2084b3a08365febf5f5220\"},\"headline\":\"Natje\u010daj za radno mjesto administrator II.\",\"datePublished\":\"2025-02-06T09:13:16+00:00\",\"dateModified\":\"2026-03-12T06:51:08+00:00\",\"mainEntityOfPage\":{\"@id\":\"https:\/\/www.visitmalinska.com\/natjecaj-za-radno-mjesto-administrator-ii\/\"},\"wordCount\":976,\"publisher\":{\"@id\":\"https:\/\/www.visitmalinska.com\/#organization\"},\"image\":{\"@id\":\"https:\/\/www.visitmalinska.com\/natjecaj-za-radno-mjesto-administrator-ii\/#primaryimage\"},\"thumbnailUrl\":\"https:\/\/www.visitmalinska.com\/wp-content\/uploads\/2025\/02\/Black-and-Yellow-Job-Post-Vacancy-Instagram-Post.png\",\"keywords\":[\"administrator\",\"natje\u010daj za radno mjesto\",\"TZ Malinska\",\"zapo\u0161ljavamo\"],\"inLanguage\":\"en-US\"},{\"@type\":\"WebPage\",\"@id\":\"https:\/\/www.visitmalinska.com\/natjecaj-za-radno-mjesto-administrator-ii\/\",\"url\":\"https:\/\/www.visitmalinska.com\/natjecaj-za-radno-mjesto-administrator-ii\/\",\"name\":\"Natje\u010daj za radno mjesto administrator II. - TZO Malinska-Duba\u0161nica\",\"isPartOf\":{\"@id\":\"https:\/\/www.visitmalinska.com\/#website\"},\"primaryImageOfPage\":{\"@id\":\"https:\/\/www.visitmalinska.com\/natjecaj-za-radno-mjesto-administrator-ii\/#primaryimage\"},\"image\":{\"@id\":\"https:\/\/www.visitmalinska.com\/natjecaj-za-radno-mjesto-administrator-ii\/#primaryimage\"},\"thumbnailUrl\":\"https:\/\/www.visitmalinska.com\/wp-content\/uploads\/2025\/02\/Black-and-Yellow-Job-Post-Vacancy-Instagram-Post.png\",\"datePublished\":\"2025-02-06T09:13:16+00:00\",\"dateModified\":\"2026-03-12T06:51:08+00:00\",\"breadcrumb\":{\"@id\":\"https:\/\/www.visitmalinska.com\/natjecaj-za-radno-mjesto-administrator-ii\/#breadcrumb\"},\"inLanguage\":\"en-US\",\"potentialAction\":[{\"@type\":\"ReadAction\",\"target\":[\"https:\/\/www.visitmalinska.com\/natjecaj-za-radno-mjesto-administrator-ii\/\"]}]},{\"@type\":\"ImageObject\",\"inLanguage\":\"en-US\",\"@id\":\"https:\/\/www.visitmalinska.com\/natjecaj-za-radno-mjesto-administrator-ii\/#primaryimage\",\"url\":\"https:\/\/www.visitmalinska.com\/wp-content\/uploads\/2025\/02\/Black-and-Yellow-Job-Post-Vacancy-Instagram-Post.png\",\"contentUrl\":\"https:\/\/www.visitmalinska.com\/wp-content\/uploads\/2025\/02\/Black-and-Yellow-Job-Post-Vacancy-Instagram-Post.png\",\"width\":1080,\"height\":1080},{\"@type\":\"BreadcrumbList\",\"@id\":\"https:\/\/www.visitmalinska.com\/natjecaj-za-radno-mjesto-administrator-ii\/#breadcrumb\",\"itemListElement\":[{\"@type\":\"ListItem\",\"position\":1,\"name\":\"Po\u010detna stranica\",\"item\":\"https:\/\/www.visitmalinska.com\/\"},{\"@type\":\"ListItem\",\"position\":2,\"name\":\"Natje\u010daj za radno mjesto administrator II.\"}]},{\"@type\":\"WebSite\",\"@id\":\"https:\/\/www.visitmalinska.com\/#website\",\"url\":\"https:\/\/www.visitmalinska.com\/\",\"name\":\"TZO Malinska-Duba\u0161nica\",\"description\":\"\",\"publisher\":{\"@id\":\"https:\/\/www.visitmalinska.com\/#organization\"},\"potentialAction\":[{\"@type\":\"SearchAction\",\"target\":{\"@type\":\"EntryPoint\",\"urlTemplate\":\"https:\/\/www.visitmalinska.com\/?s={search_term_string}\"},\"query-input\":{\"@type\":\"PropertyValueSpecification\",\"valueRequired\":true,\"valueName\":\"search_term_string\"}}],\"inLanguage\":\"en-US\"},{\"@type\":\"Organization\",\"@id\":\"https:\/\/www.visitmalinska.com\/#organization\",\"name\":\"TZO Malinska - Duba\u0161nica\",\"url\":\"https:\/\/www.visitmalinska.com\/\",\"logo\":{\"@type\":\"ImageObject\",\"inLanguage\":\"en-US\",\"@id\":\"https:\/\/www.visitmalinska.com\/#\/schema\/logo\/image\/\",\"url\":\"https:\/\/www.visitmalinska.com\/wp-content\/uploads\/2019\/03\/malinska-logo-240.png\",\"contentUrl\":\"https:\/\/www.visitmalinska.com\/wp-content\/uploads\/2019\/03\/malinska-logo-240.png\",\"width\":1188,\"height\":241,\"caption\":\"TZO Malinska - Duba\u0161nica\"},\"image\":{\"@id\":\"https:\/\/www.visitmalinska.com\/#\/schema\/logo\/image\/\"},\"sameAs\":[\"https:\/\/www.facebook.com\/Malinska.Island.Krk\/\",\"https:\/\/www.instagram.com\/visitmalinska\/\"]},{\"@type\":\"Person\",\"@id\":\"https:\/\/www.visitmalinska.com\/#\/schema\/person\/b9c1147dfe2084b3a08365febf5f5220\",\"name\":\"malinska\",\"image\":{\"@type\":\"ImageObject\",\"inLanguage\":\"en-US\",\"@id\":\"https:\/\/www.visitmalinska.com\/#\/schema\/person\/image\/\",\"url\":\"https:\/\/secure.gravatar.com\/avatar\/ac515a9cf3cc312df7b828fd8023a34546d60e401ca285ebf9d6ffa994fe93c7?s=96&d=mm&r=g\",\"contentUrl\":\"https:\/\/secure.gravatar.com\/avatar\/ac515a9cf3cc312df7b828fd8023a34546d60e401ca285ebf9d6ffa994fe93c7?s=96&d=mm&r=g\",\"caption\":\"malinska\"},\"url\":\"https:\/\/www.visitmalinska.com\/en\/author\/malinska\/\"}]}<\/script>\n<!-- \/ Yoast SEO plugin. -->","yoast_head_json":{"title":"Natje\u010daj za radno mjesto administrator II. - TZO Malinska-Duba\u0161nica","robots":{"index":"index","follow":"follow","max-snippet":"max-snippet:-1","max-image-preview":"max-image-preview:large","max-video-preview":"max-video-preview:-1"},"canonical":"https:\/\/www.visitmalinska.com\/natjecaj-za-radno-mjesto-administrator-ii\/","og_locale":"en_US","og_type":"article","og_title":"Natje\u010daj za radno mjesto administrator II. - TZO Malinska-Duba\u0161nica","og_description":"[vc_row][vc_column][vc_column_text] &nbsp; Na temelju \u010dl. 42. Statuta Turisti\u010dke zajednice op\u0107ine Malinska-Duba\u0161nica (Slu\u017ebene novine Primorsko &#8211; goranske broj 18\/20), \u010dl. 23....","og_url":"https:\/\/www.visitmalinska.com\/natjecaj-za-radno-mjesto-administrator-ii\/","og_site_name":"TZO Malinska-Duba\u0161nica","article_publisher":"https:\/\/www.facebook.com\/Malinska.Island.Krk\/","article_published_time":"2025-02-06T09:13:16+00:00","article_modified_time":"2026-03-12T06:51:08+00:00","og_image":[{"width":1080,"height":1080,"url":"https:\/\/www.visitmalinska.com\/wp-content\/uploads\/2025\/02\/Black-and-Yellow-Job-Post-Vacancy-Instagram-Post.png","type":"image\/png"}],"author":"malinska","twitter_card":"summary_large_image","twitter_misc":{"Written by":"malinska","Est. reading time":"6 minutes"},"schema":{"@context":"https:\/\/schema.org","@graph":[{"@type":"Article","@id":"https:\/\/www.visitmalinska.com\/natjecaj-za-radno-mjesto-administrator-ii\/#article","isPartOf":{"@id":"https:\/\/www.visitmalinska.com\/natjecaj-za-radno-mjesto-administrator-ii\/"},"author":{"name":"malinska","@id":"https:\/\/www.visitmalinska.com\/#\/schema\/person\/b9c1147dfe2084b3a08365febf5f5220"},"headline":"Natje\u010daj za radno mjesto administrator II.","datePublished":"2025-02-06T09:13:16+00:00","dateModified":"2026-03-12T06:51:08+00:00","mainEntityOfPage":{"@id":"https:\/\/www.visitmalinska.com\/natjecaj-za-radno-mjesto-administrator-ii\/"},"wordCount":976,"publisher":{"@id":"https:\/\/www.visitmalinska.com\/#organization"},"image":{"@id":"https:\/\/www.visitmalinska.com\/natjecaj-za-radno-mjesto-administrator-ii\/#primaryimage"},"thumbnailUrl":"https:\/\/www.visitmalinska.com\/wp-content\/uploads\/2025\/02\/Black-and-Yellow-Job-Post-Vacancy-Instagram-Post.png","keywords":["administrator","natje\u010daj za radno mjesto","TZ Malinska","zapo\u0161ljavamo"],"inLanguage":"en-US"},{"@type":"WebPage","@id":"https:\/\/www.visitmalinska.com\/natjecaj-za-radno-mjesto-administrator-ii\/","url":"https:\/\/www.visitmalinska.com\/natjecaj-za-radno-mjesto-administrator-ii\/","name":"Natje\u010daj za radno mjesto administrator II. - TZO Malinska-Duba\u0161nica","isPartOf":{"@id":"https:\/\/www.visitmalinska.com\/#website"},"primaryImageOfPage":{"@id":"https:\/\/www.visitmalinska.com\/natjecaj-za-radno-mjesto-administrator-ii\/#primaryimage"},"image":{"@id":"https:\/\/www.visitmalinska.com\/natjecaj-za-radno-mjesto-administrator-ii\/#primaryimage"},"thumbnailUrl":"https:\/\/www.visitmalinska.com\/wp-content\/uploads\/2025\/02\/Black-and-Yellow-Job-Post-Vacancy-Instagram-Post.png","datePublished":"2025-02-06T09:13:16+00:00","dateModified":"2026-03-12T06:51:08+00:00","breadcrumb":{"@id":"https:\/\/www.visitmalinska.com\/natjecaj-za-radno-mjesto-administrator-ii\/#breadcrumb"},"inLanguage":"en-US","potentialAction":[{"@type":"ReadAction","target":["https:\/\/www.visitmalinska.com\/natjecaj-za-radno-mjesto-administrator-ii\/"]}]},{"@type":"ImageObject","inLanguage":"en-US","@id":"https:\/\/www.visitmalinska.com\/natjecaj-za-radno-mjesto-administrator-ii\/#primaryimage","url":"https:\/\/www.visitmalinska.com\/wp-content\/uploads\/2025\/02\/Black-and-Yellow-Job-Post-Vacancy-Instagram-Post.png","contentUrl":"https:\/\/www.visitmalinska.com\/wp-content\/uploads\/2025\/02\/Black-and-Yellow-Job-Post-Vacancy-Instagram-Post.png","width":1080,"height":1080},{"@type":"BreadcrumbList","@id":"https:\/\/www.visitmalinska.com\/natjecaj-za-radno-mjesto-administrator-ii\/#breadcrumb","itemListElement":[{"@type":"ListItem","position":1,"name":"Po\u010detna stranica","item":"https:\/\/www.visitmalinska.com\/"},{"@type":"ListItem","position":2,"name":"Natje\u010daj za radno mjesto administrator II."}]},{"@type":"WebSite","@id":"https:\/\/www.visitmalinska.com\/#website","url":"https:\/\/www.visitmalinska.com\/","name":"TZO Malinska-Duba\u0161nica","description":"","publisher":{"@id":"https:\/\/www.visitmalinska.com\/#organization"},"potentialAction":[{"@type":"SearchAction","target":{"@type":"EntryPoint","urlTemplate":"https:\/\/www.visitmalinska.com\/?s={search_term_string}"},"query-input":{"@type":"PropertyValueSpecification","valueRequired":true,"valueName":"search_term_string"}}],"inLanguage":"en-US"},{"@type":"Organization","@id":"https:\/\/www.visitmalinska.com\/#organization","name":"TZO Malinska - Duba\u0161nica","url":"https:\/\/www.visitmalinska.com\/","logo":{"@type":"ImageObject","inLanguage":"en-US","@id":"https:\/\/www.visitmalinska.com\/#\/schema\/logo\/image\/","url":"https:\/\/www.visitmalinska.com\/wp-content\/uploads\/2019\/03\/malinska-logo-240.png","contentUrl":"https:\/\/www.visitmalinska.com\/wp-content\/uploads\/2019\/03\/malinska-logo-240.png","width":1188,"height":241,"caption":"TZO Malinska - Duba\u0161nica"},"image":{"@id":"https:\/\/www.visitmalinska.com\/#\/schema\/logo\/image\/"},"sameAs":["https:\/\/www.facebook.com\/Malinska.Island.Krk\/","https:\/\/www.instagram.com\/visitmalinska\/"]},{"@type":"Person","@id":"https:\/\/www.visitmalinska.com\/#\/schema\/person\/b9c1147dfe2084b3a08365febf5f5220","name":"malinska","image":{"@type":"ImageObject","inLanguage":"en-US","@id":"https:\/\/www.visitmalinska.com\/#\/schema\/person\/image\/","url":"https:\/\/secure.gravatar.com\/avatar\/ac515a9cf3cc312df7b828fd8023a34546d60e401ca285ebf9d6ffa994fe93c7?s=96&d=mm&r=g","contentUrl":"https:\/\/secure.gravatar.com\/avatar\/ac515a9cf3cc312df7b828fd8023a34546d60e401ca285ebf9d6ffa994fe93c7?s=96&d=mm&r=g","caption":"malinska"},"url":"https:\/\/www.visitmalinska.com\/en\/author\/malinska\/"}]}},"_links":{"self":[{"href":"https:\/\/www.visitmalinska.com\/en\/wp-json\/wp\/v2\/posts\/40917","targetHints":{"allow":["GET"]}}],"collection":[{"href":"https:\/\/www.visitmalinska.com\/en\/wp-json\/wp\/v2\/posts"}],"about":[{"href":"https:\/\/www.visitmalinska.com\/en\/wp-json\/wp\/v2\/types\/post"}],"author":[{"embeddable":true,"href":"https:\/\/www.visitmalinska.com\/en\/wp-json\/wp\/v2\/users\/2"}],"replies":[{"embeddable":true,"href":"https:\/\/www.visitmalinska.com\/en\/wp-json\/wp\/v2\/comments?post=40917"}],"version-history":[{"count":9,"href":"https:\/\/www.visitmalinska.com\/en\/wp-json\/wp\/v2\/posts\/40917\/revisions"}],"predecessor-version":[{"id":41079,"href":"https:\/\/www.visitmalinska.com\/en\/wp-json\/wp\/v2\/posts\/40917\/revisions\/41079"}],"wp:featuredmedia":[{"embeddable":true,"href":"https:\/\/www.visitmalinska.com\/en\/wp-json\/wp\/v2\/media\/40918"}],"wp:attachment":[{"href":"https:\/\/www.visitmalinska.com\/en\/wp-json\/wp\/v2\/media?parent=40917"}],"wp:term":[{"taxonomy":"category","embeddable":true,"href":"https:\/\/www.visitmalinska.com\/en\/wp-json\/wp\/v2\/categories?post=40917"},{"taxonomy":"post_tag","embeddable":true,"href":"https:\/\/www.visitmalinska.com\/en\/wp-json\/wp\/v2\/tags?post=40917"}],"curies":[{"name":"wp","href":"https:\/\/api.w.org\/{rel}","templated":true}]}}