{"id":40076,"date":"2024-04-19T12:44:03","date_gmt":"2024-04-19T10:44:03","guid":{"rendered":"https:\/\/www.visitmalinska.com\/?p=40076"},"modified":"2026-03-12T09:20:17","modified_gmt":"2026-03-12T07:20:17","slug":"chefu-marinu-plese-otisao-trofej-za-mladog-talenta-godine","status":"publish","type":"post","link":"https:\/\/www.visitmalinska.com\/en\/chefu-marinu-plese-otisao-trofej-za-mladog-talenta-godine\/","title":{"rendered":"Chefu Marinu Ple\u0161e oti\u0161ao trofej za mladog talenta godine!"},"content":{"rendered":"<p>[vc_row][vc_column][vc_column_text]<em>Me\u0111u top 300 restorana Hrvatske koji se isti\u010du svojom kvalitetom, uvr\u0161ten je ove godine u Gault &#038; Millau kulinarski vodi\u010d po prvi puta i restoran Vila Rova, a chef restorana Marin Ple\u0161e progla\u0161en je mladim talentom 2024. godine.<\/em><\/p>\n<p>U hotelu Esplanade, sino\u0107 su dodjeljene nagrade najboljim hrvatskim restoranima i chefovima, te je trofej za Mladi talent godine prema izboru gastronomskog vodi\u010da Gault &#038; Millau za Hrvatsku osvojio Marin Ple\u0161e- chef restorana Vila Rova, iz Malinske na otoku Krku.<\/p>\n<p>Marin Ple\u0161e s predano\u0161\u0107u doprinosi razvoju gastronomije rodnog otoka Krka, te posve\u0107eno pomi\u010de granice u na\u010dinu kori\u0161tenja lokalnih namirnica koje odra\u017eavaju jedinstvenu kulinarsku ba\u0161tinu otoka. Ple\u0161e je nedavno zavr\u0161io sta\u017e u jednom od najboljih restorana na svijetu koji od 2009. godine odr\u017eava najvi\u0161e tri Michelinove zvjezdice \u2013 \u0161panjolskom El Celler de Can Roca.<\/p>\n<p>Ste\u010deno iskustvo preto\u010dit \u0107e u nadolaze\u0107oj sezoni, koja zapo\u010dinje idu\u0107e subote, 27. travnja, u inovativne nove recepte, organizaciju rada u kuhinji i usavr\u0161avanje odnosa prema gostima, te \u0107e nastaviti doprinositi svojoj strasti &#8211; unaprje\u0111enju gastronomske scene otoka Krka i Kvarnera.<\/p>\n<p>&nbsp;<\/p>\n<p><img loading=\"lazy\" decoding=\"async\" class=\" wp-image-40096 aligncenter\" src=\"https:\/\/www.visitmalinska.com\/wp-content\/uploads\/2024\/04\/Hotel-Vila-Rova-Marin-Ples\u2560ie-21_medium-200x300.jpg\" alt=\"\" width=\"303\" height=\"455\" srcset=\"https:\/\/www.visitmalinska.com\/wp-content\/uploads\/2024\/04\/Hotel-Vila-Rova-Marin-Ples\u2560ie-21_medium-200x300.jpg 200w, https:\/\/www.visitmalinska.com\/wp-content\/uploads\/2024\/04\/Hotel-Vila-Rova-Marin-Ples\u2560ie-21_medium-683x1024.jpg 683w, https:\/\/www.visitmalinska.com\/wp-content\/uploads\/2024\/04\/Hotel-Vila-Rova-Marin-Ples\u2560ie-21_medium-768x1152.jpg 768w, https:\/\/www.visitmalinska.com\/wp-content\/uploads\/2024\/04\/Hotel-Vila-Rova-Marin-Ples\u2560ie-21_medium-1024x1536.jpg 1024w, https:\/\/www.visitmalinska.com\/wp-content\/uploads\/2024\/04\/Hotel-Vila-Rova-Marin-Ples\u2560ie-21_medium-1365x2048.jpg 1365w, https:\/\/www.visitmalinska.com\/wp-content\/uploads\/2024\/04\/Hotel-Vila-Rova-Marin-Ples\u2560ie-21_medium-scaled.jpg 1707w\" sizes=\"auto, (max-width: 303px) 100vw, 303px\" \/><\/p>\n<p>&nbsp;<\/p>\n<p><strong>Vila Rova po prvi puta uvr\u0161tena u gastronomski vodi\u010d Gault &#038; Millau za Hrvatsku<\/strong><\/p>\n<p>Ujedno je na ve\u010deri predstavljeno i sedmo izdanje dvojezi\u010dnog me\u0111unarodnog gastronomskog vodi\u010da Gault &#038; Millau za Hrvatsku u koji je po prvi puta uvr\u0161ten restoran Vila Rova. U vodi\u010du uvr\u0161teno je 300 top restorana Hrvatske, koji se isti\u010du svojom inovativno\u0161\u0107u, kvalitetom i autenti\u010dno\u0161\u0107u.<\/p>\n<p>Evo kako je u vodi\u010du opisano iskustvo restorana: \u201eVila Rova, jedini fine dining restoran na otoku Krku, nalazi se u hotelu, od mora odvojenim lijepim maslinikom. Uz \u00e0 la carte menu Vila Rova gostima nudi i degustacijski menu, nazvan The Bridge, a izraz je vizije i vje\u0161tine chefa. Za po\u010detak smo ku\u0161ali kruh od \u017eirovog bra\u0161na uz odli\u010dno maslinovo ulje. Posebno nam se svidjelo predjelo, izvrsni sirovi \u0161kamp u obliku tortice na kremi od pe\u010dene mrkve i limete. Jednako dobre bile su i \u0161urlice s raguom od kozli\u0107a i pestom od su\u0161enih raj\u010dica, te file jadranske tune s kremom od poriluka i per\u0161ina, tostiranim lje\u0161njacima i tapenadom od maslina i blitve. Odli\u010dan dessert lijepo je zaokru\u017eio gastronomski u\u017eitak. Ljubazno osoblje pa\u017eljivo \u0107e vas pratiti kroz cijelu ve\u010deru.&#8221;<\/p>\n<p>&nbsp;<\/p>\n<p><img loading=\"lazy\" decoding=\"async\" class=\" wp-image-40098 aligncenter\" src=\"https:\/\/www.visitmalinska.com\/wp-content\/uploads\/2024\/04\/Hrana-9_medium1-200x300.jpg\" alt=\"\" width=\"303\" height=\"455\" srcset=\"https:\/\/www.visitmalinska.com\/wp-content\/uploads\/2024\/04\/Hrana-9_medium1-200x300.jpg 200w, https:\/\/www.visitmalinska.com\/wp-content\/uploads\/2024\/04\/Hrana-9_medium1-683x1024.jpg 683w, https:\/\/www.visitmalinska.com\/wp-content\/uploads\/2024\/04\/Hrana-9_medium1-768x1152.jpg 768w, https:\/\/www.visitmalinska.com\/wp-content\/uploads\/2024\/04\/Hrana-9_medium1-1024x1536.jpg 1024w, https:\/\/www.visitmalinska.com\/wp-content\/uploads\/2024\/04\/Hrana-9_medium1-1365x2048.jpg 1365w, https:\/\/www.visitmalinska.com\/wp-content\/uploads\/2024\/04\/Hrana-9_medium1.jpg 1500w\" sizes=\"auto, (max-width: 303px) 100vw, 303px\" \/><\/p>\n<p>&nbsp;<\/p>\n<p><strong>Marko \u0160karica- novi ma\u00eetre d\u2019 restorana Vila Rova<\/strong><\/p>\n<p>Timu Vila Rova nedavno se pridru\u017eio i Marko \u0160karica, iza kojeg stoji bogato iskustvo pozicije ma\u00eetre d\u2019 i sommeliera u rovinjskom restoranu Agli Amici s Michelinovom zvjezdicom te tri godine iskustva u kvarnerskom Draga di Lovrana na poziciji glavnog sommeliera.<\/p>\n<p>\u0160karica je u pro\u0161losti odnio nagradu najboljeg sommeliera Istre i Kvarnera, a 2019. je bio me\u0111u finalistima za izbor najboljeg sommeliera Hrvatske. Svojim \u0107e iskustvom pridonijeti pro\u0161irenju i unaprje\u0111enju vinske karte restorana Vila Rova.<\/p>\n<p>Restoran Vila Rova otvara svoja vrata u subotu, 27. travnja u novom ruhu. Sezonu 2024. u restoranu Vila Rova zasigurno \u0107e obilje\u017eiti i potpuno preure\u0111ena sala restorana koja \u0107e pru\u017eiti osvje\u017eeni ambijent za u\u017eivanje u delicijama Marina Ple\u0161ea te biti mjesto novih susreta i stvaranja ukusnih uspomena starim i novim gostima na Krku. Nova sala projekt je arhitektice Barbare Tur\u010di\u0107 Gajzler i tvrtke za projektiranje Marconico d.o.o.[\/vc_column_text][vc_gallery type=&#8221;image_grid&#8221; images=&#8221;40078,40084,40094,40079,40085,40086&#8243;][\/vc_column][\/vc_row][vc_row][vc_column][vc_column_text][\/vc_column_text][\/vc_column][\/vc_row]<\/p>\n","protected":false},"excerpt":{"rendered":"<p>[vc_row][vc_column][vc_column_text]Me\u0111u top 300 restorana Hrvatske koji se isti\u010du svojom kvalitetom, uvr\u0161ten je ove godine u Gault &#038; Millau kulinarski vodi\u010d&#8230;<\/p>\n","protected":false},"author":2,"featured_media":40094,"comment_status":"closed","ping_status":"closed","sticky":false,"template":"","format":"standard","meta":{"footnotes":""},"categories":[1],"tags":[],"class_list":{"0":"post-40076","1":"post","2":"type-post","3":"status-publish","4":"format-standard","5":"has-post-thumbnail","7":"category-uncategorized"},"acf":[],"yoast_head":"<!-- This site is optimized with the Yoast SEO plugin v23.5 - https:\/\/yoast.com\/wordpress\/plugins\/seo\/ -->\n<title>Chefu Marinu Ple\u0161e oti\u0161ao trofej za mladog talenta godine! - TZO Malinska-Duba\u0161nica<\/title>\n<meta name=\"robots\" content=\"index, follow, max-snippet:-1, max-image-preview:large, max-video-preview:-1\" \/>\n<link rel=\"canonical\" href=\"https:\/\/www.visitmalinska.com\/chefu-marinu-plese-otisao-trofej-za-mladog-talenta-godine\/\" \/>\n<meta property=\"og:locale\" content=\"en_US\" \/>\n<meta property=\"og:type\" content=\"article\" \/>\n<meta property=\"og:title\" content=\"Chefu Marinu Ple\u0161e oti\u0161ao trofej za mladog talenta godine! - TZO Malinska-Duba\u0161nica\" \/>\n<meta property=\"og:description\" content=\"[vc_row][vc_column][vc_column_text]Me\u0111u top 300 restorana Hrvatske koji se isti\u010du svojom kvalitetom, uvr\u0161ten je ove godine u Gault &#038; Millau kulinarski vodi\u010d...\" \/>\n<meta property=\"og:url\" content=\"https:\/\/www.visitmalinska.com\/chefu-marinu-plese-otisao-trofej-za-mladog-talenta-godine\/\" \/>\n<meta property=\"og:site_name\" content=\"TZO Malinska-Duba\u0161nica\" \/>\n<meta property=\"article:publisher\" content=\"https:\/\/www.facebook.com\/Malinska.Island.Krk\/\" \/>\n<meta property=\"article:published_time\" content=\"2024-04-19T10:44:03+00:00\" \/>\n<meta property=\"article:modified_time\" content=\"2026-03-12T07:20:17+00:00\" \/>\n<meta property=\"og:image\" content=\"https:\/\/www.visitmalinska.com\/wp-content\/uploads\/2024\/04\/Hotel-Vila-Rova-Marin-Ples\u2560ie-20_small.jpg\" \/>\n\t<meta property=\"og:image:width\" content=\"1500\" \/>\n\t<meta property=\"og:image:height\" content=\"2250\" \/>\n\t<meta property=\"og:image:type\" content=\"image\/jpeg\" \/>\n<meta name=\"author\" content=\"malinska\" \/>\n<meta name=\"twitter:card\" content=\"summary_large_image\" \/>\n<meta name=\"twitter:label1\" content=\"Written by\" \/>\n\t<meta name=\"twitter:data1\" content=\"malinska\" \/>\n\t<meta name=\"twitter:label2\" content=\"Est. reading time\" \/>\n\t<meta name=\"twitter:data2\" content=\"4 minutes\" \/>\n<script type=\"application\/ld+json\" class=\"yoast-schema-graph\">{\"@context\":\"https:\/\/schema.org\",\"@graph\":[{\"@type\":\"Article\",\"@id\":\"https:\/\/www.visitmalinska.com\/chefu-marinu-plese-otisao-trofej-za-mladog-talenta-godine\/#article\",\"isPartOf\":{\"@id\":\"https:\/\/www.visitmalinska.com\/chefu-marinu-plese-otisao-trofej-za-mladog-talenta-godine\/\"},\"author\":{\"name\":\"malinska\",\"@id\":\"https:\/\/www.visitmalinska.com\/#\/schema\/person\/b9c1147dfe2084b3a08365febf5f5220\"},\"headline\":\"Chefu Marinu Ple\u0161e oti\u0161ao trofej za mladog talenta godine!\",\"datePublished\":\"2024-04-19T10:44:03+00:00\",\"dateModified\":\"2026-03-12T07:20:17+00:00\",\"mainEntityOfPage\":{\"@id\":\"https:\/\/www.visitmalinska.com\/chefu-marinu-plese-otisao-trofej-za-mladog-talenta-godine\/\"},\"wordCount\":614,\"publisher\":{\"@id\":\"https:\/\/www.visitmalinska.com\/#organization\"},\"image\":{\"@id\":\"https:\/\/www.visitmalinska.com\/chefu-marinu-plese-otisao-trofej-za-mladog-talenta-godine\/#primaryimage\"},\"thumbnailUrl\":\"https:\/\/www.visitmalinska.com\/wp-content\/uploads\/2024\/04\/Hotel-Vila-Rova-Marin-Ples\u2560ie-20_small.jpg\",\"inLanguage\":\"en-US\"},{\"@type\":\"WebPage\",\"@id\":\"https:\/\/www.visitmalinska.com\/chefu-marinu-plese-otisao-trofej-za-mladog-talenta-godine\/\",\"url\":\"https:\/\/www.visitmalinska.com\/chefu-marinu-plese-otisao-trofej-za-mladog-talenta-godine\/\",\"name\":\"Chefu Marinu Ple\u0161e oti\u0161ao trofej za mladog talenta godine! - TZO Malinska-Duba\u0161nica\",\"isPartOf\":{\"@id\":\"https:\/\/www.visitmalinska.com\/#website\"},\"primaryImageOfPage\":{\"@id\":\"https:\/\/www.visitmalinska.com\/chefu-marinu-plese-otisao-trofej-za-mladog-talenta-godine\/#primaryimage\"},\"image\":{\"@id\":\"https:\/\/www.visitmalinska.com\/chefu-marinu-plese-otisao-trofej-za-mladog-talenta-godine\/#primaryimage\"},\"thumbnailUrl\":\"https:\/\/www.visitmalinska.com\/wp-content\/uploads\/2024\/04\/Hotel-Vila-Rova-Marin-Ples\u2560ie-20_small.jpg\",\"datePublished\":\"2024-04-19T10:44:03+00:00\",\"dateModified\":\"2026-03-12T07:20:17+00:00\",\"breadcrumb\":{\"@id\":\"https:\/\/www.visitmalinska.com\/chefu-marinu-plese-otisao-trofej-za-mladog-talenta-godine\/#breadcrumb\"},\"inLanguage\":\"en-US\",\"potentialAction\":[{\"@type\":\"ReadAction\",\"target\":[\"https:\/\/www.visitmalinska.com\/chefu-marinu-plese-otisao-trofej-za-mladog-talenta-godine\/\"]}]},{\"@type\":\"ImageObject\",\"inLanguage\":\"en-US\",\"@id\":\"https:\/\/www.visitmalinska.com\/chefu-marinu-plese-otisao-trofej-za-mladog-talenta-godine\/#primaryimage\",\"url\":\"https:\/\/www.visitmalinska.com\/wp-content\/uploads\/2024\/04\/Hotel-Vila-Rova-Marin-Ples\u2560ie-20_small.jpg\",\"contentUrl\":\"https:\/\/www.visitmalinska.com\/wp-content\/uploads\/2024\/04\/Hotel-Vila-Rova-Marin-Ples\u2560ie-20_small.jpg\",\"width\":1500,\"height\":2250},{\"@type\":\"BreadcrumbList\",\"@id\":\"https:\/\/www.visitmalinska.com\/chefu-marinu-plese-otisao-trofej-za-mladog-talenta-godine\/#breadcrumb\",\"itemListElement\":[{\"@type\":\"ListItem\",\"position\":1,\"name\":\"Po\u010detna stranica\",\"item\":\"https:\/\/www.visitmalinska.com\/\"},{\"@type\":\"ListItem\",\"position\":2,\"name\":\"Chefu Marinu Ple\u0161e oti\u0161ao trofej za mladog talenta godine!\"}]},{\"@type\":\"WebSite\",\"@id\":\"https:\/\/www.visitmalinska.com\/#website\",\"url\":\"https:\/\/www.visitmalinska.com\/\",\"name\":\"TZO Malinska-Duba\u0161nica\",\"description\":\"\",\"publisher\":{\"@id\":\"https:\/\/www.visitmalinska.com\/#organization\"},\"potentialAction\":[{\"@type\":\"SearchAction\",\"target\":{\"@type\":\"EntryPoint\",\"urlTemplate\":\"https:\/\/www.visitmalinska.com\/?s={search_term_string}\"},\"query-input\":{\"@type\":\"PropertyValueSpecification\",\"valueRequired\":true,\"valueName\":\"search_term_string\"}}],\"inLanguage\":\"en-US\"},{\"@type\":\"Organization\",\"@id\":\"https:\/\/www.visitmalinska.com\/#organization\",\"name\":\"TZO Malinska - Duba\u0161nica\",\"url\":\"https:\/\/www.visitmalinska.com\/\",\"logo\":{\"@type\":\"ImageObject\",\"inLanguage\":\"en-US\",\"@id\":\"https:\/\/www.visitmalinska.com\/#\/schema\/logo\/image\/\",\"url\":\"https:\/\/www.visitmalinska.com\/wp-content\/uploads\/2019\/03\/malinska-logo-240.png\",\"contentUrl\":\"https:\/\/www.visitmalinska.com\/wp-content\/uploads\/2019\/03\/malinska-logo-240.png\",\"width\":1188,\"height\":241,\"caption\":\"TZO Malinska - Duba\u0161nica\"},\"image\":{\"@id\":\"https:\/\/www.visitmalinska.com\/#\/schema\/logo\/image\/\"},\"sameAs\":[\"https:\/\/www.facebook.com\/Malinska.Island.Krk\/\",\"https:\/\/www.instagram.com\/visitmalinska\/\"]},{\"@type\":\"Person\",\"@id\":\"https:\/\/www.visitmalinska.com\/#\/schema\/person\/b9c1147dfe2084b3a08365febf5f5220\",\"name\":\"malinska\",\"image\":{\"@type\":\"ImageObject\",\"inLanguage\":\"en-US\",\"@id\":\"https:\/\/www.visitmalinska.com\/#\/schema\/person\/image\/\",\"url\":\"https:\/\/secure.gravatar.com\/avatar\/ac515a9cf3cc312df7b828fd8023a34546d60e401ca285ebf9d6ffa994fe93c7?s=96&d=mm&r=g\",\"contentUrl\":\"https:\/\/secure.gravatar.com\/avatar\/ac515a9cf3cc312df7b828fd8023a34546d60e401ca285ebf9d6ffa994fe93c7?s=96&d=mm&r=g\",\"caption\":\"malinska\"},\"url\":\"https:\/\/www.visitmalinska.com\/en\/author\/malinska\/\"}]}<\/script>\n<!-- \/ Yoast SEO plugin. -->","yoast_head_json":{"title":"Chefu Marinu Ple\u0161e oti\u0161ao trofej za mladog talenta godine! - TZO Malinska-Duba\u0161nica","robots":{"index":"index","follow":"follow","max-snippet":"max-snippet:-1","max-image-preview":"max-image-preview:large","max-video-preview":"max-video-preview:-1"},"canonical":"https:\/\/www.visitmalinska.com\/chefu-marinu-plese-otisao-trofej-za-mladog-talenta-godine\/","og_locale":"en_US","og_type":"article","og_title":"Chefu Marinu Ple\u0161e oti\u0161ao trofej za mladog talenta godine! - TZO Malinska-Duba\u0161nica","og_description":"[vc_row][vc_column][vc_column_text]Me\u0111u top 300 restorana Hrvatske koji se isti\u010du svojom kvalitetom, uvr\u0161ten je ove godine u Gault &#038; Millau kulinarski vodi\u010d...","og_url":"https:\/\/www.visitmalinska.com\/chefu-marinu-plese-otisao-trofej-za-mladog-talenta-godine\/","og_site_name":"TZO Malinska-Duba\u0161nica","article_publisher":"https:\/\/www.facebook.com\/Malinska.Island.Krk\/","article_published_time":"2024-04-19T10:44:03+00:00","article_modified_time":"2026-03-12T07:20:17+00:00","og_image":[{"width":1500,"height":2250,"url":"https:\/\/www.visitmalinska.com\/wp-content\/uploads\/2024\/04\/Hotel-Vila-Rova-Marin-Ples\u2560ie-20_small.jpg","type":"image\/jpeg"}],"author":"malinska","twitter_card":"summary_large_image","twitter_misc":{"Written by":"malinska","Est. reading time":"4 minutes"},"schema":{"@context":"https:\/\/schema.org","@graph":[{"@type":"Article","@id":"https:\/\/www.visitmalinska.com\/chefu-marinu-plese-otisao-trofej-za-mladog-talenta-godine\/#article","isPartOf":{"@id":"https:\/\/www.visitmalinska.com\/chefu-marinu-plese-otisao-trofej-za-mladog-talenta-godine\/"},"author":{"name":"malinska","@id":"https:\/\/www.visitmalinska.com\/#\/schema\/person\/b9c1147dfe2084b3a08365febf5f5220"},"headline":"Chefu Marinu Ple\u0161e oti\u0161ao trofej za mladog talenta godine!","datePublished":"2024-04-19T10:44:03+00:00","dateModified":"2026-03-12T07:20:17+00:00","mainEntityOfPage":{"@id":"https:\/\/www.visitmalinska.com\/chefu-marinu-plese-otisao-trofej-za-mladog-talenta-godine\/"},"wordCount":614,"publisher":{"@id":"https:\/\/www.visitmalinska.com\/#organization"},"image":{"@id":"https:\/\/www.visitmalinska.com\/chefu-marinu-plese-otisao-trofej-za-mladog-talenta-godine\/#primaryimage"},"thumbnailUrl":"https:\/\/www.visitmalinska.com\/wp-content\/uploads\/2024\/04\/Hotel-Vila-Rova-Marin-Ples\u2560ie-20_small.jpg","inLanguage":"en-US"},{"@type":"WebPage","@id":"https:\/\/www.visitmalinska.com\/chefu-marinu-plese-otisao-trofej-za-mladog-talenta-godine\/","url":"https:\/\/www.visitmalinska.com\/chefu-marinu-plese-otisao-trofej-za-mladog-talenta-godine\/","name":"Chefu Marinu Ple\u0161e oti\u0161ao trofej za mladog talenta godine! - TZO Malinska-Duba\u0161nica","isPartOf":{"@id":"https:\/\/www.visitmalinska.com\/#website"},"primaryImageOfPage":{"@id":"https:\/\/www.visitmalinska.com\/chefu-marinu-plese-otisao-trofej-za-mladog-talenta-godine\/#primaryimage"},"image":{"@id":"https:\/\/www.visitmalinska.com\/chefu-marinu-plese-otisao-trofej-za-mladog-talenta-godine\/#primaryimage"},"thumbnailUrl":"https:\/\/www.visitmalinska.com\/wp-content\/uploads\/2024\/04\/Hotel-Vila-Rova-Marin-Ples\u2560ie-20_small.jpg","datePublished":"2024-04-19T10:44:03+00:00","dateModified":"2026-03-12T07:20:17+00:00","breadcrumb":{"@id":"https:\/\/www.visitmalinska.com\/chefu-marinu-plese-otisao-trofej-za-mladog-talenta-godine\/#breadcrumb"},"inLanguage":"en-US","potentialAction":[{"@type":"ReadAction","target":["https:\/\/www.visitmalinska.com\/chefu-marinu-plese-otisao-trofej-za-mladog-talenta-godine\/"]}]},{"@type":"ImageObject","inLanguage":"en-US","@id":"https:\/\/www.visitmalinska.com\/chefu-marinu-plese-otisao-trofej-za-mladog-talenta-godine\/#primaryimage","url":"https:\/\/www.visitmalinska.com\/wp-content\/uploads\/2024\/04\/Hotel-Vila-Rova-Marin-Ples\u2560ie-20_small.jpg","contentUrl":"https:\/\/www.visitmalinska.com\/wp-content\/uploads\/2024\/04\/Hotel-Vila-Rova-Marin-Ples\u2560ie-20_small.jpg","width":1500,"height":2250},{"@type":"BreadcrumbList","@id":"https:\/\/www.visitmalinska.com\/chefu-marinu-plese-otisao-trofej-za-mladog-talenta-godine\/#breadcrumb","itemListElement":[{"@type":"ListItem","position":1,"name":"Po\u010detna stranica","item":"https:\/\/www.visitmalinska.com\/"},{"@type":"ListItem","position":2,"name":"Chefu Marinu Ple\u0161e oti\u0161ao trofej za mladog talenta godine!"}]},{"@type":"WebSite","@id":"https:\/\/www.visitmalinska.com\/#website","url":"https:\/\/www.visitmalinska.com\/","name":"TZO Malinska-Duba\u0161nica","description":"","publisher":{"@id":"https:\/\/www.visitmalinska.com\/#organization"},"potentialAction":[{"@type":"SearchAction","target":{"@type":"EntryPoint","urlTemplate":"https:\/\/www.visitmalinska.com\/?s={search_term_string}"},"query-input":{"@type":"PropertyValueSpecification","valueRequired":true,"valueName":"search_term_string"}}],"inLanguage":"en-US"},{"@type":"Organization","@id":"https:\/\/www.visitmalinska.com\/#organization","name":"TZO Malinska - Duba\u0161nica","url":"https:\/\/www.visitmalinska.com\/","logo":{"@type":"ImageObject","inLanguage":"en-US","@id":"https:\/\/www.visitmalinska.com\/#\/schema\/logo\/image\/","url":"https:\/\/www.visitmalinska.com\/wp-content\/uploads\/2019\/03\/malinska-logo-240.png","contentUrl":"https:\/\/www.visitmalinska.com\/wp-content\/uploads\/2019\/03\/malinska-logo-240.png","width":1188,"height":241,"caption":"TZO Malinska - Duba\u0161nica"},"image":{"@id":"https:\/\/www.visitmalinska.com\/#\/schema\/logo\/image\/"},"sameAs":["https:\/\/www.facebook.com\/Malinska.Island.Krk\/","https:\/\/www.instagram.com\/visitmalinska\/"]},{"@type":"Person","@id":"https:\/\/www.visitmalinska.com\/#\/schema\/person\/b9c1147dfe2084b3a08365febf5f5220","name":"malinska","image":{"@type":"ImageObject","inLanguage":"en-US","@id":"https:\/\/www.visitmalinska.com\/#\/schema\/person\/image\/","url":"https:\/\/secure.gravatar.com\/avatar\/ac515a9cf3cc312df7b828fd8023a34546d60e401ca285ebf9d6ffa994fe93c7?s=96&d=mm&r=g","contentUrl":"https:\/\/secure.gravatar.com\/avatar\/ac515a9cf3cc312df7b828fd8023a34546d60e401ca285ebf9d6ffa994fe93c7?s=96&d=mm&r=g","caption":"malinska"},"url":"https:\/\/www.visitmalinska.com\/en\/author\/malinska\/"}]}},"_links":{"self":[{"href":"https:\/\/www.visitmalinska.com\/en\/wp-json\/wp\/v2\/posts\/40076","targetHints":{"allow":["GET"]}}],"collection":[{"href":"https:\/\/www.visitmalinska.com\/en\/wp-json\/wp\/v2\/posts"}],"about":[{"href":"https:\/\/www.visitmalinska.com\/en\/wp-json\/wp\/v2\/types\/post"}],"author":[{"embeddable":true,"href":"https:\/\/www.visitmalinska.com\/en\/wp-json\/wp\/v2\/users\/2"}],"replies":[{"embeddable":true,"href":"https:\/\/www.visitmalinska.com\/en\/wp-json\/wp\/v2\/comments?post=40076"}],"version-history":[{"count":15,"href":"https:\/\/www.visitmalinska.com\/en\/wp-json\/wp\/v2\/posts\/40076\/revisions"}],"predecessor-version":[{"id":40104,"href":"https:\/\/www.visitmalinska.com\/en\/wp-json\/wp\/v2\/posts\/40076\/revisions\/40104"}],"wp:featuredmedia":[{"embeddable":true,"href":"https:\/\/www.visitmalinska.com\/en\/wp-json\/wp\/v2\/media\/40094"}],"wp:attachment":[{"href":"https:\/\/www.visitmalinska.com\/en\/wp-json\/wp\/v2\/media?parent=40076"}],"wp:term":[{"taxonomy":"category","embeddable":true,"href":"https:\/\/www.visitmalinska.com\/en\/wp-json\/wp\/v2\/categories?post=40076"},{"taxonomy":"post_tag","embeddable":true,"href":"https:\/\/www.visitmalinska.com\/en\/wp-json\/wp\/v2\/tags?post=40076"}],"curies":[{"name":"wp","href":"https:\/\/api.w.org\/{rel}","templated":true}]}}