{"id":38455,"date":"2023-03-14T15:07:00","date_gmt":"2023-03-14T13:07:00","guid":{"rendered":"https:\/\/www.visitmalinska.com\/?p=38455"},"modified":"2026-03-12T09:19:02","modified_gmt":"2026-03-12T07:19:02","slug":"rekategorizacija-privatnog-smjestaja-2","status":"publish","type":"post","link":"https:\/\/www.visitmalinska.com\/en\/rekategorizacija-privatnog-smjestaja-2\/","title":{"rendered":"Rekategorizacija privatnog smje\u0161taja"},"content":{"rendered":"<p>[vc_row][vc_column][vc_column_text][\/vc_column_text][\/vc_column][\/vc_row][vc_row][vc_column][vc_column_text]Molimo sve iznajmljiva\u010de privatnog smje\u0161taja, koji iznajmljuju smje\u0161tajne jedinice ve\u0107 du\u017ei niz godina, da obrate pa\u017enju na datum izdavanja rje\u0161enja o pru\u017eanju ugostiteljskih usluga u doma\u0107instvu.<\/p>\n<p>Podsje\u0107amo da su, sukladno odredbama Zakona o izmjenama i dopuni Zakona o ugostiteljskoj djelatnosti (NN 42\/20), iznajmljiva\u010di du\u017eni radi nastavka pru\u017eanja ugostiteljskih usluga s pravom isticanja oznake za kategoriju (zvjezdice) podnijeti uredni zahtjev za izdavanje rje\u0161enja o odobrenju za pru\u017eanje ugostiteljskih usluga u doma\u0107instvu.<\/p>\n<p>&nbsp;<\/p>\n<p><img loading=\"lazy\" decoding=\"async\" class=\"alignnone wp-image-38456 size-full\" src=\"https:\/\/www.visitmalinska.com\/wp-content\/uploads\/2023\/03\/Rekategorizacija2023_FbC.png\" alt=\"\" width=\"1640\" height=\"924\" srcset=\"https:\/\/www.visitmalinska.com\/wp-content\/uploads\/2023\/03\/Rekategorizacija2023_FbC.png 1640w, https:\/\/www.visitmalinska.com\/wp-content\/uploads\/2023\/03\/Rekategorizacija2023_FbC-300x169.png 300w, https:\/\/www.visitmalinska.com\/wp-content\/uploads\/2023\/03\/Rekategorizacija2023_FbC-768x433.png 768w, https:\/\/www.visitmalinska.com\/wp-content\/uploads\/2023\/03\/Rekategorizacija2023_FbC-1024x577.png 1024w\" sizes=\"auto, (max-width: 1640px) 100vw, 1640px\" \/><\/p>\n<p>&nbsp;<\/p>\n<p>Obveznici podneska zahtjeva za ponovnu kategorizaciju &#8211; rekategorizaciju su svi iznajmljiva\u010di kojima je rje\u0161enje izdano u razdoblju od 1999. godine do rujna 2007. godine.<\/p>\n<p>Rokovi za Zahtjev za ponovnu kategorizaciju potrebno je podnijeti:<\/p>\n<ul>\n<li>Rje\u0161enje o odobrenju isho\u0111eno u periodu: <strong>do 31.12.2000. \u2013 ROK: 8.4.2022.<\/strong><\/li>\n<li>Rje\u0161enje o odobrenju isho\u0111eno u periodu: <strong>1.1.2001. \u2013 31.12.2004. \u2013 ROK: 8.4.2023.<\/strong><\/li>\n<li>Rje\u0161enje o odobrenju isho\u0111eno u periodu:<strong> 1.1.2005. \u2013 1.9.2007. \u2013 ROK: 8.4.2024.<\/strong><\/li>\n<\/ul>\n<p>&nbsp;<\/p>\n<p>Ako niste sigurni kad Vam je izdano rje\u0161enje, predla\u017eemo Vam da se obratite nadle\u017enom Turisti\u010dkom uredu, kako bi utvrdili datum izdavanja rje\u0161enja te Vam pojasnili daljnju postupak.<\/p>\n<p>&nbsp;<\/p>\n<p>Zahtjev za rekategorizaciju podnosi se nadle\u017enom upravnom tijelu odnosno Upravnom odjelu za turizam, poduzetni\u0161tvo i ruralni razvoj PG\u017d u Krku.<\/p>\n<p>Kontakt podaci nalaze se u nastavku:<\/p>\n<p>Adresa: <strong>Trg Josipa Bana Jela\u010di\u0107a 3, 51500 Krk<\/strong><\/p>\n<p>Tel.:<strong> +385 51 354-347\/349\/353\/360<\/strong><\/p>\n<p>e-mail: <a href=\"mailto:gospodarstvo.krk@pgz.hr\"><strong>gospodarstvo.krk@pgz.hr<\/strong><\/a><\/p>\n<p>&nbsp;<\/p>\n<p>Prilikom podno\u0161enja zahtjeva potrebno je prilo\u017eiti va\u017ee\u0107e rje\u0161enje i presliku osobne iskaznice.<\/p>\n<p>Rekategorizacija za pru\u017eatelje ugostiteljskih usluga nije obavezna, ali ako se procedura ne izvr\u0161i, iznajmljiva\u010d gubi se pravo na * (zvjezdice) i isticanje kategorije smje\u0161taja.<\/p>\n<p>Iznajmljiva\u010di koji ne podnesu zahtjev za rekategorizaciju odnosno za izdavanje novog rje\u0161enja nastavljaju pru\u017eati ugostiteljske usluge, ali gube pravo isticati oznaku za kategoriju (zvjezdice) na objektu u kojem pru\u017eaju ugostiteljske usluge i u promid\u017ebenim materijalima.<\/p>\n<p>Ako iznajmljiva\u010d odlu\u010di ne isticati kategoriju objekta potrebno je naru\u010diti novu standardiziranu plo\u010du kod ovla\u0161tenog proizvo\u0111a\u010da, koji je ishodio suglasnost od Ministarstva turizma i sporta.\u00a0 Standardiziranu plo\u010du, iznajmljiva\u010d temeljem rje\u0161enja naru\u010duje izravno od proizvo\u0111a\u010da te snosi tro\u0161kove izrade i dostave naru\u010dene plo\u010de. Izgled plo\u010de strogo je odre\u0111en, a plo\u010da mora biti vidno istaknuta na glavnom ulazu u objekt.<\/p>\n<p>&nbsp;<\/p>\n<p>Nov\u010danom kaznom u iznosu od 265,45 &#8211; 663,61\u20ac (2000,00 do 5000,00 kuna) kaznit \u0107e se za prekr\u0161aj iznajmljiva\u010d ako isti\u010de na objektu oznaku za kategoriju (zvjezdice) bez rje\u0161enja iz \u010dlanka 11. stavka 1. ovoga Zakona ili isti\u010de zvjezdice u promid\u017ebenim materijalima bez rje\u0161enja iz \u010dlanka 11. stavka 1. ovoga Zakona (\u010dlanak 11. stavak 6.).[\/vc_column_text][\/vc_column][\/vc_row][vc_row][vc_column][vc_column_text][\/vc_column_text][\/vc_column][\/vc_row]<\/p>\n","protected":false},"excerpt":{"rendered":"<p>[vc_row][vc_column][vc_column_text][\/vc_column_text][\/vc_column][\/vc_row][vc_row][vc_column][vc_column_text]Molimo sve iznajmljiva\u010de privatnog smje\u0161taja, koji iznajmljuju smje\u0161tajne jedinice ve\u0107 du\u017ei niz godina, da obrate pa\u017enju na datum izdavanja rje\u0161enja&#8230;<\/p>\n","protected":false},"author":2,"featured_media":38458,"comment_status":"closed","ping_status":"closed","sticky":false,"template":"","format":"standard","meta":{"footnotes":""},"categories":[1],"tags":[],"class_list":{"0":"post-38455","1":"post","2":"type-post","3":"status-publish","4":"format-standard","5":"has-post-thumbnail","7":"category-uncategorized"},"acf":[],"yoast_head":"<!-- This site is optimized with the Yoast SEO plugin v23.5 - https:\/\/yoast.com\/wordpress\/plugins\/seo\/ -->\n<title>Rekategorizacija privatnog smje\u0161taja - TZO Malinska-Duba\u0161nica<\/title>\n<meta name=\"robots\" content=\"index, follow, max-snippet:-1, max-image-preview:large, max-video-preview:-1\" \/>\n<link rel=\"canonical\" href=\"https:\/\/www.visitmalinska.com\/rekategorizacija-privatnog-smjestaja-2\/\" \/>\n<meta property=\"og:locale\" content=\"en_US\" \/>\n<meta property=\"og:type\" content=\"article\" \/>\n<meta property=\"og:title\" content=\"Rekategorizacija privatnog smje\u0161taja - TZO Malinska-Duba\u0161nica\" \/>\n<meta property=\"og:description\" content=\"[vc_row][vc_column][vc_column_text][\/vc_column_text][\/vc_column][\/vc_row][vc_row][vc_column][vc_column_text]Molimo sve iznajmljiva\u010de privatnog smje\u0161taja, koji iznajmljuju smje\u0161tajne jedinice ve\u0107 du\u017ei niz godina, da obrate pa\u017enju na datum izdavanja rje\u0161enja...\" \/>\n<meta property=\"og:url\" content=\"https:\/\/www.visitmalinska.com\/rekategorizacija-privatnog-smjestaja-2\/\" \/>\n<meta property=\"og:site_name\" content=\"TZO Malinska-Duba\u0161nica\" \/>\n<meta property=\"article:publisher\" content=\"https:\/\/www.facebook.com\/Malinska.Island.Krk\/\" \/>\n<meta property=\"article:published_time\" content=\"2023-03-14T13:07:00+00:00\" \/>\n<meta property=\"article:modified_time\" content=\"2026-03-12T07:19:02+00:00\" \/>\n<meta property=\"og:image\" content=\"https:\/\/www.visitmalinska.com\/wp-content\/uploads\/2023\/03\/Rekategorizacija2023_FbP.png\" \/>\n\t<meta property=\"og:image:width\" content=\"940\" \/>\n\t<meta property=\"og:image:height\" content=\"788\" \/>\n\t<meta property=\"og:image:type\" content=\"image\/png\" \/>\n<meta name=\"author\" content=\"malinska\" \/>\n<meta name=\"twitter:card\" content=\"summary_large_image\" \/>\n<meta name=\"twitter:label1\" content=\"Written by\" \/>\n\t<meta name=\"twitter:data1\" content=\"malinska\" \/>\n\t<meta name=\"twitter:label2\" content=\"Est. reading time\" \/>\n\t<meta name=\"twitter:data2\" content=\"2 minutes\" \/>\n<script type=\"application\/ld+json\" class=\"yoast-schema-graph\">{\"@context\":\"https:\/\/schema.org\",\"@graph\":[{\"@type\":\"Article\",\"@id\":\"https:\/\/www.visitmalinska.com\/rekategorizacija-privatnog-smjestaja-2\/#article\",\"isPartOf\":{\"@id\":\"https:\/\/www.visitmalinska.com\/rekategorizacija-privatnog-smjestaja-2\/\"},\"author\":{\"name\":\"malinska\",\"@id\":\"https:\/\/www.visitmalinska.com\/#\/schema\/person\/b9c1147dfe2084b3a08365febf5f5220\"},\"headline\":\"Rekategorizacija privatnog smje\u0161taja\",\"datePublished\":\"2023-03-14T13:07:00+00:00\",\"dateModified\":\"2026-03-12T07:19:02+00:00\",\"mainEntityOfPage\":{\"@id\":\"https:\/\/www.visitmalinska.com\/rekategorizacija-privatnog-smjestaja-2\/\"},\"wordCount\":481,\"publisher\":{\"@id\":\"https:\/\/www.visitmalinska.com\/#organization\"},\"image\":{\"@id\":\"https:\/\/www.visitmalinska.com\/rekategorizacija-privatnog-smjestaja-2\/#primaryimage\"},\"thumbnailUrl\":\"https:\/\/www.visitmalinska.com\/wp-content\/uploads\/2023\/03\/Rekategorizacija2023_FbP.png\",\"inLanguage\":\"en-US\"},{\"@type\":\"WebPage\",\"@id\":\"https:\/\/www.visitmalinska.com\/rekategorizacija-privatnog-smjestaja-2\/\",\"url\":\"https:\/\/www.visitmalinska.com\/rekategorizacija-privatnog-smjestaja-2\/\",\"name\":\"Rekategorizacija privatnog smje\u0161taja - TZO Malinska-Duba\u0161nica\",\"isPartOf\":{\"@id\":\"https:\/\/www.visitmalinska.com\/#website\"},\"primaryImageOfPage\":{\"@id\":\"https:\/\/www.visitmalinska.com\/rekategorizacija-privatnog-smjestaja-2\/#primaryimage\"},\"image\":{\"@id\":\"https:\/\/www.visitmalinska.com\/rekategorizacija-privatnog-smjestaja-2\/#primaryimage\"},\"thumbnailUrl\":\"https:\/\/www.visitmalinska.com\/wp-content\/uploads\/2023\/03\/Rekategorizacija2023_FbP.png\",\"datePublished\":\"2023-03-14T13:07:00+00:00\",\"dateModified\":\"2026-03-12T07:19:02+00:00\",\"breadcrumb\":{\"@id\":\"https:\/\/www.visitmalinska.com\/rekategorizacija-privatnog-smjestaja-2\/#breadcrumb\"},\"inLanguage\":\"en-US\",\"potentialAction\":[{\"@type\":\"ReadAction\",\"target\":[\"https:\/\/www.visitmalinska.com\/rekategorizacija-privatnog-smjestaja-2\/\"]}]},{\"@type\":\"ImageObject\",\"inLanguage\":\"en-US\",\"@id\":\"https:\/\/www.visitmalinska.com\/rekategorizacija-privatnog-smjestaja-2\/#primaryimage\",\"url\":\"https:\/\/www.visitmalinska.com\/wp-content\/uploads\/2023\/03\/Rekategorizacija2023_FbP.png\",\"contentUrl\":\"https:\/\/www.visitmalinska.com\/wp-content\/uploads\/2023\/03\/Rekategorizacija2023_FbP.png\",\"width\":940,\"height\":788},{\"@type\":\"BreadcrumbList\",\"@id\":\"https:\/\/www.visitmalinska.com\/rekategorizacija-privatnog-smjestaja-2\/#breadcrumb\",\"itemListElement\":[{\"@type\":\"ListItem\",\"position\":1,\"name\":\"Po\u010detna stranica\",\"item\":\"https:\/\/www.visitmalinska.com\/\"},{\"@type\":\"ListItem\",\"position\":2,\"name\":\"Rekategorizacija privatnog smje\u0161taja\"}]},{\"@type\":\"WebSite\",\"@id\":\"https:\/\/www.visitmalinska.com\/#website\",\"url\":\"https:\/\/www.visitmalinska.com\/\",\"name\":\"TZO Malinska-Duba\u0161nica\",\"description\":\"\",\"publisher\":{\"@id\":\"https:\/\/www.visitmalinska.com\/#organization\"},\"potentialAction\":[{\"@type\":\"SearchAction\",\"target\":{\"@type\":\"EntryPoint\",\"urlTemplate\":\"https:\/\/www.visitmalinska.com\/?s={search_term_string}\"},\"query-input\":{\"@type\":\"PropertyValueSpecification\",\"valueRequired\":true,\"valueName\":\"search_term_string\"}}],\"inLanguage\":\"en-US\"},{\"@type\":\"Organization\",\"@id\":\"https:\/\/www.visitmalinska.com\/#organization\",\"name\":\"TZO Malinska - Duba\u0161nica\",\"url\":\"https:\/\/www.visitmalinska.com\/\",\"logo\":{\"@type\":\"ImageObject\",\"inLanguage\":\"en-US\",\"@id\":\"https:\/\/www.visitmalinska.com\/#\/schema\/logo\/image\/\",\"url\":\"https:\/\/www.visitmalinska.com\/wp-content\/uploads\/2019\/03\/malinska-logo-240.png\",\"contentUrl\":\"https:\/\/www.visitmalinska.com\/wp-content\/uploads\/2019\/03\/malinska-logo-240.png\",\"width\":1188,\"height\":241,\"caption\":\"TZO Malinska - Duba\u0161nica\"},\"image\":{\"@id\":\"https:\/\/www.visitmalinska.com\/#\/schema\/logo\/image\/\"},\"sameAs\":[\"https:\/\/www.facebook.com\/Malinska.Island.Krk\/\",\"https:\/\/www.instagram.com\/visitmalinska\/\"]},{\"@type\":\"Person\",\"@id\":\"https:\/\/www.visitmalinska.com\/#\/schema\/person\/b9c1147dfe2084b3a08365febf5f5220\",\"name\":\"malinska\",\"image\":{\"@type\":\"ImageObject\",\"inLanguage\":\"en-US\",\"@id\":\"https:\/\/www.visitmalinska.com\/#\/schema\/person\/image\/\",\"url\":\"https:\/\/secure.gravatar.com\/avatar\/ac515a9cf3cc312df7b828fd8023a34546d60e401ca285ebf9d6ffa994fe93c7?s=96&d=mm&r=g\",\"contentUrl\":\"https:\/\/secure.gravatar.com\/avatar\/ac515a9cf3cc312df7b828fd8023a34546d60e401ca285ebf9d6ffa994fe93c7?s=96&d=mm&r=g\",\"caption\":\"malinska\"},\"url\":\"https:\/\/www.visitmalinska.com\/en\/author\/malinska\/\"}]}<\/script>\n<!-- \/ Yoast SEO plugin. -->","yoast_head_json":{"title":"Rekategorizacija privatnog smje\u0161taja - TZO Malinska-Duba\u0161nica","robots":{"index":"index","follow":"follow","max-snippet":"max-snippet:-1","max-image-preview":"max-image-preview:large","max-video-preview":"max-video-preview:-1"},"canonical":"https:\/\/www.visitmalinska.com\/rekategorizacija-privatnog-smjestaja-2\/","og_locale":"en_US","og_type":"article","og_title":"Rekategorizacija privatnog smje\u0161taja - TZO Malinska-Duba\u0161nica","og_description":"[vc_row][vc_column][vc_column_text][\/vc_column_text][\/vc_column][\/vc_row][vc_row][vc_column][vc_column_text]Molimo sve iznajmljiva\u010de privatnog smje\u0161taja, koji iznajmljuju smje\u0161tajne jedinice ve\u0107 du\u017ei niz godina, da obrate pa\u017enju na datum izdavanja rje\u0161enja...","og_url":"https:\/\/www.visitmalinska.com\/rekategorizacija-privatnog-smjestaja-2\/","og_site_name":"TZO Malinska-Duba\u0161nica","article_publisher":"https:\/\/www.facebook.com\/Malinska.Island.Krk\/","article_published_time":"2023-03-14T13:07:00+00:00","article_modified_time":"2026-03-12T07:19:02+00:00","og_image":[{"width":940,"height":788,"url":"https:\/\/www.visitmalinska.com\/wp-content\/uploads\/2023\/03\/Rekategorizacija2023_FbP.png","type":"image\/png"}],"author":"malinska","twitter_card":"summary_large_image","twitter_misc":{"Written by":"malinska","Est. reading time":"2 minutes"},"schema":{"@context":"https:\/\/schema.org","@graph":[{"@type":"Article","@id":"https:\/\/www.visitmalinska.com\/rekategorizacija-privatnog-smjestaja-2\/#article","isPartOf":{"@id":"https:\/\/www.visitmalinska.com\/rekategorizacija-privatnog-smjestaja-2\/"},"author":{"name":"malinska","@id":"https:\/\/www.visitmalinska.com\/#\/schema\/person\/b9c1147dfe2084b3a08365febf5f5220"},"headline":"Rekategorizacija privatnog smje\u0161taja","datePublished":"2023-03-14T13:07:00+00:00","dateModified":"2026-03-12T07:19:02+00:00","mainEntityOfPage":{"@id":"https:\/\/www.visitmalinska.com\/rekategorizacija-privatnog-smjestaja-2\/"},"wordCount":481,"publisher":{"@id":"https:\/\/www.visitmalinska.com\/#organization"},"image":{"@id":"https:\/\/www.visitmalinska.com\/rekategorizacija-privatnog-smjestaja-2\/#primaryimage"},"thumbnailUrl":"https:\/\/www.visitmalinska.com\/wp-content\/uploads\/2023\/03\/Rekategorizacija2023_FbP.png","inLanguage":"en-US"},{"@type":"WebPage","@id":"https:\/\/www.visitmalinska.com\/rekategorizacija-privatnog-smjestaja-2\/","url":"https:\/\/www.visitmalinska.com\/rekategorizacija-privatnog-smjestaja-2\/","name":"Rekategorizacija privatnog smje\u0161taja - TZO Malinska-Duba\u0161nica","isPartOf":{"@id":"https:\/\/www.visitmalinska.com\/#website"},"primaryImageOfPage":{"@id":"https:\/\/www.visitmalinska.com\/rekategorizacija-privatnog-smjestaja-2\/#primaryimage"},"image":{"@id":"https:\/\/www.visitmalinska.com\/rekategorizacija-privatnog-smjestaja-2\/#primaryimage"},"thumbnailUrl":"https:\/\/www.visitmalinska.com\/wp-content\/uploads\/2023\/03\/Rekategorizacija2023_FbP.png","datePublished":"2023-03-14T13:07:00+00:00","dateModified":"2026-03-12T07:19:02+00:00","breadcrumb":{"@id":"https:\/\/www.visitmalinska.com\/rekategorizacija-privatnog-smjestaja-2\/#breadcrumb"},"inLanguage":"en-US","potentialAction":[{"@type":"ReadAction","target":["https:\/\/www.visitmalinska.com\/rekategorizacija-privatnog-smjestaja-2\/"]}]},{"@type":"ImageObject","inLanguage":"en-US","@id":"https:\/\/www.visitmalinska.com\/rekategorizacija-privatnog-smjestaja-2\/#primaryimage","url":"https:\/\/www.visitmalinska.com\/wp-content\/uploads\/2023\/03\/Rekategorizacija2023_FbP.png","contentUrl":"https:\/\/www.visitmalinska.com\/wp-content\/uploads\/2023\/03\/Rekategorizacija2023_FbP.png","width":940,"height":788},{"@type":"BreadcrumbList","@id":"https:\/\/www.visitmalinska.com\/rekategorizacija-privatnog-smjestaja-2\/#breadcrumb","itemListElement":[{"@type":"ListItem","position":1,"name":"Po\u010detna stranica","item":"https:\/\/www.visitmalinska.com\/"},{"@type":"ListItem","position":2,"name":"Rekategorizacija privatnog smje\u0161taja"}]},{"@type":"WebSite","@id":"https:\/\/www.visitmalinska.com\/#website","url":"https:\/\/www.visitmalinska.com\/","name":"TZO Malinska-Duba\u0161nica","description":"","publisher":{"@id":"https:\/\/www.visitmalinska.com\/#organization"},"potentialAction":[{"@type":"SearchAction","target":{"@type":"EntryPoint","urlTemplate":"https:\/\/www.visitmalinska.com\/?s={search_term_string}"},"query-input":{"@type":"PropertyValueSpecification","valueRequired":true,"valueName":"search_term_string"}}],"inLanguage":"en-US"},{"@type":"Organization","@id":"https:\/\/www.visitmalinska.com\/#organization","name":"TZO Malinska - Duba\u0161nica","url":"https:\/\/www.visitmalinska.com\/","logo":{"@type":"ImageObject","inLanguage":"en-US","@id":"https:\/\/www.visitmalinska.com\/#\/schema\/logo\/image\/","url":"https:\/\/www.visitmalinska.com\/wp-content\/uploads\/2019\/03\/malinska-logo-240.png","contentUrl":"https:\/\/www.visitmalinska.com\/wp-content\/uploads\/2019\/03\/malinska-logo-240.png","width":1188,"height":241,"caption":"TZO Malinska - Duba\u0161nica"},"image":{"@id":"https:\/\/www.visitmalinska.com\/#\/schema\/logo\/image\/"},"sameAs":["https:\/\/www.facebook.com\/Malinska.Island.Krk\/","https:\/\/www.instagram.com\/visitmalinska\/"]},{"@type":"Person","@id":"https:\/\/www.visitmalinska.com\/#\/schema\/person\/b9c1147dfe2084b3a08365febf5f5220","name":"malinska","image":{"@type":"ImageObject","inLanguage":"en-US","@id":"https:\/\/www.visitmalinska.com\/#\/schema\/person\/image\/","url":"https:\/\/secure.gravatar.com\/avatar\/ac515a9cf3cc312df7b828fd8023a34546d60e401ca285ebf9d6ffa994fe93c7?s=96&d=mm&r=g","contentUrl":"https:\/\/secure.gravatar.com\/avatar\/ac515a9cf3cc312df7b828fd8023a34546d60e401ca285ebf9d6ffa994fe93c7?s=96&d=mm&r=g","caption":"malinska"},"url":"https:\/\/www.visitmalinska.com\/en\/author\/malinska\/"}]}},"_links":{"self":[{"href":"https:\/\/www.visitmalinska.com\/en\/wp-json\/wp\/v2\/posts\/38455","targetHints":{"allow":["GET"]}}],"collection":[{"href":"https:\/\/www.visitmalinska.com\/en\/wp-json\/wp\/v2\/posts"}],"about":[{"href":"https:\/\/www.visitmalinska.com\/en\/wp-json\/wp\/v2\/types\/post"}],"author":[{"embeddable":true,"href":"https:\/\/www.visitmalinska.com\/en\/wp-json\/wp\/v2\/users\/2"}],"replies":[{"embeddable":true,"href":"https:\/\/www.visitmalinska.com\/en\/wp-json\/wp\/v2\/comments?post=38455"}],"version-history":[{"count":1,"href":"https:\/\/www.visitmalinska.com\/en\/wp-json\/wp\/v2\/posts\/38455\/revisions"}],"predecessor-version":[{"id":38457,"href":"https:\/\/www.visitmalinska.com\/en\/wp-json\/wp\/v2\/posts\/38455\/revisions\/38457"}],"wp:featuredmedia":[{"embeddable":true,"href":"https:\/\/www.visitmalinska.com\/en\/wp-json\/wp\/v2\/media\/38458"}],"wp:attachment":[{"href":"https:\/\/www.visitmalinska.com\/en\/wp-json\/wp\/v2\/media?parent=38455"}],"wp:term":[{"taxonomy":"category","embeddable":true,"href":"https:\/\/www.visitmalinska.com\/en\/wp-json\/wp\/v2\/categories?post=38455"},{"taxonomy":"post_tag","embeddable":true,"href":"https:\/\/www.visitmalinska.com\/en\/wp-json\/wp\/v2\/tags?post=38455"}],"curies":[{"name":"wp","href":"https:\/\/api.w.org\/{rel}","templated":true}]}}