{"id":38280,"date":"2023-02-21T11:13:02","date_gmt":"2023-02-21T09:13:02","guid":{"rendered":"https:\/\/www.visitmalinska.com\/?p=38280"},"modified":"2026-03-11T11:57:03","modified_gmt":"2026-03-11T09:57:03","slug":"edukacije-za-turisticke-djelatnike-i-privatne-iznajmljivace-2023","status":"publish","type":"post","link":"https:\/\/www.visitmalinska.com\/en\/edukacije-za-turisticke-djelatnike-i-privatne-iznajmljivace-2023\/","title":{"rendered":"Edukacije za turisti\u010dke djelatnike i privatne iznajmljiva\u010de"},"content":{"rendered":"<p>[vc_row][vc_column][vc_single_image image=&#8221;38303&#8243; img_size=&#8221;full&#8221; alignment=&#8221;center&#8221;][vc_column_text]Zimski dani brzo odmi\u010du te postaju sve du\u017ei, a i ljeto je sve bli\u017ee te nam uskoro sti\u017ee.\u00a0 O\u017eujak se \u010dini kao idealno vrijeme za provjetravanje, proljetno \u010di\u0161\u0107enje te odli\u010dno vrijeme za utvr\u0111ivanje gradiva i upoznavanja s novostima na podru\u010dju iznajmljivanja.<\/p>\n<p>Turisti\u010dke zajednice pripremile su edukacije za iznajmljiva\u010de i djelatnike u turizmu, od kojih \u0107e se prve dvije odr\u017eati elektroni\u010dkim putem, a posljednja edukacija odr\u017eat \u0107e se u\u017eivo.<\/p>\n<p>&nbsp;<\/p>\n<p>Organizacija ovih edukacija nastavak je vi\u0161egodi\u0161nje prakse, kao jedna u nizu zajedni\u010dkih aktivnosti kojima se nastoji kontinuirano educirati dionike na podru\u010dju turizma, kako bi se \u0161to lak\u0161e i br\u017ee prilagodili turisti\u010dkim trendovima.<\/p>\n<p>&nbsp;<\/p>\n<p>Cilj edukacija je upoznavanje dionika s trendovima i novostima za nadolaze\u0107u turisti\u010dku sezonu. Predava\u010di \u0107e u sklopu svojih predavanja obuhvatiti sve va\u017ene informacije o poslovanju, predstaviti aktualnosti i mogu\u0107nosti unapre\u0111enja te trikove po pitanju ogla\u0161avanja.<\/p>\n<p>&nbsp;<\/p>\n<p>&nbsp;<\/p>\n<p style=\"text-align: center;\"><strong>Na\u010din izvo\u0111enja edukacija je predavanje te diskusija!<\/strong><\/p>\n<p>[\/vc_column_text][vc_btn title=&#8221;PREUZMITE PROGRAM&#8221; color=&#8221;pink&#8221; align=&#8221;center&#8221; link=&#8221;url:https%3A%2F%2Fwww.visitmalinska.com%2Fwp-content%2Fuploads%2F2023%2F02%2FKrk-edukacije-2023.pdf|||&#8221;][\/vc_column][\/vc_row][vc_row][vc_column][vc_tta_accordion active_section=&#8221;1&#8243;][vc_tta_section title=&#8221;6.3.2022. u 17:00 \/ Administrativno poslovanje u 2023.&#8221; tab_id=&#8221;1676969722731-f83769a5-0bd8&#8243;][vc_column_text]<strong>ONLINE<\/strong><strong>TEME:\u00a0<\/strong><\/p>\n<ul>\n<li>Koje dokumente i knjige treba voditi iznajmljiva\u010d<\/li>\n<li>Prijava i odjava gostiju<\/li>\n<li>Cjenik<\/li>\n<li>Sve o izdavanju ra\u010duna<\/li>\n<li>Akontacija i depozit (osiguranje u slu\u010daju \u0161teta)<\/li>\n<li>Financijske obveze iznajmljiva\u010da<\/li>\n<li>\u0160to sve mora imati apartman (prema Pravilniku)<\/li>\n<li>PDV identifikacijski broj<\/li>\n<li>Pla\u0107anje PDV-a na proviziju (na\u010dini)<\/li>\n<li>E-Porezna i kako platiti PDV na proviziju (PDV i PDV-s obrasci)<\/li>\n<li>Razlika iznajmljiva\u010d kao fizi\u010dka i pravna osoba<\/li>\n<li>Dolazak inspektora u objekt<\/li>\n<\/ul>\n<p><strong>PREDAVA\u010c:<\/strong><strong>\u00a0<\/strong>Interligo d.o.o., Savjetovali\u0161te\u00a0za obiteljski smje\u0161taj<br \/>\n<strong>TRAJANJE:<\/strong>\u00a01 \u0161kolski sat (45 min. + pitanja iznajmljiva\u010da)[\/vc_column_text][vc_btn title=&#8221;Administrativno poslovanje u 2023. godini&#8221; color=&#8221;primary&#8221; align=&#8221;center&#8221; link=&#8221;url:https%3A%2F%2Fdocs.google.com%2Fforms%2Fd%2Fe%2F1FAIpQLSeeQQ3MKLAJhvwFt4CpIOxgjAYisY5QP2fRAwOD4&#8211;tmgLlvg%2Fviewform|||&#8221;][\/vc_tta_section][vc_tta_section title=&#8221;20.3.2022. u 17:00 \/ Saznajte novosti i pove\u0107ajte prihode u novoj sezoni&#8221; tab_id=&#8221;1676969722743-477a9fc7-883a&#8221;][vc_column_text]<strong>ONLINE<\/strong><strong>TEME:\u00a0<\/strong><\/p>\n<ul>\n<li><strong>NOVOSTI U OGLA\u0160AVANJU<\/strong><\/li>\n<li>Kako da vas gost lak\u0161e na\u0111e na portalu (filteri)<\/li>\n<li>Sustainable badge<\/li>\n<li>360 &#8211; nova vrsta fotografije<\/li>\n<li>Smart Flex rezervacije<\/li>\n<li>\u0160to s ocjenom 1 na Google Mapi<\/li>\n<li>Kakav oglas ili objava apartmana dobije rezervaciju na dru\u0161tvenim mre\u017eama<\/li>\n<li>5 razloga za\u0161to ste dobili rezervaciju putem web stranice<\/li>\n<li><strong>NOVOSTI U UPRAVLJANJU OBJEKTOM<\/strong><\/li>\n<li>9 stvari koje gosti manje vole u privatnom smje\u0161taju i kako ih pretvoriti u<br \/>\nprednosti<\/li>\n<li>Adults only objekti &#8211; prednost ili nedostatak<\/li>\n<li>7 razloga za\u0161to biti ili ne biti pet friendly objekt<\/li>\n<li>Gdje postaviti cjenik, plan evakuacije, prigovor,&#8230; u objektu<\/li>\n<li><strong>UPRAVLJANJE FINANCIJAMA U PRIVATNOM SMJE\u0160TAJU<\/strong><\/li>\n<li>Procjena koliko mo\u017eete zaraditi po smje\u0161tajnoj jedinici<\/li>\n<li>Na koliki popust pristati i kada<\/li>\n<li>PDV &#8211; 13% ili 25%<\/li>\n<li>\u0160to kad iznajmljiva\u010d ima prihod ve\u0107i od 300.000 kn<\/li>\n<li>Check lista financijskih obveza<\/li>\n<li>7 najtra\u017eenijih predlo\u017eaka<\/li>\n<\/ul>\n<p><strong>PREDAVA\u010c:<\/strong><strong>\u00a0<\/strong>Interligo d.o.o., Savjetovali\u0161te\u00a0za obiteljski smje\u0161taj<br \/>\n<strong>TRAJANJE:<\/strong>\u00a02 \u0161kolska sata (90 min. + pitanja iznajmljiva\u010da\u00a0+ pauza od 10 minuta)[\/vc_column_text][vc_btn title=&#8221;Saznajte novosti i pove\u0107ajte prihode u novoj turisti\u010dkoj sezoni&#8221; color=&#8221;primary&#8221; align=&#8221;center&#8221; link=&#8221;url:https%3A%2F%2Fdocs.google.com%2Fforms%2Fd%2Fe%2F1FAIpQLSePCvY_tfkFm2urH-WQNTlS3zsO3wAnigAsHYib4tx8IFOmxg%2Fviewform|||&#8221;][\/vc_tta_section][vc_tta_section title=&#8221;29.3.2022. u 13:00 \/ Velika vije\u0107nica grada Krka \/ Bike &#038; Bed otoka Krka&#8221; tab_id=&#8221;1676969919661-7e545492-8f20&#8243;][vc_column_text]<strong>U\u017dIVO<\/strong><strong>TEME:<\/strong><\/p>\n<ul>\n<li>Outdoor turizam \u2013 razvojne perspektive destinacije<\/li>\n<li>Najnoviji trendovi u cikloturizmu<\/li>\n<li>Unapre\u0111enje kvalitete obiteljskog smje\u0161taja kroz projekt Kvarner Family i podbrend Bike Friendly<\/li>\n<\/ul>\n<p><strong>PREDAVA\u010cI:\u00a0<\/strong>mr.sc. Vedran Zubovi\u0107, Fakultet za menad\u017ement u turizmu i ugostiteljstvu;\u00a0Ma\u0161a Frkovi\u0107, Travel. In Turisti\u010dka agencija;\u00a0Marica Mogorovi\u0107, djelatnica Turisti\u010dke zajednice Kvarnera<br \/>\n<strong>TRAJANJE:<\/strong>\u00a02 sata (uz pauzu)<br \/>\nPrijava na radionicu u\u017eivo mogu\u0107a je i pozivom na + 385 51 221 359 ili e-mailom na visitisland@krk.hr<\/p>\n<p>[\/vc_column_text][vc_btn title=&#8221;Bed &#038; Bike na otoku Krku&#8221; color=&#8221;primary&#8221; align=&#8221;center&#8221; link=&#8221;url:https%3A%2F%2Fdocs.google.com%2Fforms%2Fd%2Fe%2F1FAIpQLScPjSKsWQOx3QTMloJu2ni8TKFvEMrXiZzGUIgZBLT9qYkPMg%2Fviewform|||&#8221;][\/vc_tta_section][\/vc_tta_accordion][\/vc_column][\/vc_row][vc_row][vc_column][vc_column_text]<\/p>\n<div class=\"col-md-6 col-sm-12\">\n<p style=\"text-align: justify;\"><strong>UPUTE ZA INSTALACIJU APLIKACIJE ZOOM:<\/strong><\/p>\n<p style=\"text-align: justify;\"><strong>1. Za mobilne ure\u0111aje:<\/strong><\/p>\n<p style=\"text-align: justify;\"><strong>Android korisnici (Huawei i Samsung)<\/strong><br \/>\nAplikaciju preuzmite putem sljede\u0107eg linka:<\/p>\n<p style=\"text-align: justify;\"><a href=\"https:\/\/play.google.com\/store\/apps\/details?id=us.zoom.videomeetings&#038;hl=en\"><img loading=\"lazy\" decoding=\"async\" class=\"alignnone wp-image-38324\" src=\"https:\/\/www.visitmalinska.com\/wp-content\/uploads\/2023\/02\/Google_Play_Store_badge_EN.svg-300x88.png\" alt=\"\" width=\"200\" height=\"59\" srcset=\"https:\/\/www.visitmalinska.com\/wp-content\/uploads\/2023\/02\/Google_Play_Store_badge_EN.svg-300x88.png 300w, https:\/\/www.visitmalinska.com\/wp-content\/uploads\/2023\/02\/Google_Play_Store_badge_EN.svg-768x227.png 768w, https:\/\/www.visitmalinska.com\/wp-content\/uploads\/2023\/02\/Google_Play_Store_badge_EN.svg.png 1024w\" sizes=\"auto, (max-width: 200px) 100vw, 200px\" \/><\/a><br \/>\nAlternativno u Google play store-u potra\u017eite \u201cZOOM Cloud Meetings\u201d i instalirajte ga<\/p>\n<p style=\"text-align: justify;\"><strong>iOS korisnici (Apple)<\/strong><br \/>\nAplikaciju preuzmite putem sljede\u0107eg linka:<\/p>\n<p style=\"text-align: justify;\"><a href=\"https:\/\/apps.apple.com\/us\/app\/zoom-cloud-meetings\/id546505307\" target=\"_blank\" rel=\"noopener noreferrer\"><img loading=\"lazy\" decoding=\"async\" class=\"alignnone wp-image-38322\" src=\"https:\/\/www.visitmalinska.com\/wp-content\/uploads\/2023\/02\/App-Store-Button-transparent-300x98.png\" alt=\"\" width=\"200\" height=\"66\" srcset=\"https:\/\/www.visitmalinska.com\/wp-content\/uploads\/2023\/02\/App-Store-Button-transparent-300x98.png 300w, https:\/\/www.visitmalinska.com\/wp-content\/uploads\/2023\/02\/App-Store-Button-transparent-768x252.png 768w, https:\/\/www.visitmalinska.com\/wp-content\/uploads\/2023\/02\/App-Store-Button-transparent-1024x336.png 1024w\" sizes=\"auto, (max-width: 200px) 100vw, 200px\" \/><\/a><br \/>\nAlternativno u Apple store-u potra\u017eite \u201cZOOM Cloud Meetings\u201d i instalirajte ga<\/p>\n<p style=\"text-align: justify;\"><strong>2. Za<\/strong>\u00a0<strong>ra\u010dunala:<\/strong><\/p>\n<p style=\"text-align: justify;\">Aplikaciju mo\u017eete preuzeti sa linka u nastavku, instalirati ju i pokrenuti:<\/p>\n<p style=\"text-align: justify;\"><a href=\"https:\/\/zoom.us\/support\/download\" target=\"_blank\" rel=\"noopener noreferrer\"><img loading=\"lazy\" decoding=\"async\" class=\"alignnone wp-image-38327\" src=\"https:\/\/www.visitmalinska.com\/wp-content\/uploads\/2023\/02\/hd-blue-zoom-logo-transparent-background-31631798718vetobtckdn-300x92.png\" alt=\"\" width=\"200\" height=\"61\" srcset=\"https:\/\/www.visitmalinska.com\/wp-content\/uploads\/2023\/02\/hd-blue-zoom-logo-transparent-background-31631798718vetobtckdn-300x92.png 300w, https:\/\/www.visitmalinska.com\/wp-content\/uploads\/2023\/02\/hd-blue-zoom-logo-transparent-background-31631798718vetobtckdn-768x236.png 768w, https:\/\/www.visitmalinska.com\/wp-content\/uploads\/2023\/02\/hd-blue-zoom-logo-transparent-background-31631798718vetobtckdn.png 850w\" sizes=\"auto, (max-width: 200px) 100vw, 200px\" \/><\/a><\/p>\n<\/div>\n<p>[\/vc_column_text][vc_column_text]<\/p>\n<p style=\"text-align: justify;\"><strong>PRISTUPANJE ZOOM SASTANKU:<\/strong><\/p>\n<p style=\"text-align: justify;\">Na va\u0161e email adrese poslati \u0107emo pozivni link preko kojeg \u0107ete mo\u0107i pristupiti sastanku, no prije treba instalirati aplikaciju.<\/p>\n<p style=\"text-align: justify;\"><strong>Sastanku mo\u017eete pristupiti na 2 na\u010dina:<\/strong><br \/>\n<strong>1.<\/strong>\u00a0Pritiskom na link iz email-a nakon \u010dega \u0107e mobitel sam pokrenuti Zoom aplikaciju i u\u0107i u meeting (na mobitelima)<br \/>\n<strong>2.\u00a0<\/strong>Pokretanjem ZOOM Cloud Meetings aplikacije i odabirom \u201cJoin a Meeting\u201d s po\u010detnog ekrana, te upisivanjem Meeting ID-a i Password-a iz dostavljenog email-a<\/p>\n<p style=\"text-align: justify;\">Aplikacija \u0107e vas tra\u017eiti da upi\u0161ete svoje ime (koje \u0107e biti svima vidljivo) i pokrenuti sastanak. Iz sigurnosnih razloga su vam inicijalno onemogu\u0107eni mikrofon i kamera te ih uklju\u010dite kada ste spremni pritiskom na Start video i Join audio (Call via Device audio).<br \/>\nPreporu\u010dujemo kori\u0161tenje slu\u0161alica s mikrofonom koje dolaze uz mobilne ure\u0111aje kako bi imali \u0161to kvalitetniju reprodukciju zvuka.<\/p>\n<p>[\/vc_column_text][\/vc_column][\/vc_row][vc_row][vc_column][vc_single_image image=&#8221;38307&#8243; img_size=&#8221;full&#8221; alignment=&#8221;center&#8221;][\/vc_column][\/vc_row]<\/p>\n","protected":false},"excerpt":{"rendered":"<p>[vc_row][vc_column][vc_single_image image=&#8221;38303&#8243; img_size=&#8221;full&#8221; alignment=&#8221;center&#8221;][vc_column_text]Zimski dani brzo odmi\u010du te postaju sve du\u017ei, a i ljeto je sve bli\u017ee te nam uskoro&#8230;<\/p>\n","protected":false},"author":2,"featured_media":38286,"comment_status":"closed","ping_status":"closed","sticky":false,"template":"","format":"standard","meta":{"footnotes":""},"categories":[1],"tags":[376,408,411],"class_list":{"0":"post-38280","1":"post","2":"type-post","3":"status-publish","4":"format-standard","5":"has-post-thumbnail","7":"category-uncategorized","8":"tag-edukacija","9":"tag-edukacija-za-iznajmljivace","10":"tag-online-edukacija"},"acf":[],"yoast_head":"<!-- This site is optimized with the Yoast SEO plugin v23.5 - https:\/\/yoast.com\/wordpress\/plugins\/seo\/ -->\n<title>Edukacije za turisti\u010dke djelatnike i privatne iznajmljiva\u010de - TZO Malinska-Duba\u0161nica<\/title>\n<meta name=\"robots\" content=\"index, follow, max-snippet:-1, max-image-preview:large, max-video-preview:-1\" \/>\n<link rel=\"canonical\" href=\"https:\/\/www.visitmalinska.com\/edukacije-za-turisticke-djelatnike-i-privatne-iznajmljivace-2023\/\" \/>\n<meta property=\"og:locale\" content=\"en_US\" \/>\n<meta property=\"og:type\" content=\"article\" \/>\n<meta property=\"og:title\" content=\"Edukacije za turisti\u010dke djelatnike i privatne iznajmljiva\u010de - TZO Malinska-Duba\u0161nica\" \/>\n<meta property=\"og:description\" content=\"[vc_row][vc_column][vc_single_image image=&#8221;38303&#8243; img_size=&#8221;full&#8221; alignment=&#8221;center&#8221;][vc_column_text]Zimski dani brzo odmi\u010du te postaju sve du\u017ei, a i ljeto je sve bli\u017ee te nam uskoro...\" \/>\n<meta property=\"og:url\" content=\"https:\/\/www.visitmalinska.com\/edukacije-za-turisticke-djelatnike-i-privatne-iznajmljivace-2023\/\" \/>\n<meta property=\"og:site_name\" content=\"TZO Malinska-Duba\u0161nica\" \/>\n<meta property=\"article:publisher\" content=\"https:\/\/www.facebook.com\/Malinska.Island.Krk\/\" \/>\n<meta property=\"article:published_time\" content=\"2023-02-21T09:13:02+00:00\" \/>\n<meta property=\"article:modified_time\" content=\"2026-03-11T09:57:03+00:00\" \/>\n<meta property=\"og:image\" content=\"https:\/\/www.visitmalinska.com\/wp-content\/uploads\/2023\/02\/Izrezak-e1676969687512.png\" \/>\n\t<meta property=\"og:image:width\" content=\"745\" \/>\n\t<meta property=\"og:image:height\" content=\"428\" \/>\n\t<meta property=\"og:image:type\" content=\"image\/png\" \/>\n<meta name=\"author\" content=\"malinska\" \/>\n<meta name=\"twitter:card\" content=\"summary_large_image\" \/>\n<meta name=\"twitter:label1\" content=\"Written by\" \/>\n\t<meta name=\"twitter:data1\" content=\"malinska\" \/>\n\t<meta name=\"twitter:label2\" content=\"Est. reading time\" \/>\n\t<meta name=\"twitter:data2\" content=\"5 minutes\" \/>\n<script type=\"application\/ld+json\" class=\"yoast-schema-graph\">{\"@context\":\"https:\/\/schema.org\",\"@graph\":[{\"@type\":\"Article\",\"@id\":\"https:\/\/www.visitmalinska.com\/edukacije-za-turisticke-djelatnike-i-privatne-iznajmljivace-2023\/#article\",\"isPartOf\":{\"@id\":\"https:\/\/www.visitmalinska.com\/edukacije-za-turisticke-djelatnike-i-privatne-iznajmljivace-2023\/\"},\"author\":{\"name\":\"malinska\",\"@id\":\"https:\/\/www.visitmalinska.com\/#\/schema\/person\/b9c1147dfe2084b3a08365febf5f5220\"},\"headline\":\"Edukacije za turisti\u010dke djelatnike i privatne iznajmljiva\u010de\",\"datePublished\":\"2023-02-21T09:13:02+00:00\",\"dateModified\":\"2026-03-11T09:57:03+00:00\",\"mainEntityOfPage\":{\"@id\":\"https:\/\/www.visitmalinska.com\/edukacije-za-turisticke-djelatnike-i-privatne-iznajmljivace-2023\/\"},\"wordCount\":1002,\"publisher\":{\"@id\":\"https:\/\/www.visitmalinska.com\/#organization\"},\"image\":{\"@id\":\"https:\/\/www.visitmalinska.com\/edukacije-za-turisticke-djelatnike-i-privatne-iznajmljivace-2023\/#primaryimage\"},\"thumbnailUrl\":\"https:\/\/www.visitmalinska.com\/wp-content\/uploads\/2023\/02\/Izrezak-e1676969687512.png\",\"keywords\":[\"edukacija\",\"edukacija za iznajmljiva\u010de\",\"online edukacija\"],\"inLanguage\":\"en-US\"},{\"@type\":\"WebPage\",\"@id\":\"https:\/\/www.visitmalinska.com\/edukacije-za-turisticke-djelatnike-i-privatne-iznajmljivace-2023\/\",\"url\":\"https:\/\/www.visitmalinska.com\/edukacije-za-turisticke-djelatnike-i-privatne-iznajmljivace-2023\/\",\"name\":\"Edukacije za turisti\u010dke djelatnike i privatne iznajmljiva\u010de - TZO Malinska-Duba\u0161nica\",\"isPartOf\":{\"@id\":\"https:\/\/www.visitmalinska.com\/#website\"},\"primaryImageOfPage\":{\"@id\":\"https:\/\/www.visitmalinska.com\/edukacije-za-turisticke-djelatnike-i-privatne-iznajmljivace-2023\/#primaryimage\"},\"image\":{\"@id\":\"https:\/\/www.visitmalinska.com\/edukacije-za-turisticke-djelatnike-i-privatne-iznajmljivace-2023\/#primaryimage\"},\"thumbnailUrl\":\"https:\/\/www.visitmalinska.com\/wp-content\/uploads\/2023\/02\/Izrezak-e1676969687512.png\",\"datePublished\":\"2023-02-21T09:13:02+00:00\",\"dateModified\":\"2026-03-11T09:57:03+00:00\",\"breadcrumb\":{\"@id\":\"https:\/\/www.visitmalinska.com\/edukacije-za-turisticke-djelatnike-i-privatne-iznajmljivace-2023\/#breadcrumb\"},\"inLanguage\":\"en-US\",\"potentialAction\":[{\"@type\":\"ReadAction\",\"target\":[\"https:\/\/www.visitmalinska.com\/edukacije-za-turisticke-djelatnike-i-privatne-iznajmljivace-2023\/\"]}]},{\"@type\":\"ImageObject\",\"inLanguage\":\"en-US\",\"@id\":\"https:\/\/www.visitmalinska.com\/edukacije-za-turisticke-djelatnike-i-privatne-iznajmljivace-2023\/#primaryimage\",\"url\":\"https:\/\/www.visitmalinska.com\/wp-content\/uploads\/2023\/02\/Izrezak-e1676969687512.png\",\"contentUrl\":\"https:\/\/www.visitmalinska.com\/wp-content\/uploads\/2023\/02\/Izrezak-e1676969687512.png\",\"width\":745,\"height\":428},{\"@type\":\"BreadcrumbList\",\"@id\":\"https:\/\/www.visitmalinska.com\/edukacije-za-turisticke-djelatnike-i-privatne-iznajmljivace-2023\/#breadcrumb\",\"itemListElement\":[{\"@type\":\"ListItem\",\"position\":1,\"name\":\"Po\u010detna stranica\",\"item\":\"https:\/\/www.visitmalinska.com\/\"},{\"@type\":\"ListItem\",\"position\":2,\"name\":\"Edukacije za turisti\u010dke djelatnike i privatne iznajmljiva\u010de\"}]},{\"@type\":\"WebSite\",\"@id\":\"https:\/\/www.visitmalinska.com\/#website\",\"url\":\"https:\/\/www.visitmalinska.com\/\",\"name\":\"TZO Malinska-Duba\u0161nica\",\"description\":\"\",\"publisher\":{\"@id\":\"https:\/\/www.visitmalinska.com\/#organization\"},\"potentialAction\":[{\"@type\":\"SearchAction\",\"target\":{\"@type\":\"EntryPoint\",\"urlTemplate\":\"https:\/\/www.visitmalinska.com\/?s={search_term_string}\"},\"query-input\":{\"@type\":\"PropertyValueSpecification\",\"valueRequired\":true,\"valueName\":\"search_term_string\"}}],\"inLanguage\":\"en-US\"},{\"@type\":\"Organization\",\"@id\":\"https:\/\/www.visitmalinska.com\/#organization\",\"name\":\"TZO Malinska - Duba\u0161nica\",\"url\":\"https:\/\/www.visitmalinska.com\/\",\"logo\":{\"@type\":\"ImageObject\",\"inLanguage\":\"en-US\",\"@id\":\"https:\/\/www.visitmalinska.com\/#\/schema\/logo\/image\/\",\"url\":\"https:\/\/www.visitmalinska.com\/wp-content\/uploads\/2019\/03\/malinska-logo-240.png\",\"contentUrl\":\"https:\/\/www.visitmalinska.com\/wp-content\/uploads\/2019\/03\/malinska-logo-240.png\",\"width\":1188,\"height\":241,\"caption\":\"TZO Malinska - Duba\u0161nica\"},\"image\":{\"@id\":\"https:\/\/www.visitmalinska.com\/#\/schema\/logo\/image\/\"},\"sameAs\":[\"https:\/\/www.facebook.com\/Malinska.Island.Krk\/\",\"https:\/\/www.instagram.com\/visitmalinska\/\"]},{\"@type\":\"Person\",\"@id\":\"https:\/\/www.visitmalinska.com\/#\/schema\/person\/b9c1147dfe2084b3a08365febf5f5220\",\"name\":\"malinska\",\"image\":{\"@type\":\"ImageObject\",\"inLanguage\":\"en-US\",\"@id\":\"https:\/\/www.visitmalinska.com\/#\/schema\/person\/image\/\",\"url\":\"https:\/\/secure.gravatar.com\/avatar\/ac515a9cf3cc312df7b828fd8023a34546d60e401ca285ebf9d6ffa994fe93c7?s=96&d=mm&r=g\",\"contentUrl\":\"https:\/\/secure.gravatar.com\/avatar\/ac515a9cf3cc312df7b828fd8023a34546d60e401ca285ebf9d6ffa994fe93c7?s=96&d=mm&r=g\",\"caption\":\"malinska\"},\"url\":\"https:\/\/www.visitmalinska.com\/en\/author\/malinska\/\"}]}<\/script>\n<!-- \/ Yoast SEO plugin. -->","yoast_head_json":{"title":"Edukacije za turisti\u010dke djelatnike i privatne iznajmljiva\u010de - TZO Malinska-Duba\u0161nica","robots":{"index":"index","follow":"follow","max-snippet":"max-snippet:-1","max-image-preview":"max-image-preview:large","max-video-preview":"max-video-preview:-1"},"canonical":"https:\/\/www.visitmalinska.com\/edukacije-za-turisticke-djelatnike-i-privatne-iznajmljivace-2023\/","og_locale":"en_US","og_type":"article","og_title":"Edukacije za turisti\u010dke djelatnike i privatne iznajmljiva\u010de - TZO Malinska-Duba\u0161nica","og_description":"[vc_row][vc_column][vc_single_image image=&#8221;38303&#8243; img_size=&#8221;full&#8221; alignment=&#8221;center&#8221;][vc_column_text]Zimski dani brzo odmi\u010du te postaju sve du\u017ei, a i ljeto je sve bli\u017ee te nam uskoro...","og_url":"https:\/\/www.visitmalinska.com\/edukacije-za-turisticke-djelatnike-i-privatne-iznajmljivace-2023\/","og_site_name":"TZO Malinska-Duba\u0161nica","article_publisher":"https:\/\/www.facebook.com\/Malinska.Island.Krk\/","article_published_time":"2023-02-21T09:13:02+00:00","article_modified_time":"2026-03-11T09:57:03+00:00","og_image":[{"width":745,"height":428,"url":"https:\/\/www.visitmalinska.com\/wp-content\/uploads\/2023\/02\/Izrezak-e1676969687512.png","type":"image\/png"}],"author":"malinska","twitter_card":"summary_large_image","twitter_misc":{"Written by":"malinska","Est. reading time":"5 minutes"},"schema":{"@context":"https:\/\/schema.org","@graph":[{"@type":"Article","@id":"https:\/\/www.visitmalinska.com\/edukacije-za-turisticke-djelatnike-i-privatne-iznajmljivace-2023\/#article","isPartOf":{"@id":"https:\/\/www.visitmalinska.com\/edukacije-za-turisticke-djelatnike-i-privatne-iznajmljivace-2023\/"},"author":{"name":"malinska","@id":"https:\/\/www.visitmalinska.com\/#\/schema\/person\/b9c1147dfe2084b3a08365febf5f5220"},"headline":"Edukacije za turisti\u010dke djelatnike i privatne iznajmljiva\u010de","datePublished":"2023-02-21T09:13:02+00:00","dateModified":"2026-03-11T09:57:03+00:00","mainEntityOfPage":{"@id":"https:\/\/www.visitmalinska.com\/edukacije-za-turisticke-djelatnike-i-privatne-iznajmljivace-2023\/"},"wordCount":1002,"publisher":{"@id":"https:\/\/www.visitmalinska.com\/#organization"},"image":{"@id":"https:\/\/www.visitmalinska.com\/edukacije-za-turisticke-djelatnike-i-privatne-iznajmljivace-2023\/#primaryimage"},"thumbnailUrl":"https:\/\/www.visitmalinska.com\/wp-content\/uploads\/2023\/02\/Izrezak-e1676969687512.png","keywords":["edukacija","edukacija za iznajmljiva\u010de","online edukacija"],"inLanguage":"en-US"},{"@type":"WebPage","@id":"https:\/\/www.visitmalinska.com\/edukacije-za-turisticke-djelatnike-i-privatne-iznajmljivace-2023\/","url":"https:\/\/www.visitmalinska.com\/edukacije-za-turisticke-djelatnike-i-privatne-iznajmljivace-2023\/","name":"Edukacije za turisti\u010dke djelatnike i privatne iznajmljiva\u010de - TZO Malinska-Duba\u0161nica","isPartOf":{"@id":"https:\/\/www.visitmalinska.com\/#website"},"primaryImageOfPage":{"@id":"https:\/\/www.visitmalinska.com\/edukacije-za-turisticke-djelatnike-i-privatne-iznajmljivace-2023\/#primaryimage"},"image":{"@id":"https:\/\/www.visitmalinska.com\/edukacije-za-turisticke-djelatnike-i-privatne-iznajmljivace-2023\/#primaryimage"},"thumbnailUrl":"https:\/\/www.visitmalinska.com\/wp-content\/uploads\/2023\/02\/Izrezak-e1676969687512.png","datePublished":"2023-02-21T09:13:02+00:00","dateModified":"2026-03-11T09:57:03+00:00","breadcrumb":{"@id":"https:\/\/www.visitmalinska.com\/edukacije-za-turisticke-djelatnike-i-privatne-iznajmljivace-2023\/#breadcrumb"},"inLanguage":"en-US","potentialAction":[{"@type":"ReadAction","target":["https:\/\/www.visitmalinska.com\/edukacije-za-turisticke-djelatnike-i-privatne-iznajmljivace-2023\/"]}]},{"@type":"ImageObject","inLanguage":"en-US","@id":"https:\/\/www.visitmalinska.com\/edukacije-za-turisticke-djelatnike-i-privatne-iznajmljivace-2023\/#primaryimage","url":"https:\/\/www.visitmalinska.com\/wp-content\/uploads\/2023\/02\/Izrezak-e1676969687512.png","contentUrl":"https:\/\/www.visitmalinska.com\/wp-content\/uploads\/2023\/02\/Izrezak-e1676969687512.png","width":745,"height":428},{"@type":"BreadcrumbList","@id":"https:\/\/www.visitmalinska.com\/edukacije-za-turisticke-djelatnike-i-privatne-iznajmljivace-2023\/#breadcrumb","itemListElement":[{"@type":"ListItem","position":1,"name":"Po\u010detna stranica","item":"https:\/\/www.visitmalinska.com\/"},{"@type":"ListItem","position":2,"name":"Edukacije za turisti\u010dke djelatnike i privatne iznajmljiva\u010de"}]},{"@type":"WebSite","@id":"https:\/\/www.visitmalinska.com\/#website","url":"https:\/\/www.visitmalinska.com\/","name":"TZO Malinska-Duba\u0161nica","description":"","publisher":{"@id":"https:\/\/www.visitmalinska.com\/#organization"},"potentialAction":[{"@type":"SearchAction","target":{"@type":"EntryPoint","urlTemplate":"https:\/\/www.visitmalinska.com\/?s={search_term_string}"},"query-input":{"@type":"PropertyValueSpecification","valueRequired":true,"valueName":"search_term_string"}}],"inLanguage":"en-US"},{"@type":"Organization","@id":"https:\/\/www.visitmalinska.com\/#organization","name":"TZO Malinska - Duba\u0161nica","url":"https:\/\/www.visitmalinska.com\/","logo":{"@type":"ImageObject","inLanguage":"en-US","@id":"https:\/\/www.visitmalinska.com\/#\/schema\/logo\/image\/","url":"https:\/\/www.visitmalinska.com\/wp-content\/uploads\/2019\/03\/malinska-logo-240.png","contentUrl":"https:\/\/www.visitmalinska.com\/wp-content\/uploads\/2019\/03\/malinska-logo-240.png","width":1188,"height":241,"caption":"TZO Malinska - Duba\u0161nica"},"image":{"@id":"https:\/\/www.visitmalinska.com\/#\/schema\/logo\/image\/"},"sameAs":["https:\/\/www.facebook.com\/Malinska.Island.Krk\/","https:\/\/www.instagram.com\/visitmalinska\/"]},{"@type":"Person","@id":"https:\/\/www.visitmalinska.com\/#\/schema\/person\/b9c1147dfe2084b3a08365febf5f5220","name":"malinska","image":{"@type":"ImageObject","inLanguage":"en-US","@id":"https:\/\/www.visitmalinska.com\/#\/schema\/person\/image\/","url":"https:\/\/secure.gravatar.com\/avatar\/ac515a9cf3cc312df7b828fd8023a34546d60e401ca285ebf9d6ffa994fe93c7?s=96&d=mm&r=g","contentUrl":"https:\/\/secure.gravatar.com\/avatar\/ac515a9cf3cc312df7b828fd8023a34546d60e401ca285ebf9d6ffa994fe93c7?s=96&d=mm&r=g","caption":"malinska"},"url":"https:\/\/www.visitmalinska.com\/en\/author\/malinska\/"}]}},"_links":{"self":[{"href":"https:\/\/www.visitmalinska.com\/en\/wp-json\/wp\/v2\/posts\/38280","targetHints":{"allow":["GET"]}}],"collection":[{"href":"https:\/\/www.visitmalinska.com\/en\/wp-json\/wp\/v2\/posts"}],"about":[{"href":"https:\/\/www.visitmalinska.com\/en\/wp-json\/wp\/v2\/types\/post"}],"author":[{"embeddable":true,"href":"https:\/\/www.visitmalinska.com\/en\/wp-json\/wp\/v2\/users\/2"}],"replies":[{"embeddable":true,"href":"https:\/\/www.visitmalinska.com\/en\/wp-json\/wp\/v2\/comments?post=38280"}],"version-history":[{"count":35,"href":"https:\/\/www.visitmalinska.com\/en\/wp-json\/wp\/v2\/posts\/38280\/revisions"}],"predecessor-version":[{"id":38333,"href":"https:\/\/www.visitmalinska.com\/en\/wp-json\/wp\/v2\/posts\/38280\/revisions\/38333"}],"wp:featuredmedia":[{"embeddable":true,"href":"https:\/\/www.visitmalinska.com\/en\/wp-json\/wp\/v2\/media\/38286"}],"wp:attachment":[{"href":"https:\/\/www.visitmalinska.com\/en\/wp-json\/wp\/v2\/media?parent=38280"}],"wp:term":[{"taxonomy":"category","embeddable":true,"href":"https:\/\/www.visitmalinska.com\/en\/wp-json\/wp\/v2\/categories?post=38280"},{"taxonomy":"post_tag","embeddable":true,"href":"https:\/\/www.visitmalinska.com\/en\/wp-json\/wp\/v2\/tags?post=38280"}],"curies":[{"name":"wp","href":"https:\/\/api.w.org\/{rel}","templated":true}]}}