{"id":37122,"date":"2022-03-08T14:13:12","date_gmt":"2022-03-08T12:13:12","guid":{"rendered":"https:\/\/www.visitmalinska.com\/?p=37122"},"modified":"2026-03-12T09:23:27","modified_gmt":"2026-03-12T07:23:27","slug":"viber-zajednica-info-za-iznajmljivace","status":"publish","type":"post","link":"https:\/\/www.visitmalinska.com\/en\/viber-zajednica-info-za-iznajmljivace\/","title":{"rendered":"Viber zajednica &#8211; INFO za iznajmljiva\u010de"},"content":{"rendered":"<div><img loading=\"lazy\" decoding=\"async\" class=\"aligncenter wp-image-37128 size-full\" src=\"https:\/\/www.visitmalinska.com\/wp-content\/uploads\/2022\/03\/FindUsBadge_Purple.png\" alt=\"\" width=\"646\" height=\"250\" srcset=\"https:\/\/www.visitmalinska.com\/wp-content\/uploads\/2022\/03\/FindUsBadge_Purple.png 646w, https:\/\/www.visitmalinska.com\/wp-content\/uploads\/2022\/03\/FindUsBadge_Purple-300x116.png 300w\" sizes=\"auto, (max-width: 646px) 100vw, 646px\" \/><\/div>\n<div><\/div>\n<div><\/div>\n<div>Po\u0161tovani iznajmljiva\u010di,<\/div>\n<div><\/div>\n<p>&nbsp;<\/p>\n<p>Turisti\u010dka zajednica Op\u0107ine Malinska-Duba\u0161nica uz redovnu komunikaciju s iznajmljiva\u010dima putem Newslettera i medija, pokrenula je <strong>informiranje putem Viber zajednice<\/strong>, kako bi olak\u0161ala komunikaciju i razmjenu novosti s iznajmljiva\u010dima.<\/p>\n<p>&nbsp;<\/p>\n<p>Projekt Viber zajednice pod nazivom <strong><em>INFO za iznajmljiva\u010de<\/em><\/strong> pokrenut je kako bi va\u017ene informacije s podru\u010dja turizma \u0161to jednostavnije i pristupa\u010dnije do\u0161le do iznajmljiva\u010da.<\/p>\n<p>&nbsp;<\/p>\n<p>Pozivamo Vas da nam se pridru\u017eite te ostanete u toku putem:<img loading=\"lazy\" decoding=\"async\" class=\"wp-image-37125 size-full alignright\" src=\"https:\/\/www.visitmalinska.com\/wp-content\/uploads\/2022\/03\/ViberInfoZaIznajmljiva\u010de.png\" alt=\"\" width=\"138\" height=\"136\" \/><\/p>\n<p>&nbsp;<\/p>\n<p>&nbsp;<\/p>\n<ul>\n<li>skeniranja QR koda<\/li>\n<li>pozivnice TZ-a, susjeda, agencije\u2026ili<\/li>\n<li>linka u nastavku: <a href=\"https:\/\/invite.viber.com\/?g2=AQBgdmUxa%2B2mF06tQy1NUNhPEAnjd2qIb9fqSyLRnffXut3QcLS2y%2FNjT12Sf9iE&#038;lang=en\" data-cke-saved-href=\"https:\/\/invite.viber.com\/?g2=AQBgdmUxa%2B2mF06tQy1NUNhPEAnjd2qIb9fqSyLRnffXut3QcLS2y%2FNjT12Sf9iE&#038;lang=en\">https:\/\/invite.viber.com\/?g2=AQBgdmUxa%2B2mF06tQy1NUNhPEAnjd2qIb9fqSyLRnffXut3QcLS2y%2FNjT12Sf9iE&#038;lang=en<\/a><\/li>\n<\/ul>\n<p>&nbsp;<\/p>\n<p><img loading=\"lazy\" decoding=\"async\" class=\"aligncenter wp-image-37126 size-full\" src=\"https:\/\/www.visitmalinska.com\/wp-content\/uploads\/2022\/03\/InfoZaIznajmljiva\u010de.png\" alt=\"\" width=\"468\" height=\"679\" srcset=\"https:\/\/www.visitmalinska.com\/wp-content\/uploads\/2022\/03\/InfoZaIznajmljiva\u010de.png 468w, https:\/\/www.visitmalinska.com\/wp-content\/uploads\/2022\/03\/InfoZaIznajmljiva\u010de-207x300.png 207w\" sizes=\"auto, (max-width: 468px) 100vw, 468px\" \/><\/p>\n","protected":false},"excerpt":{"rendered":"<p>Po\u0161tovani iznajmljiva\u010di, &nbsp; Turisti\u010dka zajednica Op\u0107ine Malinska-Duba\u0161nica uz redovnu komunikaciju s iznajmljiva\u010dima putem Newslettera i medija, pokrenula je informiranje putem&#8230;<\/p>\n","protected":false},"author":2,"featured_media":37124,"comment_status":"closed","ping_status":"closed","sticky":false,"template":"","format":"standard","meta":{"footnotes":""},"categories":[1],"tags":[834,833,831,832,379,410,830,414],"class_list":{"0":"post-37122","1":"post","2":"type-post","3":"status-publish","4":"format-standard","5":"has-post-thumbnail","7":"category-uncategorized","8":"tag-info-za-iznajmljivace","9":"tag-info-za-iznajmljivace-malinska","10":"tag-iznajmljivaci-malinska","11":"tag-iznajmljivaci-viber","12":"tag-malinska","13":"tag-otok-krk","14":"tag-viber-zajednica","15":"tag-visitmalinska"},"acf":[],"yoast_head":"<!-- This site is optimized with the Yoast SEO plugin v23.5 - https:\/\/yoast.com\/wordpress\/plugins\/seo\/ -->\n<title>Viber zajednica - INFO za iznajmljiva\u010de - TZO Malinska-Duba\u0161nica<\/title>\n<meta name=\"robots\" content=\"index, follow, max-snippet:-1, max-image-preview:large, max-video-preview:-1\" \/>\n<link rel=\"canonical\" href=\"https:\/\/www.visitmalinska.com\/viber-zajednica-info-za-iznajmljivace\/\" \/>\n<meta property=\"og:locale\" content=\"en_US\" \/>\n<meta property=\"og:type\" content=\"article\" \/>\n<meta property=\"og:title\" content=\"Viber zajednica - INFO za iznajmljiva\u010de - TZO Malinska-Duba\u0161nica\" \/>\n<meta property=\"og:description\" content=\"Po\u0161tovani iznajmljiva\u010di, &nbsp; Turisti\u010dka zajednica Op\u0107ine Malinska-Duba\u0161nica uz redovnu komunikaciju s iznajmljiva\u010dima putem Newslettera i medija, pokrenula je informiranje putem...\" \/>\n<meta property=\"og:url\" content=\"https:\/\/www.visitmalinska.com\/viber-zajednica-info-za-iznajmljivace\/\" \/>\n<meta property=\"og:site_name\" content=\"TZO Malinska-Duba\u0161nica\" \/>\n<meta property=\"article:publisher\" content=\"https:\/\/www.facebook.com\/Malinska.Island.Krk\/\" \/>\n<meta property=\"article:published_time\" content=\"2022-03-08T12:13:12+00:00\" \/>\n<meta property=\"article:modified_time\" content=\"2026-03-12T07:23:27+00:00\" \/>\n<meta property=\"og:image\" content=\"https:\/\/www.visitmalinska.com\/wp-content\/uploads\/2022\/03\/Viber.png\" \/>\n\t<meta property=\"og:image:width\" content=\"225\" \/>\n\t<meta property=\"og:image:height\" content=\"225\" \/>\n\t<meta property=\"og:image:type\" content=\"image\/png\" \/>\n<meta name=\"author\" content=\"malinska\" \/>\n<meta name=\"twitter:card\" content=\"summary_large_image\" \/>\n<meta name=\"twitter:label1\" content=\"Written by\" \/>\n\t<meta name=\"twitter:data1\" content=\"malinska\" \/>\n\t<meta name=\"twitter:label2\" content=\"Est. reading time\" \/>\n\t<meta name=\"twitter:data2\" content=\"1 minute\" \/>\n<script type=\"application\/ld+json\" class=\"yoast-schema-graph\">{\"@context\":\"https:\/\/schema.org\",\"@graph\":[{\"@type\":\"Article\",\"@id\":\"https:\/\/www.visitmalinska.com\/viber-zajednica-info-za-iznajmljivace\/#article\",\"isPartOf\":{\"@id\":\"https:\/\/www.visitmalinska.com\/viber-zajednica-info-za-iznajmljivace\/\"},\"author\":{\"name\":\"malinska\",\"@id\":\"https:\/\/www.visitmalinska.com\/#\/schema\/person\/b9c1147dfe2084b3a08365febf5f5220\"},\"headline\":\"Viber zajednica &#8211; INFO za iznajmljiva\u010de\",\"datePublished\":\"2022-03-08T12:13:12+00:00\",\"dateModified\":\"2026-03-12T07:23:27+00:00\",\"mainEntityOfPage\":{\"@id\":\"https:\/\/www.visitmalinska.com\/viber-zajednica-info-za-iznajmljivace\/\"},\"wordCount\":124,\"publisher\":{\"@id\":\"https:\/\/www.visitmalinska.com\/#organization\"},\"image\":{\"@id\":\"https:\/\/www.visitmalinska.com\/viber-zajednica-info-za-iznajmljivace\/#primaryimage\"},\"thumbnailUrl\":\"https:\/\/www.visitmalinska.com\/wp-content\/uploads\/2022\/03\/Viber.png\",\"keywords\":[\"INFO za iznajmljiva\u010de\",\"INFO za iznajmljiva\u010de Malinska\",\"iznajmljiva\u010di malinska\",\"iznajmljiva\u010di viber\",\"Malinska\",\"otok krk\",\"viber zajednica\",\"visitmalinska\"],\"inLanguage\":\"en-US\"},{\"@type\":\"WebPage\",\"@id\":\"https:\/\/www.visitmalinska.com\/viber-zajednica-info-za-iznajmljivace\/\",\"url\":\"https:\/\/www.visitmalinska.com\/viber-zajednica-info-za-iznajmljivace\/\",\"name\":\"Viber zajednica - INFO za iznajmljiva\u010de - TZO Malinska-Duba\u0161nica\",\"isPartOf\":{\"@id\":\"https:\/\/www.visitmalinska.com\/#website\"},\"primaryImageOfPage\":{\"@id\":\"https:\/\/www.visitmalinska.com\/viber-zajednica-info-za-iznajmljivace\/#primaryimage\"},\"image\":{\"@id\":\"https:\/\/www.visitmalinska.com\/viber-zajednica-info-za-iznajmljivace\/#primaryimage\"},\"thumbnailUrl\":\"https:\/\/www.visitmalinska.com\/wp-content\/uploads\/2022\/03\/Viber.png\",\"datePublished\":\"2022-03-08T12:13:12+00:00\",\"dateModified\":\"2026-03-12T07:23:27+00:00\",\"breadcrumb\":{\"@id\":\"https:\/\/www.visitmalinska.com\/viber-zajednica-info-za-iznajmljivace\/#breadcrumb\"},\"inLanguage\":\"en-US\",\"potentialAction\":[{\"@type\":\"ReadAction\",\"target\":[\"https:\/\/www.visitmalinska.com\/viber-zajednica-info-za-iznajmljivace\/\"]}]},{\"@type\":\"ImageObject\",\"inLanguage\":\"en-US\",\"@id\":\"https:\/\/www.visitmalinska.com\/viber-zajednica-info-za-iznajmljivace\/#primaryimage\",\"url\":\"https:\/\/www.visitmalinska.com\/wp-content\/uploads\/2022\/03\/Viber.png\",\"contentUrl\":\"https:\/\/www.visitmalinska.com\/wp-content\/uploads\/2022\/03\/Viber.png\",\"width\":225,\"height\":225},{\"@type\":\"BreadcrumbList\",\"@id\":\"https:\/\/www.visitmalinska.com\/viber-zajednica-info-za-iznajmljivace\/#breadcrumb\",\"itemListElement\":[{\"@type\":\"ListItem\",\"position\":1,\"name\":\"Po\u010detna stranica\",\"item\":\"https:\/\/www.visitmalinska.com\/\"},{\"@type\":\"ListItem\",\"position\":2,\"name\":\"Viber zajednica &#8211; INFO za iznajmljiva\u010de\"}]},{\"@type\":\"WebSite\",\"@id\":\"https:\/\/www.visitmalinska.com\/#website\",\"url\":\"https:\/\/www.visitmalinska.com\/\",\"name\":\"TZO Malinska-Duba\u0161nica\",\"description\":\"\",\"publisher\":{\"@id\":\"https:\/\/www.visitmalinska.com\/#organization\"},\"potentialAction\":[{\"@type\":\"SearchAction\",\"target\":{\"@type\":\"EntryPoint\",\"urlTemplate\":\"https:\/\/www.visitmalinska.com\/?s={search_term_string}\"},\"query-input\":{\"@type\":\"PropertyValueSpecification\",\"valueRequired\":true,\"valueName\":\"search_term_string\"}}],\"inLanguage\":\"en-US\"},{\"@type\":\"Organization\",\"@id\":\"https:\/\/www.visitmalinska.com\/#organization\",\"name\":\"TZO Malinska - Duba\u0161nica\",\"url\":\"https:\/\/www.visitmalinska.com\/\",\"logo\":{\"@type\":\"ImageObject\",\"inLanguage\":\"en-US\",\"@id\":\"https:\/\/www.visitmalinska.com\/#\/schema\/logo\/image\/\",\"url\":\"https:\/\/www.visitmalinska.com\/wp-content\/uploads\/2019\/03\/malinska-logo-240.png\",\"contentUrl\":\"https:\/\/www.visitmalinska.com\/wp-content\/uploads\/2019\/03\/malinska-logo-240.png\",\"width\":1188,\"height\":241,\"caption\":\"TZO Malinska - Duba\u0161nica\"},\"image\":{\"@id\":\"https:\/\/www.visitmalinska.com\/#\/schema\/logo\/image\/\"},\"sameAs\":[\"https:\/\/www.facebook.com\/Malinska.Island.Krk\/\",\"https:\/\/www.instagram.com\/visitmalinska\/\"]},{\"@type\":\"Person\",\"@id\":\"https:\/\/www.visitmalinska.com\/#\/schema\/person\/b9c1147dfe2084b3a08365febf5f5220\",\"name\":\"malinska\",\"image\":{\"@type\":\"ImageObject\",\"inLanguage\":\"en-US\",\"@id\":\"https:\/\/www.visitmalinska.com\/#\/schema\/person\/image\/\",\"url\":\"https:\/\/secure.gravatar.com\/avatar\/ac515a9cf3cc312df7b828fd8023a34546d60e401ca285ebf9d6ffa994fe93c7?s=96&d=mm&r=g\",\"contentUrl\":\"https:\/\/secure.gravatar.com\/avatar\/ac515a9cf3cc312df7b828fd8023a34546d60e401ca285ebf9d6ffa994fe93c7?s=96&d=mm&r=g\",\"caption\":\"malinska\"},\"url\":\"https:\/\/www.visitmalinska.com\/en\/author\/malinska\/\"}]}<\/script>\n<!-- \/ Yoast SEO plugin. -->","yoast_head_json":{"title":"Viber zajednica - INFO za iznajmljiva\u010de - TZO Malinska-Duba\u0161nica","robots":{"index":"index","follow":"follow","max-snippet":"max-snippet:-1","max-image-preview":"max-image-preview:large","max-video-preview":"max-video-preview:-1"},"canonical":"https:\/\/www.visitmalinska.com\/viber-zajednica-info-za-iznajmljivace\/","og_locale":"en_US","og_type":"article","og_title":"Viber zajednica - INFO za iznajmljiva\u010de - TZO Malinska-Duba\u0161nica","og_description":"Po\u0161tovani iznajmljiva\u010di, &nbsp; Turisti\u010dka zajednica Op\u0107ine Malinska-Duba\u0161nica uz redovnu komunikaciju s iznajmljiva\u010dima putem Newslettera i medija, pokrenula je informiranje putem...","og_url":"https:\/\/www.visitmalinska.com\/viber-zajednica-info-za-iznajmljivace\/","og_site_name":"TZO Malinska-Duba\u0161nica","article_publisher":"https:\/\/www.facebook.com\/Malinska.Island.Krk\/","article_published_time":"2022-03-08T12:13:12+00:00","article_modified_time":"2026-03-12T07:23:27+00:00","og_image":[{"width":225,"height":225,"url":"https:\/\/www.visitmalinska.com\/wp-content\/uploads\/2022\/03\/Viber.png","type":"image\/png"}],"author":"malinska","twitter_card":"summary_large_image","twitter_misc":{"Written by":"malinska","Est. reading time":"1 minute"},"schema":{"@context":"https:\/\/schema.org","@graph":[{"@type":"Article","@id":"https:\/\/www.visitmalinska.com\/viber-zajednica-info-za-iznajmljivace\/#article","isPartOf":{"@id":"https:\/\/www.visitmalinska.com\/viber-zajednica-info-za-iznajmljivace\/"},"author":{"name":"malinska","@id":"https:\/\/www.visitmalinska.com\/#\/schema\/person\/b9c1147dfe2084b3a08365febf5f5220"},"headline":"Viber zajednica &#8211; INFO za iznajmljiva\u010de","datePublished":"2022-03-08T12:13:12+00:00","dateModified":"2026-03-12T07:23:27+00:00","mainEntityOfPage":{"@id":"https:\/\/www.visitmalinska.com\/viber-zajednica-info-za-iznajmljivace\/"},"wordCount":124,"publisher":{"@id":"https:\/\/www.visitmalinska.com\/#organization"},"image":{"@id":"https:\/\/www.visitmalinska.com\/viber-zajednica-info-za-iznajmljivace\/#primaryimage"},"thumbnailUrl":"https:\/\/www.visitmalinska.com\/wp-content\/uploads\/2022\/03\/Viber.png","keywords":["INFO za iznajmljiva\u010de","INFO za iznajmljiva\u010de Malinska","iznajmljiva\u010di malinska","iznajmljiva\u010di viber","Malinska","otok krk","viber zajednica","visitmalinska"],"inLanguage":"en-US"},{"@type":"WebPage","@id":"https:\/\/www.visitmalinska.com\/viber-zajednica-info-za-iznajmljivace\/","url":"https:\/\/www.visitmalinska.com\/viber-zajednica-info-za-iznajmljivace\/","name":"Viber zajednica - INFO za iznajmljiva\u010de - TZO Malinska-Duba\u0161nica","isPartOf":{"@id":"https:\/\/www.visitmalinska.com\/#website"},"primaryImageOfPage":{"@id":"https:\/\/www.visitmalinska.com\/viber-zajednica-info-za-iznajmljivace\/#primaryimage"},"image":{"@id":"https:\/\/www.visitmalinska.com\/viber-zajednica-info-za-iznajmljivace\/#primaryimage"},"thumbnailUrl":"https:\/\/www.visitmalinska.com\/wp-content\/uploads\/2022\/03\/Viber.png","datePublished":"2022-03-08T12:13:12+00:00","dateModified":"2026-03-12T07:23:27+00:00","breadcrumb":{"@id":"https:\/\/www.visitmalinska.com\/viber-zajednica-info-za-iznajmljivace\/#breadcrumb"},"inLanguage":"en-US","potentialAction":[{"@type":"ReadAction","target":["https:\/\/www.visitmalinska.com\/viber-zajednica-info-za-iznajmljivace\/"]}]},{"@type":"ImageObject","inLanguage":"en-US","@id":"https:\/\/www.visitmalinska.com\/viber-zajednica-info-za-iznajmljivace\/#primaryimage","url":"https:\/\/www.visitmalinska.com\/wp-content\/uploads\/2022\/03\/Viber.png","contentUrl":"https:\/\/www.visitmalinska.com\/wp-content\/uploads\/2022\/03\/Viber.png","width":225,"height":225},{"@type":"BreadcrumbList","@id":"https:\/\/www.visitmalinska.com\/viber-zajednica-info-za-iznajmljivace\/#breadcrumb","itemListElement":[{"@type":"ListItem","position":1,"name":"Po\u010detna stranica","item":"https:\/\/www.visitmalinska.com\/"},{"@type":"ListItem","position":2,"name":"Viber zajednica &#8211; INFO za iznajmljiva\u010de"}]},{"@type":"WebSite","@id":"https:\/\/www.visitmalinska.com\/#website","url":"https:\/\/www.visitmalinska.com\/","name":"TZO Malinska-Duba\u0161nica","description":"","publisher":{"@id":"https:\/\/www.visitmalinska.com\/#organization"},"potentialAction":[{"@type":"SearchAction","target":{"@type":"EntryPoint","urlTemplate":"https:\/\/www.visitmalinska.com\/?s={search_term_string}"},"query-input":{"@type":"PropertyValueSpecification","valueRequired":true,"valueName":"search_term_string"}}],"inLanguage":"en-US"},{"@type":"Organization","@id":"https:\/\/www.visitmalinska.com\/#organization","name":"TZO Malinska - Duba\u0161nica","url":"https:\/\/www.visitmalinska.com\/","logo":{"@type":"ImageObject","inLanguage":"en-US","@id":"https:\/\/www.visitmalinska.com\/#\/schema\/logo\/image\/","url":"https:\/\/www.visitmalinska.com\/wp-content\/uploads\/2019\/03\/malinska-logo-240.png","contentUrl":"https:\/\/www.visitmalinska.com\/wp-content\/uploads\/2019\/03\/malinska-logo-240.png","width":1188,"height":241,"caption":"TZO Malinska - Duba\u0161nica"},"image":{"@id":"https:\/\/www.visitmalinska.com\/#\/schema\/logo\/image\/"},"sameAs":["https:\/\/www.facebook.com\/Malinska.Island.Krk\/","https:\/\/www.instagram.com\/visitmalinska\/"]},{"@type":"Person","@id":"https:\/\/www.visitmalinska.com\/#\/schema\/person\/b9c1147dfe2084b3a08365febf5f5220","name":"malinska","image":{"@type":"ImageObject","inLanguage":"en-US","@id":"https:\/\/www.visitmalinska.com\/#\/schema\/person\/image\/","url":"https:\/\/secure.gravatar.com\/avatar\/ac515a9cf3cc312df7b828fd8023a34546d60e401ca285ebf9d6ffa994fe93c7?s=96&d=mm&r=g","contentUrl":"https:\/\/secure.gravatar.com\/avatar\/ac515a9cf3cc312df7b828fd8023a34546d60e401ca285ebf9d6ffa994fe93c7?s=96&d=mm&r=g","caption":"malinska"},"url":"https:\/\/www.visitmalinska.com\/en\/author\/malinska\/"}]}},"_links":{"self":[{"href":"https:\/\/www.visitmalinska.com\/en\/wp-json\/wp\/v2\/posts\/37122","targetHints":{"allow":["GET"]}}],"collection":[{"href":"https:\/\/www.visitmalinska.com\/en\/wp-json\/wp\/v2\/posts"}],"about":[{"href":"https:\/\/www.visitmalinska.com\/en\/wp-json\/wp\/v2\/types\/post"}],"author":[{"embeddable":true,"href":"https:\/\/www.visitmalinska.com\/en\/wp-json\/wp\/v2\/users\/2"}],"replies":[{"embeddable":true,"href":"https:\/\/www.visitmalinska.com\/en\/wp-json\/wp\/v2\/comments?post=37122"}],"version-history":[{"count":2,"href":"https:\/\/www.visitmalinska.com\/en\/wp-json\/wp\/v2\/posts\/37122\/revisions"}],"predecessor-version":[{"id":37130,"href":"https:\/\/www.visitmalinska.com\/en\/wp-json\/wp\/v2\/posts\/37122\/revisions\/37130"}],"wp:featuredmedia":[{"embeddable":true,"href":"https:\/\/www.visitmalinska.com\/en\/wp-json\/wp\/v2\/media\/37124"}],"wp:attachment":[{"href":"https:\/\/www.visitmalinska.com\/en\/wp-json\/wp\/v2\/media?parent=37122"}],"wp:term":[{"taxonomy":"category","embeddable":true,"href":"https:\/\/www.visitmalinska.com\/en\/wp-json\/wp\/v2\/categories?post=37122"},{"taxonomy":"post_tag","embeddable":true,"href":"https:\/\/www.visitmalinska.com\/en\/wp-json\/wp\/v2\/tags?post=37122"}],"curies":[{"name":"wp","href":"https:\/\/api.w.org\/{rel}","templated":true}]}}