{"id":41398,"date":"2026-01-28T09:11:14","date_gmt":"2026-01-28T07:11:14","guid":{"rendered":"https:\/\/www.visitmalinska.com\/?p=41398"},"modified":"2026-04-14T15:25:52","modified_gmt":"2026-04-14T13:25:52","slug":"malinska-walk-taste-2026","status":"publish","type":"post","link":"https:\/\/www.visitmalinska.com\/de\/malinska-walk-taste-2026\/","title":{"rendered":"MALINSKA WALK &#038; TASTE 2026"},"content":{"rendered":"<p>[vc_row][vc_column][vc_column_text]<\/p>\n<h1 style=\"text-align: center;\" data-start=\"129\" data-end=\"700\">Malinska Walk &#038; Taste 2026<\/h1>\n<h2 style=\"text-align: center;\">23.05., 30.05. &#038; 06.06.<\/h2>\n<h2 data-start=\"707\" data-end=\"744\"><strong data-start=\"710\" data-end=\"744\"><img loading=\"lazy\" decoding=\"async\" class=\"wp-image-42669 size-full aligncenter\" src=\"https:\/\/www.visitmalinska.com\/wp-content\/uploads\/2025\/05\/walk-and-taste-2026.webp\" alt=\"\" width=\"900\" height=\"472\" srcset=\"https:\/\/www.visitmalinska.com\/wp-content\/uploads\/2025\/05\/walk-and-taste-2026.webp 900w, https:\/\/www.visitmalinska.com\/wp-content\/uploads\/2025\/05\/walk-and-taste-2026-300x157.webp 300w, https:\/\/www.visitmalinska.com\/wp-content\/uploads\/2025\/05\/walk-and-taste-2026-768x403.webp 768w\" sizes=\"auto, (max-width: 900px) 100vw, 900px\" \/><\/strong><\/h2>\n<h2 style=\"text-align: left;\" data-start=\"0\" data-end=\"30\"><strong data-start=\"0\" data-end=\"30\">MALINSKA WALK &#038; TASTE 2026<\/strong><\/h2>\n<p style=\"text-align: left;\" data-start=\"32\" data-end=\"435\">Malinska Walk &#038; Taste 2026 ist ein einzigartiges Gourmet-Erlebnis, das einen entspannten, interpretativen Spaziergang entlang der K\u00fcste mit Verkostungen authentischer lokaler Inselspezialit\u00e4ten verbindet. Begleitet von spannendem Storytelling entdecken die Teilnehmer die Geschichte, das Erbe und den Alltag von Malinska und genie\u00dfen an sorgf\u00e4ltig ausgew\u00e4hlten Stationen die echten Aromen der Insel Krk.<\/p>\n<p style=\"text-align: left;\" data-start=\"437\" data-end=\"586\">Dieses Erlebnis verbindet auf harmonische Weise Natur, Kultur und Gastronomie und erm\u00f6glicht es Ihnen, die Destination mit allen Sinnen zu entdecken.<\/p>\n<ul style=\"text-align: left;\" data-start=\"1691\" data-end=\"1768\">\n<li data-start=\"1691\" data-end=\"1716\">\n<p data-start=\"1693\" data-end=\"1716\"><strong>Samstag, 23. Mai 2026<\/strong><\/p>\n<\/li>\n<li data-start=\"1717\" data-end=\"1742\">\n<p data-start=\"1719\" data-end=\"1742\"><strong>Samstag, 30. Mai 2026<\/strong><\/p>\n<\/li>\n<li data-start=\"1743\" data-end=\"1768\">\n<p data-start=\"1745\" data-end=\"1768\"><strong>Samstag, 6. Juni 2026<\/strong><\/p>\n<\/li>\n<\/ul>\n<p style=\"text-align: left;\" data-start=\"1770\" data-end=\"1878\"><strong>Dauer: 15:30 \u2013 19:0<\/strong><strong>0 Uhr<\/strong><br data-start=\"1798\" data-end=\"1801\" \/><strong data-start=\"1801\" data-end=\"1816\">Treffpunkt:<\/strong> vor dem DUBoak \u2013 Interpretationszentrum des maritimen Erbes<\/p>\n<h2 style=\"text-align: left;\" data-start=\"205\" data-end=\"259\">Malinska Walk &#038; Taste 2026 \u2013 Gourmet Walk Schedule<\/h2>\n<p data-start=\"1210\" data-end=\"1273\"><strong data-start=\"1210\" data-end=\"1273\">Malinska Walk &#038; Taste 2026 \u2013 Programm der Gourmet-Wanderung<\/strong><\/p>\n<p data-start=\"1275\" data-end=\"1423\"><strong data-start=\"1275\" data-end=\"1284\">15:30<\/strong> \u2013 <a href=\"https:\/\/duboak.org\/\">Interpretationszentrum DUBoak<\/a><br data-start=\"1316\" data-end=\"1319\" \/>Begr\u00fc\u00dfung mit Schaumwein <em data-start=\"1344\" data-end=\"1371\">Valle Jaz (Vinarija Nada)<\/em> und Ausgabe der \u201eGoodie Bags\u201c f\u00fcr alle Teilnehmer<\/p>\n<p data-start=\"1425\" data-end=\"1534\"><strong data-start=\"1425\" data-end=\"1434\">16:00<\/strong> \u2013<a href=\"https:\/\/www.facebook.com\/pages\/Primorska%20Koliba\/138335529593430\/\"> Restaurant Primorska Koliba<\/a><br data-start=\"1464\" data-end=\"1467\" \/>Fischsalat mit Saubohnen + <em data-start=\"1494\" data-end=\"1532\">Zlatna vrbni\u010dka \u017elahtina (PZ Vrbnik)<\/em><\/p>\n<p data-start=\"1536\" data-end=\"1685\"><strong data-start=\"1536\" data-end=\"1545\">16:30<\/strong> \u2013<a href=\"https:\/\/www.facebook.com\/RestoranMulino\"> Restaurant Mulino<\/a><br data-start=\"1565\" data-end=\"1568\" \/>\u0160urlice (traditionelle handgemachte Pasta) mit Garnelen und Zucchini + <em data-start=\"1639\" data-end=\"1683\">\u017dlahtina S. Lucija (Katunar Estate Winery)<\/em><\/p>\n<p data-start=\"1687\" data-end=\"1792\"><strong data-start=\"1687\" data-end=\"1696\">17:10<\/strong> \u2013 <a href=\"https:\/\/www.restoran-vila-rova.com\/\">Restaurant Vila Rova<\/a><br data-start=\"1719\" data-end=\"1722\" \/>Gersteneintopf mit hausgemachten W\u00fcrsten + <em data-start=\"1765\" data-end=\"1790\">Hlam 9 (Vinarija \u0160ipun)<\/em><\/p>\n<p data-start=\"1794\" data-end=\"1895\"><strong data-start=\"1794\" data-end=\"1803\">17:50<\/strong> \u2013 <a href=\"https:\/\/www.facebook.com\/p\/Konoba-POD-MURVU-100063789600072\/\">Konoba Pod Murvu<\/a><br data-start=\"1822\" data-end=\"1825\" \/>Rindergulasch mit Brotnockerln + <em data-start=\"1858\" data-end=\"1893\">Sansigot (Ku\u0107a vina Ivan Katunar)<\/em><\/p>\n<p data-start=\"1897\" data-end=\"2025\"><strong data-start=\"1897\" data-end=\"1906\">18:30<\/strong> \u2013<a href=\"https:\/\/www.bracera-malinska.com\/tavern\/\"> Konoba Bracera<\/a><br data-start=\"1923\" data-end=\"1926\" \/>Getrocknete Feigen in Pro\u0161ek gekocht mit Schafsk\u00e4se (Ricotta) + <em data-start=\"1990\" data-end=\"2023\">Sveta Nedija (Vinarija Gospoja)<\/em><\/p>\n<p data-start=\"2027\" data-end=\"2199\"><strong data-start=\"2027\" data-end=\"2036\">19:00<\/strong> \u2013 Ankunft am Platz Ivan Klobu\u010dari\u0107<br data-start=\"2071\" data-end=\"2074\" \/>Ende der Wanderung und Beginn des Abendprogramms mit Weinen des Vereins Vina Kvarnera, kulinarischem Angebot und Live-Musik<\/p>\n<p style=\"text-align: left;\" data-start=\"2083\" data-end=\"2123\"><strong data-start=\"2083\" data-end=\"2109\">Maximale Gruppengr\u00f6\u00dfe:<\/strong> 30 Teilnehmer<\/p>\n<h2 data-start=\"2083\" data-end=\"2123\">Abendauftritte<\/h2>\n<p>23.05. \u2013 Coffeeshop Acoustic<\/p>\n<p>30.05. \u2013 Blue Note trio<\/p>\n<p>06.06. \u2013 Coffeeshop Acoustic<\/p>\n<h3 style=\"text-align: left;\" data-start=\"2130\" data-end=\"2161\">WAS IST IM PREIS ENTHALTEN?<\/h3>\n<p style=\"text-align: left;\" data-start=\"2163\" data-end=\"2200\"><strong data-start=\"2163\" data-end=\"2179\">Ticketpreis<\/strong>: 65,00 \u20ac pro Person<\/p>\n<p style=\"text-align: left;\" data-start=\"2202\" data-end=\"2223\">Im Preis inbegriffen:<\/p>\n<ul style=\"text-align: left;\" data-start=\"2225\" data-end=\"2479\">\n<li data-start=\"2225\" data-end=\"2255\">\n<p data-start=\"2227\" data-end=\"2255\">Willkommens-Geschenktasche<\/p>\n<\/li>\n<li data-start=\"2256\" data-end=\"2337\">\n<p data-start=\"2258\" data-end=\"2337\">F\u00fcnf Verkostungen von Inselspezialit\u00e4ten, kombiniert mit Weinen der Insel Krk<\/p>\n<\/li>\n<li data-start=\"2338\" data-end=\"2364\">\n<p data-start=\"2340\" data-end=\"2364\">Professionelle F\u00fchrung<\/p>\n<\/li>\n<li data-start=\"2365\" data-end=\"2444\">\n<p data-start=\"2367\" data-end=\"2444\">Eintritt und F\u00fchrung im DUBoak \u2013 Interpretationszentrum des maritimen Erbes<\/p>\n<\/li>\n<li data-start=\"2445\" data-end=\"2479\">\n<p data-start=\"2447\" data-end=\"2479\">Transport mit dem Touristenzug<\/p>\n<\/li>\n<\/ul>\n<p style=\"text-align: left;\" data-start=\"2481\" data-end=\"2706\">Von 19:30 bis 22:00 Uhr haben Besucher auf dem Ivan-Klobu\u010dari\u0107-Platz (vor DUBoak) die M\u00f6glichkeit, alle Kvarner-Weinsorten im Rahmen eines speziellen gastronomischen Promotionsangebots zu verkosten \u2013 begleitet von Live-Musik.<\/p>\n<h3 style=\"text-align: left;\" data-start=\"2713\" data-end=\"2756\">F\u00dcR WEN IST DIE VERANSTALTUNG GEEIGNET?<\/h3>\n<p style=\"text-align: left;\" data-start=\"2758\" data-end=\"3024\">Malinska Walk &#038; Taste ist ideal f\u00fcr Liebhaber lokaler Speisen und Weine, f\u00fcr Besucher, die die Destination auf tiefere und authentischere Weise kennenlernen m\u00f6chten, sowie f\u00fcr alle, die einen leichten Spaziergang am Meer mit einem Gourmet-Erlebnis verbinden m\u00f6chten.<\/p>\n<p style=\"text-align: left;\" data-start=\"3026\" data-end=\"3205\" data-is-last-node=\"\" data-is-only-node=\"\">Das Programm eignet sich besonders f\u00fcr Paare, Freunde und kleinere Gruppen, die qualitativ hochwertige Zeit im Freien in entspannter und einladender Atmosph\u00e4re verbringen m\u00f6chten.<\/p>\n<p style=\"text-align: left;\"><strong>INFO &#038; RESERVIERUNG DER VERKOSTUNGSSPAZIERG\u00c4NGE:<\/strong><\/p>\n<p style=\"text-align: left;\">Interpretationszentrum f\u00fcr maritimes Erbe \u201eDUBoak\u201c<\/p>\n<p style=\"text-align: left;\">Obala 21b, 51511 Malinska<\/p>\n<p style=\"text-align: left;\">E-Mail: <a href=\"mailto:info@duboak.org\"><strong>info@duboak.org<\/strong><\/a><\/p>\n<p style=\"text-align: left;\">Tel.: <strong>+385 91 621 4304<\/strong><\/p>\n<p><strong>Gehen Sie mit uns auf eine Reise durch die Geschichte und kosten Sie die Tradition Malinskas, der Insel Krk und der Kvarner-Region!<\/strong>[\/vc_column_text][\/vc_column][\/vc_row][vc_row][vc_column]<div class=\"preloader\"><div class=\"preloader-spin\"><\/div><\/div> <div class=\"gem-gallery gem-gallery-hover-gradient\" data-autoscroll=\"5000\"> <div class=\"gem-gallery-item\"> <div class=\"gem-gallery-item-image\"> <a href=\"https:\/\/www.visitmalinska.com\/wp-content\/uploads\/2025\/05\/rsz_walk_and_taste-141-scaled-thegem-gallery-fullwidth.jpg\" data-fancybox-group=\"gallery-69f4bc2fae4ad\" data-full-image-url=\"https:\/\/www.visitmalinska.com\/wp-content\/uploads\/2025\/05\/rsz_walk_and_taste-141-scaled.jpg\"> <svg width=\"20\" height=\"10\"><path d=\"M 0,10 Q 9,9 10,0 Q 11,9 20,10\" \/><\/svg> <img decoding=\"async\" src=\"https:\/\/www.visitmalinska.com\/wp-content\/uploads\/2025\/05\/rsz_walk_and_taste-141-scaled-thegem-post-thumb-small.jpg\" alt=\"\" class=\"img-responsive\"> <span class=\"gem-gallery-caption slide-info\"> <\/span> <\/a> <span class=\"gem-gallery-line\"><\/span> <\/div> <\/div> <div class=\"gem-gallery-item\"> <div class=\"gem-gallery-item-image\"> <a href=\"https:\/\/www.visitmalinska.com\/wp-content\/uploads\/2025\/05\/rsz_walk_and_taste-81-scaled-thegem-gallery-fullwidth.jpg\" data-fancybox-group=\"gallery-69f4bc2fae4ad\" data-full-image-url=\"https:\/\/www.visitmalinska.com\/wp-content\/uploads\/2025\/05\/rsz_walk_and_taste-81-scaled.jpg\"> <svg width=\"20\" height=\"10\"><path d=\"M 0,10 Q 9,9 10,0 Q 11,9 20,10\" \/><\/svg> <img decoding=\"async\" src=\"https:\/\/www.visitmalinska.com\/wp-content\/uploads\/2025\/05\/rsz_walk_and_taste-81-scaled-thegem-post-thumb-small.jpg\" alt=\"\" class=\"img-responsive\"> <span class=\"gem-gallery-caption slide-info\"> <\/span> <\/a> <span class=\"gem-gallery-line\"><\/span> <\/div> <\/div> <div class=\"gem-gallery-item\"> <div class=\"gem-gallery-item-image\"> <a href=\"https:\/\/www.visitmalinska.com\/wp-content\/uploads\/2025\/05\/24Walk-and-taste-28-thegem-gallery-fullwidth.jpg\" data-fancybox-group=\"gallery-69f4bc2fae4ad\" data-full-image-url=\"https:\/\/www.visitmalinska.com\/wp-content\/uploads\/2025\/05\/24Walk-and-taste-28.jpg\"> <svg width=\"20\" height=\"10\"><path d=\"M 0,10 Q 9,9 10,0 Q 11,9 20,10\" \/><\/svg> <img decoding=\"async\" src=\"https:\/\/www.visitmalinska.com\/wp-content\/uploads\/2025\/05\/24Walk-and-taste-28-thegem-post-thumb-small.jpg\" alt=\"\" class=\"img-responsive\"> <span class=\"gem-gallery-caption slide-info\"> <\/span> <\/a> <span class=\"gem-gallery-line\"><\/span> <\/div> <\/div> <div class=\"gem-gallery-item\"> <div class=\"gem-gallery-item-image\"> <a href=\"https:\/\/www.visitmalinska.com\/wp-content\/uploads\/2025\/05\/Walk-and-taste-381-scaled-thegem-gallery-fullwidth.jpg\" data-fancybox-group=\"gallery-69f4bc2fae4ad\" data-full-image-url=\"https:\/\/www.visitmalinska.com\/wp-content\/uploads\/2025\/05\/Walk-and-taste-381-scaled.jpg\"> <svg width=\"20\" height=\"10\"><path d=\"M 0,10 Q 9,9 10,0 Q 11,9 20,10\" \/><\/svg> <img decoding=\"async\" src=\"https:\/\/www.visitmalinska.com\/wp-content\/uploads\/2025\/05\/Walk-and-taste-381-scaled-thegem-post-thumb-small.jpg\" alt=\"\" class=\"img-responsive\"> <span class=\"gem-gallery-caption slide-info\"> <\/span> <\/a> <span class=\"gem-gallery-line\"><\/span> <\/div> <\/div> <div class=\"gem-gallery-item\"> <div class=\"gem-gallery-item-image\"> <a href=\"https:\/\/www.visitmalinska.com\/wp-content\/uploads\/2025\/05\/Walk-and-taste-211-scaled-thegem-gallery-fullwidth.jpg\" data-fancybox-group=\"gallery-69f4bc2fae4ad\" data-full-image-url=\"https:\/\/www.visitmalinska.com\/wp-content\/uploads\/2025\/05\/Walk-and-taste-211-scaled.jpg\"> <svg width=\"20\" height=\"10\"><path d=\"M 0,10 Q 9,9 10,0 Q 11,9 20,10\" \/><\/svg> <img decoding=\"async\" src=\"https:\/\/www.visitmalinska.com\/wp-content\/uploads\/2025\/05\/Walk-and-taste-211-scaled-thegem-post-thumb-small.jpg\" alt=\"\" class=\"img-responsive\"> <span class=\"gem-gallery-caption slide-info\"> <\/span> <\/a> <span class=\"gem-gallery-line\"><\/span> <\/div> <\/div> <div class=\"gem-gallery-item\"> <div class=\"gem-gallery-item-image\"> <a href=\"https:\/\/www.visitmalinska.com\/wp-content\/uploads\/2025\/05\/Walk-and-taste-221-scaled-thegem-gallery-fullwidth.jpg\" data-fancybox-group=\"gallery-69f4bc2fae4ad\" data-full-image-url=\"https:\/\/www.visitmalinska.com\/wp-content\/uploads\/2025\/05\/Walk-and-taste-221-scaled.jpg\"> <svg width=\"20\" height=\"10\"><path d=\"M 0,10 Q 9,9 10,0 Q 11,9 20,10\" \/><\/svg> <img decoding=\"async\" src=\"https:\/\/www.visitmalinska.com\/wp-content\/uploads\/2025\/05\/Walk-and-taste-221-scaled-thegem-post-thumb-small.jpg\" alt=\"\" class=\"img-responsive\"> <span class=\"gem-gallery-caption slide-info\"> <\/span> <\/a> <span class=\"gem-gallery-line\"><\/span> <\/div> <\/div> <div class=\"gem-gallery-item\"> <div class=\"gem-gallery-item-image\"> <a href=\"https:\/\/www.visitmalinska.com\/wp-content\/uploads\/2025\/05\/Walk-and-taste-51-thegem-gallery-fullwidth.jpg\" data-fancybox-group=\"gallery-69f4bc2fae4ad\" data-full-image-url=\"https:\/\/www.visitmalinska.com\/wp-content\/uploads\/2025\/05\/Walk-and-taste-51.jpg\"> <svg width=\"20\" height=\"10\"><path d=\"M 0,10 Q 9,9 10,0 Q 11,9 20,10\" \/><\/svg> <img decoding=\"async\" src=\"https:\/\/www.visitmalinska.com\/wp-content\/uploads\/2025\/05\/Walk-and-taste-51-thegem-post-thumb-small.jpg\" alt=\"\" class=\"img-responsive\"> <span class=\"gem-gallery-caption slide-info\"> <\/span> <\/a> <span class=\"gem-gallery-line\"><\/span> <\/div> <\/div> <div class=\"gem-gallery-item\"> <div class=\"gem-gallery-item-image\"> <a href=\"https:\/\/www.visitmalinska.com\/wp-content\/uploads\/2025\/05\/Walk-and-taste-371-scaled-thegem-gallery-fullwidth.jpg\" data-fancybox-group=\"gallery-69f4bc2fae4ad\" data-full-image-url=\"https:\/\/www.visitmalinska.com\/wp-content\/uploads\/2025\/05\/Walk-and-taste-371-scaled.jpg\"> <svg width=\"20\" height=\"10\"><path d=\"M 0,10 Q 9,9 10,0 Q 11,9 20,10\" \/><\/svg> <img decoding=\"async\" src=\"https:\/\/www.visitmalinska.com\/wp-content\/uploads\/2025\/05\/Walk-and-taste-371-scaled-thegem-post-thumb-small.jpg\" alt=\"\" class=\"img-responsive\"> <span class=\"gem-gallery-caption slide-info\"> <\/span> <\/a> <span class=\"gem-gallery-line\"><\/span> <\/div> <\/div> <div class=\"gem-gallery-item\"> <div class=\"gem-gallery-item-image\"> <a href=\"https:\/\/www.visitmalinska.com\/wp-content\/uploads\/2025\/05\/Walk-and-taste-231-scaled-thegem-gallery-fullwidth.jpg\" data-fancybox-group=\"gallery-69f4bc2fae4ad\" data-full-image-url=\"https:\/\/www.visitmalinska.com\/wp-content\/uploads\/2025\/05\/Walk-and-taste-231-scaled.jpg\"> <svg width=\"20\" height=\"10\"><path d=\"M 0,10 Q 9,9 10,0 Q 11,9 20,10\" \/><\/svg> <img decoding=\"async\" src=\"https:\/\/www.visitmalinska.com\/wp-content\/uploads\/2025\/05\/Walk-and-taste-231-scaled-thegem-post-thumb-small.jpg\" alt=\"\" class=\"img-responsive\"> <span class=\"gem-gallery-caption slide-info\"> <\/span> <\/a> <span class=\"gem-gallery-line\"><\/span> <\/div> <\/div> <div class=\"gem-gallery-item\"> <div class=\"gem-gallery-item-image\"> <a href=\"https:\/\/www.visitmalinska.com\/wp-content\/uploads\/2025\/05\/Walk-and-taste-252-scaled-thegem-gallery-fullwidth.jpg\" data-fancybox-group=\"gallery-69f4bc2fae4ad\" data-full-image-url=\"https:\/\/www.visitmalinska.com\/wp-content\/uploads\/2025\/05\/Walk-and-taste-252-scaled.jpg\"> <svg width=\"20\" height=\"10\"><path d=\"M 0,10 Q 9,9 10,0 Q 11,9 20,10\" \/><\/svg> <img decoding=\"async\" src=\"https:\/\/www.visitmalinska.com\/wp-content\/uploads\/2025\/05\/Walk-and-taste-252-scaled-thegem-post-thumb-small.jpg\" alt=\"\" class=\"img-responsive\"> <span class=\"gem-gallery-caption slide-info\"> <\/span> <\/a> <span class=\"gem-gallery-line\"><\/span> <\/div> <\/div> <div class=\"gem-gallery-item\"> <div class=\"gem-gallery-item-image\"> <a href=\"https:\/\/www.visitmalinska.com\/wp-content\/uploads\/2025\/05\/Walk-and-taste-262-scaled-thegem-gallery-fullwidth.jpg\" data-fancybox-group=\"gallery-69f4bc2fae4ad\" data-full-image-url=\"https:\/\/www.visitmalinska.com\/wp-content\/uploads\/2025\/05\/Walk-and-taste-262-scaled.jpg\"> <svg width=\"20\" height=\"10\"><path d=\"M 0,10 Q 9,9 10,0 Q 11,9 20,10\" \/><\/svg> <img decoding=\"async\" src=\"https:\/\/www.visitmalinska.com\/wp-content\/uploads\/2025\/05\/Walk-and-taste-262-scaled-thegem-post-thumb-small.jpg\" alt=\"\" class=\"img-responsive\"> <span class=\"gem-gallery-caption slide-info\"> <\/span> <\/a> <span class=\"gem-gallery-line\"><\/span> <\/div> <\/div> <\/div>[\/vc_column][\/vc_row]<\/p>\n","protected":false},"excerpt":{"rendered":"<p>[vc_row][vc_column][vc_column_text] Malinska Walk &#038; Taste 2026 23.05., 30.05. &#038; 06.06. MALINSKA WALK &#038; TASTE 2026 Malinska Walk &#038; Taste 2026&#8230;<\/p>\n","protected":false},"author":2,"featured_media":42675,"comment_status":"closed","ping_status":"closed","sticky":false,"template":"","format":"standard","meta":{"footnotes":""},"categories":[390,742,364],"tags":[1098,1094,1091,1095,1199,1004],"class_list":{"0":"post-41398","1":"post","2":"type-post","3":"status-publish","4":"format-standard","5":"has-post-thumbnail","7":"category-najave","8":"category-ne-propustite","9":"category-vijesti","10":"tag-degustacijske-setnje","11":"tag-janjetina","12":"tag-malinska-walk-taste","13":"tag-sparoge","14":"tag-vino-kvarner","15":"tag-walk-taste"},"acf":[],"yoast_head":"<!-- This site is optimized with the Yoast SEO plugin v23.5 - https:\/\/yoast.com\/wordpress\/plugins\/seo\/ -->\n<title>MALINSKA WALK &amp; TASTE 2026 - TZO Malinska-Duba\u0161nica<\/title>\n<meta name=\"description\" content=\"Malinska Walk &amp; Taste 2026 je vodeni obmorski degustacijski sprehod z lokalnimi specialitetami, kulturo in pristnimi okusi otoka Krk.\" \/>\n<meta name=\"robots\" content=\"index, follow, max-snippet:-1, max-image-preview:large, max-video-preview:-1\" \/>\n<link rel=\"canonical\" href=\"https:\/\/www.visitmalinska.com\/malinska-walk-taste-2026\/\" \/>\n<meta property=\"og:locale\" content=\"de_DE\" \/>\n<meta property=\"og:type\" content=\"article\" \/>\n<meta property=\"og:title\" content=\"{:hr}MALINSKA WALK &amp; TASTE 2026{:}{:en}MALINSKA WALK &amp; TASTE 2026{:}{:de}MALINSKA WALK &amp; TASTE 2026{:}{:it}MALINSKA WALK &amp; TASTE 2026{:}{:si}MALINSKA WALK &amp; TASTE 2026{:} - TZO Malinska-Duba\u0161nica\" \/>\n<meta property=\"og:description\" content=\"Malinska Walk &amp; Taste 2026 je vodeni obmorski degustacijski sprehod z lokalnimi specialitetami, kulturo in pristnimi okusi otoka Krk.\" \/>\n<meta property=\"og:url\" content=\"https:\/\/www.visitmalinska.com\/malinska-walk-taste-2026\/\" \/>\n<meta property=\"og:site_name\" content=\"TZO Malinska-Duba\u0161nica\" \/>\n<meta property=\"article:publisher\" content=\"https:\/\/www.facebook.com\/Malinska.Island.Krk\/\" \/>\n<meta property=\"article:published_time\" content=\"2026-01-28T07:11:14+00:00\" \/>\n<meta property=\"article:modified_time\" content=\"2026-04-14T13:25:52+00:00\" \/>\n<meta property=\"og:image\" content=\"https:\/\/www.visitmalinska.com\/wp-content\/uploads\/2026\/01\/malinska-walk-and-taste-ikona_wp-2.png\" \/>\n\t<meta property=\"og:image:width\" content=\"1080\" \/>\n\t<meta property=\"og:image:height\" content=\"1080\" \/>\n\t<meta property=\"og:image:type\" content=\"image\/png\" \/>\n<meta name=\"author\" content=\"malinska\" \/>\n<meta name=\"twitter:card\" content=\"summary_large_image\" \/>\n<meta name=\"twitter:label1\" content=\"Written by\" \/>\n\t<meta name=\"twitter:data1\" content=\"malinska\" \/>\n\t<meta name=\"twitter:label2\" content=\"Est. reading time\" \/>\n\t<meta name=\"twitter:data2\" content=\"3 minutes\" \/>\n<script type=\"application\/ld+json\" class=\"yoast-schema-graph\">{\"@context\":\"https:\/\/schema.org\",\"@graph\":[{\"@type\":\"Article\",\"@id\":\"https:\/\/www.visitmalinska.com\/malinska-walk-taste-2026\/#article\",\"isPartOf\":{\"@id\":\"https:\/\/www.visitmalinska.com\/malinska-walk-taste-2026\/\"},\"author\":{\"name\":\"malinska\",\"@id\":\"https:\/\/www.visitmalinska.com\/#\/schema\/person\/b9c1147dfe2084b3a08365febf5f5220\"},\"headline\":\"MALINSKA WALK &#038; TASTE 2026\",\"datePublished\":\"2026-01-28T07:11:14+00:00\",\"dateModified\":\"2026-04-14T13:25:52+00:00\",\"mainEntityOfPage\":{\"@id\":\"https:\/\/www.visitmalinska.com\/malinska-walk-taste-2026\/\"},\"wordCount\":2071,\"publisher\":{\"@id\":\"https:\/\/www.visitmalinska.com\/#organization\"},\"image\":{\"@id\":\"https:\/\/www.visitmalinska.com\/malinska-walk-taste-2026\/#primaryimage\"},\"thumbnailUrl\":\"https:\/\/www.visitmalinska.com\/wp-content\/uploads\/2025\/05\/malinska-walk-and-taste-ikona_wp.webp\",\"keywords\":[\"degustacijske \u0161etnje\",\"janjetina\",\"Malinska Walk & Taste\",\"\u0161paroge\",\"vino Kvarner\",\"Walk & Taste\"],\"articleSection\":[\"Najave\",\"Nicht verpassen...\",\"Vijesti\"],\"inLanguage\":\"de-DE\"},{\"@type\":\"WebPage\",\"@id\":\"https:\/\/www.visitmalinska.com\/malinska-walk-taste-2026\/\",\"url\":\"https:\/\/www.visitmalinska.com\/malinska-walk-taste-2026\/\",\"name\":\"{:hr}MALINSKA WALK & TASTE 2026{:}{:en}MALINSKA WALK & TASTE 2026{:}{:de}MALINSKA WALK & TASTE 2026{:}{:it}MALINSKA WALK & TASTE 2026{:}{:si}MALINSKA WALK & TASTE 2026{:} - TZO Malinska-Duba\u0161nica\",\"isPartOf\":{\"@id\":\"https:\/\/www.visitmalinska.com\/#website\"},\"primaryImageOfPage\":{\"@id\":\"https:\/\/www.visitmalinska.com\/malinska-walk-taste-2026\/#primaryimage\"},\"image\":{\"@id\":\"https:\/\/www.visitmalinska.com\/malinska-walk-taste-2026\/#primaryimage\"},\"thumbnailUrl\":\"https:\/\/www.visitmalinska.com\/wp-content\/uploads\/2025\/05\/malinska-walk-and-taste-ikona_wp.webp\",\"datePublished\":\"2026-01-28T07:11:14+00:00\",\"dateModified\":\"2026-04-14T13:25:52+00:00\",\"description\":\"Malinska Walk & Taste 2026 je vodeni obmorski degustacijski sprehod z lokalnimi specialitetami, kulturo in pristnimi okusi otoka Krk.\",\"breadcrumb\":{\"@id\":\"https:\/\/www.visitmalinska.com\/malinska-walk-taste-2026\/#breadcrumb\"},\"inLanguage\":\"de-DE\",\"potentialAction\":[{\"@type\":\"ReadAction\",\"target\":[\"https:\/\/www.visitmalinska.com\/malinska-walk-taste-2026\/\"]}]},{\"@type\":\"ImageObject\",\"inLanguage\":\"de-DE\",\"@id\":\"https:\/\/www.visitmalinska.com\/malinska-walk-taste-2026\/#primaryimage\",\"url\":\"https:\/\/www.visitmalinska.com\/wp-content\/uploads\/2025\/05\/malinska-walk-and-taste-ikona_wp.webp\",\"contentUrl\":\"https:\/\/www.visitmalinska.com\/wp-content\/uploads\/2025\/05\/malinska-walk-and-taste-ikona_wp.webp\",\"width\":1080,\"height\":1080},{\"@type\":\"BreadcrumbList\",\"@id\":\"https:\/\/www.visitmalinska.com\/malinska-walk-taste-2026\/#breadcrumb\",\"itemListElement\":[{\"@type\":\"ListItem\",\"position\":1,\"name\":\"Po\u010detna stranica\",\"item\":\"https:\/\/www.visitmalinska.com\/\"},{\"@type\":\"ListItem\",\"position\":2,\"name\":\"MALINSKA WALK &#038; TASTE 2026\"}]},{\"@type\":\"WebSite\",\"@id\":\"https:\/\/www.visitmalinska.com\/#website\",\"url\":\"https:\/\/www.visitmalinska.com\/\",\"name\":\"TZO Malinska-Duba\u0161nica\",\"description\":\"\",\"publisher\":{\"@id\":\"https:\/\/www.visitmalinska.com\/#organization\"},\"potentialAction\":[{\"@type\":\"SearchAction\",\"target\":{\"@type\":\"EntryPoint\",\"urlTemplate\":\"https:\/\/www.visitmalinska.com\/?s={search_term_string}\"},\"query-input\":{\"@type\":\"PropertyValueSpecification\",\"valueRequired\":true,\"valueName\":\"search_term_string\"}}],\"inLanguage\":\"de-DE\"},{\"@type\":\"Organization\",\"@id\":\"https:\/\/www.visitmalinska.com\/#organization\",\"name\":\"TZO Malinska - Duba\u0161nica\",\"url\":\"https:\/\/www.visitmalinska.com\/\",\"logo\":{\"@type\":\"ImageObject\",\"inLanguage\":\"de-DE\",\"@id\":\"https:\/\/www.visitmalinska.com\/#\/schema\/logo\/image\/\",\"url\":\"https:\/\/www.visitmalinska.com\/wp-content\/uploads\/2019\/03\/malinska-logo-240.png\",\"contentUrl\":\"https:\/\/www.visitmalinska.com\/wp-content\/uploads\/2019\/03\/malinska-logo-240.png\",\"width\":1188,\"height\":241,\"caption\":\"TZO Malinska - Duba\u0161nica\"},\"image\":{\"@id\":\"https:\/\/www.visitmalinska.com\/#\/schema\/logo\/image\/\"},\"sameAs\":[\"https:\/\/www.facebook.com\/Malinska.Island.Krk\/\",\"https:\/\/www.instagram.com\/visitmalinska\/\"]},{\"@type\":\"Person\",\"@id\":\"https:\/\/www.visitmalinska.com\/#\/schema\/person\/b9c1147dfe2084b3a08365febf5f5220\",\"name\":\"malinska\",\"image\":{\"@type\":\"ImageObject\",\"inLanguage\":\"de-DE\",\"@id\":\"https:\/\/www.visitmalinska.com\/#\/schema\/person\/image\/\",\"url\":\"https:\/\/secure.gravatar.com\/avatar\/ac515a9cf3cc312df7b828fd8023a34546d60e401ca285ebf9d6ffa994fe93c7?s=96&d=mm&r=g\",\"contentUrl\":\"https:\/\/secure.gravatar.com\/avatar\/ac515a9cf3cc312df7b828fd8023a34546d60e401ca285ebf9d6ffa994fe93c7?s=96&d=mm&r=g\",\"caption\":\"malinska\"},\"url\":\"https:\/\/www.visitmalinska.com\/de\/author\/malinska\/\"}]}<\/script>\n<!-- \/ Yoast SEO plugin. -->","yoast_head_json":{"title":"MALINSKA WALK & TASTE 2026 - TZO Malinska-Duba\u0161nica","description":"Malinska Walk & Taste 2026 je vodeni obmorski degustacijski sprehod z lokalnimi specialitetami, kulturo in pristnimi okusi otoka Krk.","robots":{"index":"index","follow":"follow","max-snippet":"max-snippet:-1","max-image-preview":"max-image-preview:large","max-video-preview":"max-video-preview:-1"},"canonical":"https:\/\/www.visitmalinska.com\/malinska-walk-taste-2026\/","og_locale":"de_DE","og_type":"article","og_title":"{:hr}MALINSKA WALK & TASTE 2026{:}{:en}MALINSKA WALK & TASTE 2026{:}{:de}MALINSKA WALK & TASTE 2026{:}{:it}MALINSKA WALK & TASTE 2026{:}{:si}MALINSKA WALK & TASTE 2026{:} - TZO Malinska-Duba\u0161nica","og_description":"Malinska Walk & Taste 2026 je vodeni obmorski degustacijski sprehod z lokalnimi specialitetami, kulturo in pristnimi okusi otoka Krk.","og_url":"https:\/\/www.visitmalinska.com\/malinska-walk-taste-2026\/","og_site_name":"TZO Malinska-Duba\u0161nica","article_publisher":"https:\/\/www.facebook.com\/Malinska.Island.Krk\/","article_published_time":"2026-01-28T07:11:14+00:00","article_modified_time":"2026-04-14T13:25:52+00:00","og_image":[{"width":1080,"height":1080,"url":"https:\/\/www.visitmalinska.com\/wp-content\/uploads\/2026\/01\/malinska-walk-and-taste-ikona_wp-2.png","type":"image\/png"}],"author":"malinska","twitter_card":"summary_large_image","twitter_misc":{"Written by":"malinska","Est. reading time":"3 minutes"},"schema":{"@context":"https:\/\/schema.org","@graph":[{"@type":"Article","@id":"https:\/\/www.visitmalinska.com\/malinska-walk-taste-2026\/#article","isPartOf":{"@id":"https:\/\/www.visitmalinska.com\/malinska-walk-taste-2026\/"},"author":{"name":"malinska","@id":"https:\/\/www.visitmalinska.com\/#\/schema\/person\/b9c1147dfe2084b3a08365febf5f5220"},"headline":"MALINSKA WALK &#038; TASTE 2026","datePublished":"2026-01-28T07:11:14+00:00","dateModified":"2026-04-14T13:25:52+00:00","mainEntityOfPage":{"@id":"https:\/\/www.visitmalinska.com\/malinska-walk-taste-2026\/"},"wordCount":2071,"publisher":{"@id":"https:\/\/www.visitmalinska.com\/#organization"},"image":{"@id":"https:\/\/www.visitmalinska.com\/malinska-walk-taste-2026\/#primaryimage"},"thumbnailUrl":"https:\/\/www.visitmalinska.com\/wp-content\/uploads\/2025\/05\/malinska-walk-and-taste-ikona_wp.webp","keywords":["degustacijske \u0161etnje","janjetina","Malinska Walk & Taste","\u0161paroge","vino Kvarner","Walk & Taste"],"articleSection":["Najave","Nicht verpassen...","Vijesti"],"inLanguage":"de-DE"},{"@type":"WebPage","@id":"https:\/\/www.visitmalinska.com\/malinska-walk-taste-2026\/","url":"https:\/\/www.visitmalinska.com\/malinska-walk-taste-2026\/","name":"{:hr}MALINSKA WALK & TASTE 2026{:}{:en}MALINSKA WALK & TASTE 2026{:}{:de}MALINSKA WALK & TASTE 2026{:}{:it}MALINSKA WALK & TASTE 2026{:}{:si}MALINSKA WALK & TASTE 2026{:} - TZO Malinska-Duba\u0161nica","isPartOf":{"@id":"https:\/\/www.visitmalinska.com\/#website"},"primaryImageOfPage":{"@id":"https:\/\/www.visitmalinska.com\/malinska-walk-taste-2026\/#primaryimage"},"image":{"@id":"https:\/\/www.visitmalinska.com\/malinska-walk-taste-2026\/#primaryimage"},"thumbnailUrl":"https:\/\/www.visitmalinska.com\/wp-content\/uploads\/2025\/05\/malinska-walk-and-taste-ikona_wp.webp","datePublished":"2026-01-28T07:11:14+00:00","dateModified":"2026-04-14T13:25:52+00:00","description":"Malinska Walk & Taste 2026 je vodeni obmorski degustacijski sprehod z lokalnimi specialitetami, kulturo in pristnimi okusi otoka Krk.","breadcrumb":{"@id":"https:\/\/www.visitmalinska.com\/malinska-walk-taste-2026\/#breadcrumb"},"inLanguage":"de-DE","potentialAction":[{"@type":"ReadAction","target":["https:\/\/www.visitmalinska.com\/malinska-walk-taste-2026\/"]}]},{"@type":"ImageObject","inLanguage":"de-DE","@id":"https:\/\/www.visitmalinska.com\/malinska-walk-taste-2026\/#primaryimage","url":"https:\/\/www.visitmalinska.com\/wp-content\/uploads\/2025\/05\/malinska-walk-and-taste-ikona_wp.webp","contentUrl":"https:\/\/www.visitmalinska.com\/wp-content\/uploads\/2025\/05\/malinska-walk-and-taste-ikona_wp.webp","width":1080,"height":1080},{"@type":"BreadcrumbList","@id":"https:\/\/www.visitmalinska.com\/malinska-walk-taste-2026\/#breadcrumb","itemListElement":[{"@type":"ListItem","position":1,"name":"Po\u010detna stranica","item":"https:\/\/www.visitmalinska.com\/"},{"@type":"ListItem","position":2,"name":"MALINSKA WALK &#038; TASTE 2026"}]},{"@type":"WebSite","@id":"https:\/\/www.visitmalinska.com\/#website","url":"https:\/\/www.visitmalinska.com\/","name":"TZO Malinska-Duba\u0161nica","description":"","publisher":{"@id":"https:\/\/www.visitmalinska.com\/#organization"},"potentialAction":[{"@type":"SearchAction","target":{"@type":"EntryPoint","urlTemplate":"https:\/\/www.visitmalinska.com\/?s={search_term_string}"},"query-input":{"@type":"PropertyValueSpecification","valueRequired":true,"valueName":"search_term_string"}}],"inLanguage":"de-DE"},{"@type":"Organization","@id":"https:\/\/www.visitmalinska.com\/#organization","name":"TZO Malinska - Duba\u0161nica","url":"https:\/\/www.visitmalinska.com\/","logo":{"@type":"ImageObject","inLanguage":"de-DE","@id":"https:\/\/www.visitmalinska.com\/#\/schema\/logo\/image\/","url":"https:\/\/www.visitmalinska.com\/wp-content\/uploads\/2019\/03\/malinska-logo-240.png","contentUrl":"https:\/\/www.visitmalinska.com\/wp-content\/uploads\/2019\/03\/malinska-logo-240.png","width":1188,"height":241,"caption":"TZO Malinska - Duba\u0161nica"},"image":{"@id":"https:\/\/www.visitmalinska.com\/#\/schema\/logo\/image\/"},"sameAs":["https:\/\/www.facebook.com\/Malinska.Island.Krk\/","https:\/\/www.instagram.com\/visitmalinska\/"]},{"@type":"Person","@id":"https:\/\/www.visitmalinska.com\/#\/schema\/person\/b9c1147dfe2084b3a08365febf5f5220","name":"malinska","image":{"@type":"ImageObject","inLanguage":"de-DE","@id":"https:\/\/www.visitmalinska.com\/#\/schema\/person\/image\/","url":"https:\/\/secure.gravatar.com\/avatar\/ac515a9cf3cc312df7b828fd8023a34546d60e401ca285ebf9d6ffa994fe93c7?s=96&d=mm&r=g","contentUrl":"https:\/\/secure.gravatar.com\/avatar\/ac515a9cf3cc312df7b828fd8023a34546d60e401ca285ebf9d6ffa994fe93c7?s=96&d=mm&r=g","caption":"malinska"},"url":"https:\/\/www.visitmalinska.com\/de\/author\/malinska\/"}]}},"_links":{"self":[{"href":"https:\/\/www.visitmalinska.com\/de\/wp-json\/wp\/v2\/posts\/41398","targetHints":{"allow":["GET"]}}],"collection":[{"href":"https:\/\/www.visitmalinska.com\/de\/wp-json\/wp\/v2\/posts"}],"about":[{"href":"https:\/\/www.visitmalinska.com\/de\/wp-json\/wp\/v2\/types\/post"}],"author":[{"embeddable":true,"href":"https:\/\/www.visitmalinska.com\/de\/wp-json\/wp\/v2\/users\/2"}],"replies":[{"embeddable":true,"href":"https:\/\/www.visitmalinska.com\/de\/wp-json\/wp\/v2\/comments?post=41398"}],"version-history":[{"count":97,"href":"https:\/\/www.visitmalinska.com\/de\/wp-json\/wp\/v2\/posts\/41398\/revisions"}],"predecessor-version":[{"id":43597,"href":"https:\/\/www.visitmalinska.com\/de\/wp-json\/wp\/v2\/posts\/41398\/revisions\/43597"}],"wp:featuredmedia":[{"embeddable":true,"href":"https:\/\/www.visitmalinska.com\/de\/wp-json\/wp\/v2\/media\/42675"}],"wp:attachment":[{"href":"https:\/\/www.visitmalinska.com\/de\/wp-json\/wp\/v2\/media?parent=41398"}],"wp:term":[{"taxonomy":"category","embeddable":true,"href":"https:\/\/www.visitmalinska.com\/de\/wp-json\/wp\/v2\/categories?post=41398"},{"taxonomy":"post_tag","embeddable":true,"href":"https:\/\/www.visitmalinska.com\/de\/wp-json\/wp\/v2\/tags?post=41398"}],"curies":[{"name":"wp","href":"https:\/\/api.w.org\/{rel}","templated":true}]}}