{"id":40535,"date":"2024-08-21T14:42:26","date_gmt":"2024-08-21T12:42:26","guid":{"rendered":"https:\/\/www.visitmalinska.com\/?p=40535"},"modified":"2026-02-18T11:45:23","modified_gmt":"2026-02-18T09:45:23","slug":"all-that-jazz-art-festival","status":"publish","type":"post","link":"https:\/\/www.visitmalinska.com\/de\/all-that-jazz-art-festival\/","title":{"rendered":"All That Jazz art festival"},"content":{"rendered":"<p>[vc_row][vc_column][vc_column_text]<img loading=\"lazy\" decoding=\"async\" class=\"wp-image-40538 aligncenter\" src=\"https:\/\/www.visitmalinska.com\/wp-content\/uploads\/2024\/08\/Facebook_cover_3-300x114.png\" alt=\"\" width=\"763\" height=\"290\" srcset=\"https:\/\/www.visitmalinska.com\/wp-content\/uploads\/2024\/08\/Facebook_cover_3-300x114.png 300w, https:\/\/www.visitmalinska.com\/wp-content\/uploads\/2024\/08\/Facebook_cover_3-1024x390.png 1024w, https:\/\/www.visitmalinska.com\/wp-content\/uploads\/2024\/08\/Facebook_cover_3-768x292.png 768w, https:\/\/www.visitmalinska.com\/wp-content\/uploads\/2024\/08\/Facebook_cover_3-1536x584.png 1536w, https:\/\/www.visitmalinska.com\/wp-content\/uploads\/2024\/08\/Facebook_cover_3.png 1640w\" sizes=\"auto, (max-width: 763px) 100vw, 763px\" \/><\/p>\n<p>&nbsp;<\/p>\n<p><strong>ALL THAT JAZZ Malinska 2024. &#8211; Tri ve\u010deri vrhunskog jazza u Ku\u0107i duba\u0161ljanske ba\u0161tine!<\/strong><\/p>\n<p>&nbsp;<\/p>\n<p>\ud83d\udcc5 <strong>29.8. &#8211; 31.8.2024.<\/strong><br \/>\n\ud83d\udccd Ku\u0107a duba\u0161ljanske ba\u0161tine, Bogovi\u0107i<\/p>\n<p>&nbsp;<\/p>\n<p>Pripremite se za tri <strong>nezaboravne ve\u010deri<\/strong> ispunjene vrhunskim jazz zvucima na festivalu All That Jazz u Malinskoj! \ud83c\udfb7<\/p>\n<p>&nbsp;<\/p>\n<p><strong>29.8. Ante Jeli\u010di\u0107 Quintet<\/strong><\/p>\n<p>Prva ve\u010der donosi izvedbe s albuma <em>Da-Du<\/em>, drugog po redu biogradskog jazz pijanista i skladatelja Ante Jeli\u010di\u0107a. Kvintet u sastavu Valdemar Ku\u0161an (truba), Miro Kadoi\u0107 (alt saksofon), Bojan Sko\u010dili\u0107 (kontrabas) i Adrian Bernobi\u0107 (bubnjevi) vodi nas kroz odrje\u0161it bebop i hardbop stil, naslanjaju\u0107i se na tradicionalan jazz. U\u017eivajte u osam originalnih skladbi, me\u0111u kojima su <em>Miro\u2019s Tune<\/em>, <em>Happy Isil Blues<\/em> i <em>Driving End<\/em>.<\/p>\n<p>&nbsp;<\/p>\n<p><strong>30.8. Vedran Ru\u017ei\u0107 i JazzIstra Orchestra<br \/>\n<\/strong><\/p>\n<p>Druga ve\u010der donosi poseban spoj istarskog i kvarnerskog jazza kroz izvedbe JazzIstra Orchestra. Liburnijski umjetnik Vedran Ru\u017ei\u0107 predstavlja 8 autorskih skladbi u aran\u017emanima za big band. Posebno izdvajamo kompozicije s nagra\u0111ivanog albuma <em>Spiritual Market<\/em>, a ne propustite ni upe\u010datljive aran\u017emane \u010dlanova orkestra. JazzIstra Orchestra poznat je po inovativnim projektima i suradnjama s brojnim istaknutim glazbenicima \u2013 od Tamare Obrovac do Ervina Bau\u010di\u0107a.<\/p>\n<p>&nbsp;<\/p>\n<p><strong>31.8. Denis Razz Quintet<\/strong><\/p>\n<p>Posljednja ve\u010der festivala rezervirana je za glazbu Denisa Razza, u pratnji kvinteta s kojim je snimio svoj posljednji album <em>Discrepancies In Blue<\/em> (Dallas Records). Album je svojevrsna posveta bluesu \u2013 refleksija dvostruke emocionalne atmosfere koja se kre\u0107e od o\u010daja i boli do prkosa i \u017eivotne strasti. Kroz ve\u010der vas vode Razz na saksofonu, Vedran Ru\u017ei\u0107 (kontrabas), Dorian Cuculi\u0107 (klavir), Karlo Ili\u0107 (gitara) i Rajko Ergi\u0107 (bubnjevi), uz goste Roberta Mikuljana i Lovru Mirtha.<\/p>\n<p>&nbsp;<\/p>\n<p>\ud83d\udd17 Pridru\u017eite nam se u Malinskoj i do\u017eivite tri ve\u010deri ispunjene jazzom, kreativno\u0161\u0107u i vrhunskim glazbenim izvedbama![\/vc_column_text][vc_column_text]<img loading=\"lazy\" decoding=\"async\" class=\"wp-image-40537 aligncenter\" src=\"https:\/\/www.visitmalinska.com\/wp-content\/uploads\/2024\/08\/B2_plakat_web-214x300.jpg\" alt=\"\" width=\"487\" height=\"683\" srcset=\"https:\/\/www.visitmalinska.com\/wp-content\/uploads\/2024\/08\/B2_plakat_web-214x300.jpg 214w, https:\/\/www.visitmalinska.com\/wp-content\/uploads\/2024\/08\/B2_plakat_web-729x1024.jpg 729w, https:\/\/www.visitmalinska.com\/wp-content\/uploads\/2024\/08\/B2_plakat_web-768x1079.jpg 768w, https:\/\/www.visitmalinska.com\/wp-content\/uploads\/2024\/08\/B2_plakat_web-1094x1536.jpg 1094w, https:\/\/www.visitmalinska.com\/wp-content\/uploads\/2024\/08\/B2_plakat_web-1458x2048.jpg 1458w, https:\/\/www.visitmalinska.com\/wp-content\/uploads\/2024\/08\/B2_plakat_web-scaled.jpg 1823w\" sizes=\"auto, (max-width: 487px) 100vw, 487px\" \/>[\/vc_column_text][\/vc_column][\/vc_row]<\/p>\n","protected":false},"excerpt":{"rendered":"<p>[vc_row][vc_column][vc_column_text] &nbsp; ALL THAT JAZZ Malinska 2024. &#8211; Tri ve\u010deri vrhunskog jazza u Ku\u0107i duba\u0161ljanske ba\u0161tine! &nbsp; \ud83d\udcc5 29.8. &#8211;&#8230;<\/p>\n","protected":false},"author":2,"featured_media":40539,"comment_status":"closed","ping_status":"closed","sticky":false,"template":"","format":"standard","meta":{"footnotes":""},"categories":[1],"tags":[1040],"class_list":{"0":"post-40535","1":"post","2":"type-post","3":"status-publish","4":"format-standard","5":"has-post-thumbnail","7":"category-uncategorized","8":"tag-all-that-jazz-art-festival"},"acf":[],"yoast_head":"<!-- This site is optimized with the Yoast SEO plugin v23.5 - https:\/\/yoast.com\/wordpress\/plugins\/seo\/ -->\n<title>All That Jazz art festival - TZO Malinska-Duba\u0161nica<\/title>\n<meta name=\"robots\" content=\"index, follow, max-snippet:-1, max-image-preview:large, max-video-preview:-1\" \/>\n<link rel=\"canonical\" href=\"https:\/\/www.visitmalinska.com\/en\/all-that-jazz-art-festival\/\" \/>\n<meta property=\"og:locale\" content=\"de_DE\" \/>\n<meta property=\"og:type\" content=\"article\" \/>\n<meta property=\"og:title\" content=\"All That Jazz art festival - TZO Malinska-Duba\u0161nica\" \/>\n<meta property=\"og:description\" content=\"[vc_row][vc_column][vc_column_text] &nbsp; ALL THAT JAZZ Malinska 2024. &#8211; Tri ve\u010deri vrhunskog jazza u Ku\u0107i duba\u0161ljanske ba\u0161tine! &nbsp; \ud83d\udcc5 29.8. &#8211;...\" \/>\n<meta property=\"og:url\" content=\"https:\/\/www.visitmalinska.com\/en\/all-that-jazz-art-festival\/\" \/>\n<meta property=\"og:site_name\" content=\"TZO Malinska-Duba\u0161nica\" \/>\n<meta property=\"article:publisher\" content=\"https:\/\/www.facebook.com\/Malinska.Island.Krk\/\" \/>\n<meta property=\"article:published_time\" content=\"2024-08-21T12:42:26+00:00\" \/>\n<meta property=\"article:modified_time\" content=\"2026-02-18T09:45:23+00:00\" \/>\n<meta property=\"og:image\" content=\"https:\/\/www.visitmalinska.com\/wp-content\/uploads\/2024\/08\/Facebook_event_1.png\" \/>\n\t<meta property=\"og:image:width\" content=\"1920\" \/>\n\t<meta property=\"og:image:height\" content=\"1005\" \/>\n\t<meta property=\"og:image:type\" content=\"image\/png\" \/>\n<meta name=\"author\" content=\"malinska\" \/>\n<meta name=\"twitter:card\" content=\"summary_large_image\" \/>\n<meta name=\"twitter:label1\" content=\"Written by\" \/>\n\t<meta name=\"twitter:data1\" content=\"malinska\" \/>\n\t<meta name=\"twitter:label2\" content=\"Est. reading time\" \/>\n\t<meta name=\"twitter:data2\" content=\"3 minutes\" \/>\n<script type=\"application\/ld+json\" class=\"yoast-schema-graph\">{\"@context\":\"https:\/\/schema.org\",\"@graph\":[{\"@type\":\"Article\",\"@id\":\"https:\/\/www.visitmalinska.com\/en\/all-that-jazz-art-festival\/#article\",\"isPartOf\":{\"@id\":\"https:\/\/www.visitmalinska.com\/en\/all-that-jazz-art-festival\/\"},\"author\":{\"name\":\"malinska\",\"@id\":\"https:\/\/www.visitmalinska.com\/#\/schema\/person\/b9c1147dfe2084b3a08365febf5f5220\"},\"headline\":\"All That Jazz art festival\",\"datePublished\":\"2024-08-21T12:42:26+00:00\",\"dateModified\":\"2026-02-18T09:45:23+00:00\",\"mainEntityOfPage\":{\"@id\":\"https:\/\/www.visitmalinska.com\/en\/all-that-jazz-art-festival\/\"},\"wordCount\":327,\"publisher\":{\"@id\":\"https:\/\/www.visitmalinska.com\/#organization\"},\"image\":{\"@id\":\"https:\/\/www.visitmalinska.com\/en\/all-that-jazz-art-festival\/#primaryimage\"},\"thumbnailUrl\":\"https:\/\/www.visitmalinska.com\/wp-content\/uploads\/2024\/08\/Facebook_event_1.png\",\"keywords\":[\"all that jazz art festival\"],\"inLanguage\":\"de-DE\"},{\"@type\":\"WebPage\",\"@id\":\"https:\/\/www.visitmalinska.com\/en\/all-that-jazz-art-festival\/\",\"url\":\"https:\/\/www.visitmalinska.com\/en\/all-that-jazz-art-festival\/\",\"name\":\"All That Jazz art festival - TZO Malinska-Duba\u0161nica\",\"isPartOf\":{\"@id\":\"https:\/\/www.visitmalinska.com\/#website\"},\"primaryImageOfPage\":{\"@id\":\"https:\/\/www.visitmalinska.com\/en\/all-that-jazz-art-festival\/#primaryimage\"},\"image\":{\"@id\":\"https:\/\/www.visitmalinska.com\/en\/all-that-jazz-art-festival\/#primaryimage\"},\"thumbnailUrl\":\"https:\/\/www.visitmalinska.com\/wp-content\/uploads\/2024\/08\/Facebook_event_1.png\",\"datePublished\":\"2024-08-21T12:42:26+00:00\",\"dateModified\":\"2026-02-18T09:45:23+00:00\",\"breadcrumb\":{\"@id\":\"https:\/\/www.visitmalinska.com\/en\/all-that-jazz-art-festival\/#breadcrumb\"},\"inLanguage\":\"de-DE\",\"potentialAction\":[{\"@type\":\"ReadAction\",\"target\":[\"https:\/\/www.visitmalinska.com\/en\/all-that-jazz-art-festival\/\"]}]},{\"@type\":\"ImageObject\",\"inLanguage\":\"de-DE\",\"@id\":\"https:\/\/www.visitmalinska.com\/en\/all-that-jazz-art-festival\/#primaryimage\",\"url\":\"https:\/\/www.visitmalinska.com\/wp-content\/uploads\/2024\/08\/Facebook_event_1.png\",\"contentUrl\":\"https:\/\/www.visitmalinska.com\/wp-content\/uploads\/2024\/08\/Facebook_event_1.png\",\"width\":1920,\"height\":1005},{\"@type\":\"BreadcrumbList\",\"@id\":\"https:\/\/www.visitmalinska.com\/en\/all-that-jazz-art-festival\/#breadcrumb\",\"itemListElement\":[{\"@type\":\"ListItem\",\"position\":1,\"name\":\"Po\u010detna stranica\",\"item\":\"https:\/\/www.visitmalinska.com\/\"},{\"@type\":\"ListItem\",\"position\":2,\"name\":\"All That Jazz art festival\"}]},{\"@type\":\"WebSite\",\"@id\":\"https:\/\/www.visitmalinska.com\/#website\",\"url\":\"https:\/\/www.visitmalinska.com\/\",\"name\":\"TZO Malinska-Duba\u0161nica\",\"description\":\"\",\"publisher\":{\"@id\":\"https:\/\/www.visitmalinska.com\/#organization\"},\"potentialAction\":[{\"@type\":\"SearchAction\",\"target\":{\"@type\":\"EntryPoint\",\"urlTemplate\":\"https:\/\/www.visitmalinska.com\/?s={search_term_string}\"},\"query-input\":{\"@type\":\"PropertyValueSpecification\",\"valueRequired\":true,\"valueName\":\"search_term_string\"}}],\"inLanguage\":\"de-DE\"},{\"@type\":\"Organization\",\"@id\":\"https:\/\/www.visitmalinska.com\/#organization\",\"name\":\"TZO Malinska - Duba\u0161nica\",\"url\":\"https:\/\/www.visitmalinska.com\/\",\"logo\":{\"@type\":\"ImageObject\",\"inLanguage\":\"de-DE\",\"@id\":\"https:\/\/www.visitmalinska.com\/#\/schema\/logo\/image\/\",\"url\":\"https:\/\/www.visitmalinska.com\/wp-content\/uploads\/2019\/03\/malinska-logo-240.png\",\"contentUrl\":\"https:\/\/www.visitmalinska.com\/wp-content\/uploads\/2019\/03\/malinska-logo-240.png\",\"width\":1188,\"height\":241,\"caption\":\"TZO Malinska - Duba\u0161nica\"},\"image\":{\"@id\":\"https:\/\/www.visitmalinska.com\/#\/schema\/logo\/image\/\"},\"sameAs\":[\"https:\/\/www.facebook.com\/Malinska.Island.Krk\/\",\"https:\/\/www.instagram.com\/visitmalinska\/\"]},{\"@type\":\"Person\",\"@id\":\"https:\/\/www.visitmalinska.com\/#\/schema\/person\/b9c1147dfe2084b3a08365febf5f5220\",\"name\":\"malinska\",\"image\":{\"@type\":\"ImageObject\",\"inLanguage\":\"de-DE\",\"@id\":\"https:\/\/www.visitmalinska.com\/#\/schema\/person\/image\/\",\"url\":\"https:\/\/secure.gravatar.com\/avatar\/ac515a9cf3cc312df7b828fd8023a34546d60e401ca285ebf9d6ffa994fe93c7?s=96&d=mm&r=g\",\"contentUrl\":\"https:\/\/secure.gravatar.com\/avatar\/ac515a9cf3cc312df7b828fd8023a34546d60e401ca285ebf9d6ffa994fe93c7?s=96&d=mm&r=g\",\"caption\":\"malinska\"},\"url\":\"https:\/\/www.visitmalinska.com\/de\/author\/malinska\/\"}]}<\/script>\n<!-- \/ Yoast SEO plugin. -->","yoast_head_json":{"title":"All That Jazz art festival - TZO Malinska-Duba\u0161nica","robots":{"index":"index","follow":"follow","max-snippet":"max-snippet:-1","max-image-preview":"max-image-preview:large","max-video-preview":"max-video-preview:-1"},"canonical":"https:\/\/www.visitmalinska.com\/en\/all-that-jazz-art-festival\/","og_locale":"de_DE","og_type":"article","og_title":"All That Jazz art festival - TZO Malinska-Duba\u0161nica","og_description":"[vc_row][vc_column][vc_column_text] &nbsp; ALL THAT JAZZ Malinska 2024. &#8211; Tri ve\u010deri vrhunskog jazza u Ku\u0107i duba\u0161ljanske ba\u0161tine! &nbsp; \ud83d\udcc5 29.8. &#8211;...","og_url":"https:\/\/www.visitmalinska.com\/en\/all-that-jazz-art-festival\/","og_site_name":"TZO Malinska-Duba\u0161nica","article_publisher":"https:\/\/www.facebook.com\/Malinska.Island.Krk\/","article_published_time":"2024-08-21T12:42:26+00:00","article_modified_time":"2026-02-18T09:45:23+00:00","og_image":[{"width":1920,"height":1005,"url":"https:\/\/www.visitmalinska.com\/wp-content\/uploads\/2024\/08\/Facebook_event_1.png","type":"image\/png"}],"author":"malinska","twitter_card":"summary_large_image","twitter_misc":{"Written by":"malinska","Est. reading time":"3 minutes"},"schema":{"@context":"https:\/\/schema.org","@graph":[{"@type":"Article","@id":"https:\/\/www.visitmalinska.com\/en\/all-that-jazz-art-festival\/#article","isPartOf":{"@id":"https:\/\/www.visitmalinska.com\/en\/all-that-jazz-art-festival\/"},"author":{"name":"malinska","@id":"https:\/\/www.visitmalinska.com\/#\/schema\/person\/b9c1147dfe2084b3a08365febf5f5220"},"headline":"All That Jazz art festival","datePublished":"2024-08-21T12:42:26+00:00","dateModified":"2026-02-18T09:45:23+00:00","mainEntityOfPage":{"@id":"https:\/\/www.visitmalinska.com\/en\/all-that-jazz-art-festival\/"},"wordCount":327,"publisher":{"@id":"https:\/\/www.visitmalinska.com\/#organization"},"image":{"@id":"https:\/\/www.visitmalinska.com\/en\/all-that-jazz-art-festival\/#primaryimage"},"thumbnailUrl":"https:\/\/www.visitmalinska.com\/wp-content\/uploads\/2024\/08\/Facebook_event_1.png","keywords":["all that jazz art festival"],"inLanguage":"de-DE"},{"@type":"WebPage","@id":"https:\/\/www.visitmalinska.com\/en\/all-that-jazz-art-festival\/","url":"https:\/\/www.visitmalinska.com\/en\/all-that-jazz-art-festival\/","name":"All That Jazz art festival - TZO Malinska-Duba\u0161nica","isPartOf":{"@id":"https:\/\/www.visitmalinska.com\/#website"},"primaryImageOfPage":{"@id":"https:\/\/www.visitmalinska.com\/en\/all-that-jazz-art-festival\/#primaryimage"},"image":{"@id":"https:\/\/www.visitmalinska.com\/en\/all-that-jazz-art-festival\/#primaryimage"},"thumbnailUrl":"https:\/\/www.visitmalinska.com\/wp-content\/uploads\/2024\/08\/Facebook_event_1.png","datePublished":"2024-08-21T12:42:26+00:00","dateModified":"2026-02-18T09:45:23+00:00","breadcrumb":{"@id":"https:\/\/www.visitmalinska.com\/en\/all-that-jazz-art-festival\/#breadcrumb"},"inLanguage":"de-DE","potentialAction":[{"@type":"ReadAction","target":["https:\/\/www.visitmalinska.com\/en\/all-that-jazz-art-festival\/"]}]},{"@type":"ImageObject","inLanguage":"de-DE","@id":"https:\/\/www.visitmalinska.com\/en\/all-that-jazz-art-festival\/#primaryimage","url":"https:\/\/www.visitmalinska.com\/wp-content\/uploads\/2024\/08\/Facebook_event_1.png","contentUrl":"https:\/\/www.visitmalinska.com\/wp-content\/uploads\/2024\/08\/Facebook_event_1.png","width":1920,"height":1005},{"@type":"BreadcrumbList","@id":"https:\/\/www.visitmalinska.com\/en\/all-that-jazz-art-festival\/#breadcrumb","itemListElement":[{"@type":"ListItem","position":1,"name":"Po\u010detna stranica","item":"https:\/\/www.visitmalinska.com\/"},{"@type":"ListItem","position":2,"name":"All That Jazz art festival"}]},{"@type":"WebSite","@id":"https:\/\/www.visitmalinska.com\/#website","url":"https:\/\/www.visitmalinska.com\/","name":"TZO Malinska-Duba\u0161nica","description":"","publisher":{"@id":"https:\/\/www.visitmalinska.com\/#organization"},"potentialAction":[{"@type":"SearchAction","target":{"@type":"EntryPoint","urlTemplate":"https:\/\/www.visitmalinska.com\/?s={search_term_string}"},"query-input":{"@type":"PropertyValueSpecification","valueRequired":true,"valueName":"search_term_string"}}],"inLanguage":"de-DE"},{"@type":"Organization","@id":"https:\/\/www.visitmalinska.com\/#organization","name":"TZO Malinska - Duba\u0161nica","url":"https:\/\/www.visitmalinska.com\/","logo":{"@type":"ImageObject","inLanguage":"de-DE","@id":"https:\/\/www.visitmalinska.com\/#\/schema\/logo\/image\/","url":"https:\/\/www.visitmalinska.com\/wp-content\/uploads\/2019\/03\/malinska-logo-240.png","contentUrl":"https:\/\/www.visitmalinska.com\/wp-content\/uploads\/2019\/03\/malinska-logo-240.png","width":1188,"height":241,"caption":"TZO Malinska - Duba\u0161nica"},"image":{"@id":"https:\/\/www.visitmalinska.com\/#\/schema\/logo\/image\/"},"sameAs":["https:\/\/www.facebook.com\/Malinska.Island.Krk\/","https:\/\/www.instagram.com\/visitmalinska\/"]},{"@type":"Person","@id":"https:\/\/www.visitmalinska.com\/#\/schema\/person\/b9c1147dfe2084b3a08365febf5f5220","name":"malinska","image":{"@type":"ImageObject","inLanguage":"de-DE","@id":"https:\/\/www.visitmalinska.com\/#\/schema\/person\/image\/","url":"https:\/\/secure.gravatar.com\/avatar\/ac515a9cf3cc312df7b828fd8023a34546d60e401ca285ebf9d6ffa994fe93c7?s=96&d=mm&r=g","contentUrl":"https:\/\/secure.gravatar.com\/avatar\/ac515a9cf3cc312df7b828fd8023a34546d60e401ca285ebf9d6ffa994fe93c7?s=96&d=mm&r=g","caption":"malinska"},"url":"https:\/\/www.visitmalinska.com\/de\/author\/malinska\/"}]}},"_links":{"self":[{"href":"https:\/\/www.visitmalinska.com\/de\/wp-json\/wp\/v2\/posts\/40535","targetHints":{"allow":["GET"]}}],"collection":[{"href":"https:\/\/www.visitmalinska.com\/de\/wp-json\/wp\/v2\/posts"}],"about":[{"href":"https:\/\/www.visitmalinska.com\/de\/wp-json\/wp\/v2\/types\/post"}],"author":[{"embeddable":true,"href":"https:\/\/www.visitmalinska.com\/de\/wp-json\/wp\/v2\/users\/2"}],"replies":[{"embeddable":true,"href":"https:\/\/www.visitmalinska.com\/de\/wp-json\/wp\/v2\/comments?post=40535"}],"version-history":[{"count":5,"href":"https:\/\/www.visitmalinska.com\/de\/wp-json\/wp\/v2\/posts\/40535\/revisions"}],"predecessor-version":[{"id":40543,"href":"https:\/\/www.visitmalinska.com\/de\/wp-json\/wp\/v2\/posts\/40535\/revisions\/40543"}],"wp:featuredmedia":[{"embeddable":true,"href":"https:\/\/www.visitmalinska.com\/de\/wp-json\/wp\/v2\/media\/40539"}],"wp:attachment":[{"href":"https:\/\/www.visitmalinska.com\/de\/wp-json\/wp\/v2\/media?parent=40535"}],"wp:term":[{"taxonomy":"category","embeddable":true,"href":"https:\/\/www.visitmalinska.com\/de\/wp-json\/wp\/v2\/categories?post=40535"},{"taxonomy":"post_tag","embeddable":true,"href":"https:\/\/www.visitmalinska.com\/de\/wp-json\/wp\/v2\/tags?post=40535"}],"curies":[{"name":"wp","href":"https:\/\/api.w.org\/{rel}","templated":true}]}}