{"id":39306,"date":"2023-07-11T17:36:27","date_gmt":"2023-07-11T15:36:27","guid":{"rendered":"https:\/\/www.visitmalinska.com\/?p=39306"},"modified":"2026-03-12T09:08:40","modified_gmt":"2026-03-12T07:08:40","slug":"podsjetnik-za-vikendase-u-2023","status":"publish","type":"post","link":"https:\/\/www.visitmalinska.com\/de\/podsjetnik-za-vikendase-u-2023\/","title":{"rendered":"Podsjetnik za vikenda\u0161e u 2023. godini"},"content":{"rendered":"<p>Po\u0161tovani vlasnici ku\u0107a, apartmana i stanova za odmor!<\/p>\n<p>Kao i svake godine, podsje\u0107amo Vas na izvr\u0161enje obveze prijave i pla\u0107anja turisti\u010dke pristojbe za sve osobe, koje borave u Va\u0161oj nekretnini.<\/p>\n<p class=\"aligncenter wp-image-39305\"><img loading=\"lazy\" decoding=\"async\" class=\"aligncenter wp-image-39305\" src=\"https:\/\/www.visitmalinska.com\/wp-content\/uploads\/2023\/07\/PodsjetnikZaVikenda\u0161e072023-300x169.png\" alt=\"\" width=\"512\" height=\"288\" srcset=\"https:\/\/www.visitmalinska.com\/wp-content\/uploads\/2023\/07\/PodsjetnikZaVikenda\u0161e072023-300x169.png 300w, https:\/\/www.visitmalinska.com\/wp-content\/uploads\/2023\/07\/PodsjetnikZaVikenda\u0161e072023-768x433.png 768w, https:\/\/www.visitmalinska.com\/wp-content\/uploads\/2023\/07\/PodsjetnikZaVikenda\u0161e072023-1024x577.png 1024w, https:\/\/www.visitmalinska.com\/wp-content\/uploads\/2023\/07\/PodsjetnikZaVikenda\u0161e072023.png 1640w\" sizes=\"auto, (max-width: 512px) 100vw, 512px\" \/><\/p>\n<p>&nbsp;<\/p>\n<p>Podsje\u0107amo Vas da ste obavezni prijavu svog boravka i boravka osoba koje borave u Va\u0161em stanu izvr\u0161iti samostalno putem jedinstvenog nacionalnog online informacijskog sustava <a href=\"http:\/\/evisitor.hr\/\">eVisitor.<\/a><\/p>\n<p>Vlasnici ku\u0107a, apartmana i stanova za odmor te \u010dlanovi naju\u017ee obitelji mogu turisti\u010dku pristojbu platiti <strong>po no\u0107enju<\/strong> (popust 70%) ili u <strong>pau\u0161alnom iznosu<\/strong>.<\/p>\n<p>Sukladno odbredbama \u010dl. 8 Zakona o turisti\u010dkoj pristojbi (NN 52\/19)<strong> \u010d<\/strong><strong>lanovima naju\u017ee obitelji smatraju se<\/strong>:<\/p>\n<ul>\n<li>bra\u010dni i izvanbra\u010dni drug,<\/li>\n<li>\u017eivotni partner sukladno posebnom propisu kojim se regulira \u017eivotno partnerstvo osoba istog spola,<\/li>\n<li>srodnici u ravnoj lozi i njihovi bra\u010dni drugovi,<\/li>\n<li>bra\u0107a i sestre i njihovi bra\u010dni drugovi,<\/li>\n<li>posvojitelj i posvojenik i njihova djeca i bra\u010dni drugovi,<\/li>\n<li>pastor\u010dad te ma\u0107eha i o\u010duh.<\/li>\n<\/ul>\n<p>&nbsp;<\/p>\n<p>Rok za odabir <strong>pau\u0161alnog pla\u0107anja turisti\u010dke pristojbe<\/strong> je do <strong>subote, 15.7.2023<\/strong>. godine, <strong>u 23:59<\/strong>. Sa 16.7. se opcija pau\u0161alnog pla\u0107anja ukida te mo\u017eete turisti\u010dku pristojbu platiti samo po no\u0107enju.<\/p>\n<p>Iznosi pau\u0161alne turisti\u010dke pristojbe nalaze se u nastavku:<\/p>\n<p><img loading=\"lazy\" decoding=\"async\" class=\"wp-image-39304 size-full alignleft\" src=\"https:\/\/www.visitmalinska.com\/wp-content\/uploads\/2023\/07\/Visina-TP-za-2023Vikenda\u0161i.png\" alt=\"\" width=\"507\" height=\"210\" srcset=\"https:\/\/www.visitmalinska.com\/wp-content\/uploads\/2023\/07\/Visina-TP-za-2023Vikenda\u0161i.png 507w, https:\/\/www.visitmalinska.com\/wp-content\/uploads\/2023\/07\/Visina-TP-za-2023Vikenda\u0161i-300x124.png 300w\" sizes=\"auto, (max-width: 507px) 100vw, 507px\" \/><\/p>\n<p>&nbsp;<\/p>\n<p>&nbsp;<\/p>\n<p>&nbsp;<\/p>\n<p>&nbsp;<\/p>\n<p>&nbsp;<\/p>\n<p>&nbsp;<\/p>\n<p>Prijatelji i osobe koje ne spadaju u u\u017ei krug obitelji te nerezidenti EU mogu turisti\u010dku pristojbu platiti samo po no\u0107enju, u iznosu od 1,33\u20ac po osobi, do zadnjeg dana boravka.<\/p>\n<p>&nbsp;<\/p>\n<p>Podaci za uplatu:<\/p>\n<ul>\n<li>Primatelj: <strong>TURISTI\u010cKA PRISTOJBA &#8211; MALINSKA-DUBA\u0160NICA<\/strong><\/li>\n<li>IBAN: <strong>HR95 1001 0051 7253 0474 1<\/strong><\/li>\n<li>Model: <strong>HR 68<\/strong><\/li>\n<li>Poziv na broj: <strong>OIB &#8211; \u0161ifra objekta u sustavu eVisitor<\/strong><\/li>\n<li>Opis pla\u0107anja: <strong>Turisti\u010dka pristojba za &#8230;.<\/strong> (navedite vlasnika apartmana te evt. imena i prezimena osoba, za koje pla\u0107ate TP)<\/li>\n<li>SWIFT: <strong>NBHRHR2x<\/strong><\/li>\n<\/ul>\n<p><strong>p.s. za uplate iz inozemstva potrebno je upisati ime i prezime vlasnika apartmana<\/strong><\/p>\n<p>&nbsp;<\/p>\n<p>NADZOR:<\/p>\n<p>Ukoliko nadle\u017eni Dr\u017eavni inspektor utvrdi nepravilnosti (da niste prijavili ili odjavili boravak te uplatili turisti\u010dku pristojbu u odre\u0111enom roku), podlije\u017eete zakonski propisanim nov\u010danim kaznama od 66,36 do 796,34\u20ac (od 500,00 do 6000,00 kuna) prema Zakonu o turisti\u010dkoj pristojbi NN 52\/19).<\/p>\n<p>Za dodatne informacije stojimo na raspolaganju te Vas srda\u010dno pozdravljamo.<\/p>\n<p style=\"text-align: right;\">TZO Malinska-Duba\u0161nica<\/p>\n","protected":false},"excerpt":{"rendered":"<p>Po\u0161tovani vlasnici ku\u0107a, apartmana i stanova za odmor! Kao i svake godine, podsje\u0107amo Vas na izvr\u0161enje obveze prijave i pla\u0107anja&#8230;<\/p>\n","protected":false},"author":2,"featured_media":39305,"comment_status":"closed","ping_status":"closed","sticky":false,"template":"","format":"standard","meta":{"footnotes":""},"categories":[1],"tags":[],"class_list":{"0":"post-39306","1":"post","2":"type-post","3":"status-publish","4":"format-standard","5":"has-post-thumbnail","7":"category-uncategorized"},"acf":[],"yoast_head":"<!-- This site is optimized with the Yoast SEO plugin v23.5 - https:\/\/yoast.com\/wordpress\/plugins\/seo\/ -->\n<title>Podsjetnik za vikenda\u0161e u 2023. godini - TZO Malinska-Duba\u0161nica<\/title>\n<meta name=\"robots\" content=\"index, follow, max-snippet:-1, max-image-preview:large, max-video-preview:-1\" \/>\n<link rel=\"canonical\" href=\"https:\/\/www.visitmalinska.com\/podsjetnik-za-vikendase-u-2023\/\" \/>\n<meta property=\"og:locale\" content=\"de_DE\" \/>\n<meta property=\"og:type\" content=\"article\" \/>\n<meta property=\"og:title\" content=\"Podsjetnik za vikenda\u0161e u 2023. godini - TZO Malinska-Duba\u0161nica\" \/>\n<meta property=\"og:description\" content=\"Po\u0161tovani vlasnici ku\u0107a, apartmana i stanova za odmor! Kao i svake godine, podsje\u0107amo Vas na izvr\u0161enje obveze prijave i pla\u0107anja...\" \/>\n<meta property=\"og:url\" content=\"https:\/\/www.visitmalinska.com\/podsjetnik-za-vikendase-u-2023\/\" \/>\n<meta property=\"og:site_name\" content=\"TZO Malinska-Duba\u0161nica\" \/>\n<meta property=\"article:publisher\" content=\"https:\/\/www.facebook.com\/Malinska.Island.Krk\/\" \/>\n<meta property=\"article:published_time\" content=\"2023-07-11T15:36:27+00:00\" \/>\n<meta property=\"article:modified_time\" content=\"2026-03-12T07:08:40+00:00\" \/>\n<meta property=\"og:image\" content=\"https:\/\/www.visitmalinska.com\/wp-content\/uploads\/2023\/07\/PodsjetnikZaVikenda\u0161e072023.png\" \/>\n\t<meta property=\"og:image:width\" content=\"1640\" \/>\n\t<meta property=\"og:image:height\" content=\"924\" \/>\n\t<meta property=\"og:image:type\" content=\"image\/png\" \/>\n<meta name=\"author\" content=\"malinska\" \/>\n<meta name=\"twitter:card\" content=\"summary_large_image\" \/>\n<meta name=\"twitter:label1\" content=\"Written by\" \/>\n\t<meta name=\"twitter:data1\" content=\"malinska\" \/>\n\t<meta name=\"twitter:label2\" content=\"Est. reading time\" \/>\n\t<meta name=\"twitter:data2\" content=\"2 minutes\" \/>\n<script type=\"application\/ld+json\" class=\"yoast-schema-graph\">{\"@context\":\"https:\/\/schema.org\",\"@graph\":[{\"@type\":\"Article\",\"@id\":\"https:\/\/www.visitmalinska.com\/podsjetnik-za-vikendase-u-2023\/#article\",\"isPartOf\":{\"@id\":\"https:\/\/www.visitmalinska.com\/podsjetnik-za-vikendase-u-2023\/\"},\"author\":{\"name\":\"malinska\",\"@id\":\"https:\/\/www.visitmalinska.com\/#\/schema\/person\/b9c1147dfe2084b3a08365febf5f5220\"},\"headline\":\"Podsjetnik za vikenda\u0161e u 2023. godini\",\"datePublished\":\"2023-07-11T15:36:27+00:00\",\"dateModified\":\"2026-03-12T07:08:40+00:00\",\"mainEntityOfPage\":{\"@id\":\"https:\/\/www.visitmalinska.com\/podsjetnik-za-vikendase-u-2023\/\"},\"wordCount\":373,\"publisher\":{\"@id\":\"https:\/\/www.visitmalinska.com\/#organization\"},\"image\":{\"@id\":\"https:\/\/www.visitmalinska.com\/podsjetnik-za-vikendase-u-2023\/#primaryimage\"},\"thumbnailUrl\":\"https:\/\/www.visitmalinska.com\/wp-content\/uploads\/2023\/07\/PodsjetnikZaVikenda\u0161e072023.png\",\"inLanguage\":\"de-DE\"},{\"@type\":\"WebPage\",\"@id\":\"https:\/\/www.visitmalinska.com\/podsjetnik-za-vikendase-u-2023\/\",\"url\":\"https:\/\/www.visitmalinska.com\/podsjetnik-za-vikendase-u-2023\/\",\"name\":\"Podsjetnik za vikenda\u0161e u 2023. godini - TZO Malinska-Duba\u0161nica\",\"isPartOf\":{\"@id\":\"https:\/\/www.visitmalinska.com\/#website\"},\"primaryImageOfPage\":{\"@id\":\"https:\/\/www.visitmalinska.com\/podsjetnik-za-vikendase-u-2023\/#primaryimage\"},\"image\":{\"@id\":\"https:\/\/www.visitmalinska.com\/podsjetnik-za-vikendase-u-2023\/#primaryimage\"},\"thumbnailUrl\":\"https:\/\/www.visitmalinska.com\/wp-content\/uploads\/2023\/07\/PodsjetnikZaVikenda\u0161e072023.png\",\"datePublished\":\"2023-07-11T15:36:27+00:00\",\"dateModified\":\"2026-03-12T07:08:40+00:00\",\"breadcrumb\":{\"@id\":\"https:\/\/www.visitmalinska.com\/podsjetnik-za-vikendase-u-2023\/#breadcrumb\"},\"inLanguage\":\"de-DE\",\"potentialAction\":[{\"@type\":\"ReadAction\",\"target\":[\"https:\/\/www.visitmalinska.com\/podsjetnik-za-vikendase-u-2023\/\"]}]},{\"@type\":\"ImageObject\",\"inLanguage\":\"de-DE\",\"@id\":\"https:\/\/www.visitmalinska.com\/podsjetnik-za-vikendase-u-2023\/#primaryimage\",\"url\":\"https:\/\/www.visitmalinska.com\/wp-content\/uploads\/2023\/07\/PodsjetnikZaVikenda\u0161e072023.png\",\"contentUrl\":\"https:\/\/www.visitmalinska.com\/wp-content\/uploads\/2023\/07\/PodsjetnikZaVikenda\u0161e072023.png\",\"width\":1640,\"height\":924},{\"@type\":\"BreadcrumbList\",\"@id\":\"https:\/\/www.visitmalinska.com\/podsjetnik-za-vikendase-u-2023\/#breadcrumb\",\"itemListElement\":[{\"@type\":\"ListItem\",\"position\":1,\"name\":\"Po\u010detna stranica\",\"item\":\"https:\/\/www.visitmalinska.com\/\"},{\"@type\":\"ListItem\",\"position\":2,\"name\":\"Podsjetnik za vikenda\u0161e u 2023. godini\"}]},{\"@type\":\"WebSite\",\"@id\":\"https:\/\/www.visitmalinska.com\/#website\",\"url\":\"https:\/\/www.visitmalinska.com\/\",\"name\":\"TZO Malinska-Duba\u0161nica\",\"description\":\"\",\"publisher\":{\"@id\":\"https:\/\/www.visitmalinska.com\/#organization\"},\"potentialAction\":[{\"@type\":\"SearchAction\",\"target\":{\"@type\":\"EntryPoint\",\"urlTemplate\":\"https:\/\/www.visitmalinska.com\/?s={search_term_string}\"},\"query-input\":{\"@type\":\"PropertyValueSpecification\",\"valueRequired\":true,\"valueName\":\"search_term_string\"}}],\"inLanguage\":\"de-DE\"},{\"@type\":\"Organization\",\"@id\":\"https:\/\/www.visitmalinska.com\/#organization\",\"name\":\"TZO Malinska - Duba\u0161nica\",\"url\":\"https:\/\/www.visitmalinska.com\/\",\"logo\":{\"@type\":\"ImageObject\",\"inLanguage\":\"de-DE\",\"@id\":\"https:\/\/www.visitmalinska.com\/#\/schema\/logo\/image\/\",\"url\":\"https:\/\/www.visitmalinska.com\/wp-content\/uploads\/2019\/03\/malinska-logo-240.png\",\"contentUrl\":\"https:\/\/www.visitmalinska.com\/wp-content\/uploads\/2019\/03\/malinska-logo-240.png\",\"width\":1188,\"height\":241,\"caption\":\"TZO Malinska - Duba\u0161nica\"},\"image\":{\"@id\":\"https:\/\/www.visitmalinska.com\/#\/schema\/logo\/image\/\"},\"sameAs\":[\"https:\/\/www.facebook.com\/Malinska.Island.Krk\/\",\"https:\/\/www.instagram.com\/visitmalinska\/\"]},{\"@type\":\"Person\",\"@id\":\"https:\/\/www.visitmalinska.com\/#\/schema\/person\/b9c1147dfe2084b3a08365febf5f5220\",\"name\":\"malinska\",\"image\":{\"@type\":\"ImageObject\",\"inLanguage\":\"de-DE\",\"@id\":\"https:\/\/www.visitmalinska.com\/#\/schema\/person\/image\/\",\"url\":\"https:\/\/secure.gravatar.com\/avatar\/ac515a9cf3cc312df7b828fd8023a34546d60e401ca285ebf9d6ffa994fe93c7?s=96&d=mm&r=g\",\"contentUrl\":\"https:\/\/secure.gravatar.com\/avatar\/ac515a9cf3cc312df7b828fd8023a34546d60e401ca285ebf9d6ffa994fe93c7?s=96&d=mm&r=g\",\"caption\":\"malinska\"},\"url\":\"https:\/\/www.visitmalinska.com\/de\/author\/malinska\/\"}]}<\/script>\n<!-- \/ Yoast SEO plugin. -->","yoast_head_json":{"title":"Podsjetnik za vikenda\u0161e u 2023. godini - TZO Malinska-Duba\u0161nica","robots":{"index":"index","follow":"follow","max-snippet":"max-snippet:-1","max-image-preview":"max-image-preview:large","max-video-preview":"max-video-preview:-1"},"canonical":"https:\/\/www.visitmalinska.com\/podsjetnik-za-vikendase-u-2023\/","og_locale":"de_DE","og_type":"article","og_title":"Podsjetnik za vikenda\u0161e u 2023. godini - TZO Malinska-Duba\u0161nica","og_description":"Po\u0161tovani vlasnici ku\u0107a, apartmana i stanova za odmor! Kao i svake godine, podsje\u0107amo Vas na izvr\u0161enje obveze prijave i pla\u0107anja...","og_url":"https:\/\/www.visitmalinska.com\/podsjetnik-za-vikendase-u-2023\/","og_site_name":"TZO Malinska-Duba\u0161nica","article_publisher":"https:\/\/www.facebook.com\/Malinska.Island.Krk\/","article_published_time":"2023-07-11T15:36:27+00:00","article_modified_time":"2026-03-12T07:08:40+00:00","og_image":[{"width":1640,"height":924,"url":"https:\/\/www.visitmalinska.com\/wp-content\/uploads\/2023\/07\/PodsjetnikZaVikenda\u0161e072023.png","type":"image\/png"}],"author":"malinska","twitter_card":"summary_large_image","twitter_misc":{"Written by":"malinska","Est. reading time":"2 minutes"},"schema":{"@context":"https:\/\/schema.org","@graph":[{"@type":"Article","@id":"https:\/\/www.visitmalinska.com\/podsjetnik-za-vikendase-u-2023\/#article","isPartOf":{"@id":"https:\/\/www.visitmalinska.com\/podsjetnik-za-vikendase-u-2023\/"},"author":{"name":"malinska","@id":"https:\/\/www.visitmalinska.com\/#\/schema\/person\/b9c1147dfe2084b3a08365febf5f5220"},"headline":"Podsjetnik za vikenda\u0161e u 2023. godini","datePublished":"2023-07-11T15:36:27+00:00","dateModified":"2026-03-12T07:08:40+00:00","mainEntityOfPage":{"@id":"https:\/\/www.visitmalinska.com\/podsjetnik-za-vikendase-u-2023\/"},"wordCount":373,"publisher":{"@id":"https:\/\/www.visitmalinska.com\/#organization"},"image":{"@id":"https:\/\/www.visitmalinska.com\/podsjetnik-za-vikendase-u-2023\/#primaryimage"},"thumbnailUrl":"https:\/\/www.visitmalinska.com\/wp-content\/uploads\/2023\/07\/PodsjetnikZaVikenda\u0161e072023.png","inLanguage":"de-DE"},{"@type":"WebPage","@id":"https:\/\/www.visitmalinska.com\/podsjetnik-za-vikendase-u-2023\/","url":"https:\/\/www.visitmalinska.com\/podsjetnik-za-vikendase-u-2023\/","name":"Podsjetnik za vikenda\u0161e u 2023. godini - TZO Malinska-Duba\u0161nica","isPartOf":{"@id":"https:\/\/www.visitmalinska.com\/#website"},"primaryImageOfPage":{"@id":"https:\/\/www.visitmalinska.com\/podsjetnik-za-vikendase-u-2023\/#primaryimage"},"image":{"@id":"https:\/\/www.visitmalinska.com\/podsjetnik-za-vikendase-u-2023\/#primaryimage"},"thumbnailUrl":"https:\/\/www.visitmalinska.com\/wp-content\/uploads\/2023\/07\/PodsjetnikZaVikenda\u0161e072023.png","datePublished":"2023-07-11T15:36:27+00:00","dateModified":"2026-03-12T07:08:40+00:00","breadcrumb":{"@id":"https:\/\/www.visitmalinska.com\/podsjetnik-za-vikendase-u-2023\/#breadcrumb"},"inLanguage":"de-DE","potentialAction":[{"@type":"ReadAction","target":["https:\/\/www.visitmalinska.com\/podsjetnik-za-vikendase-u-2023\/"]}]},{"@type":"ImageObject","inLanguage":"de-DE","@id":"https:\/\/www.visitmalinska.com\/podsjetnik-za-vikendase-u-2023\/#primaryimage","url":"https:\/\/www.visitmalinska.com\/wp-content\/uploads\/2023\/07\/PodsjetnikZaVikenda\u0161e072023.png","contentUrl":"https:\/\/www.visitmalinska.com\/wp-content\/uploads\/2023\/07\/PodsjetnikZaVikenda\u0161e072023.png","width":1640,"height":924},{"@type":"BreadcrumbList","@id":"https:\/\/www.visitmalinska.com\/podsjetnik-za-vikendase-u-2023\/#breadcrumb","itemListElement":[{"@type":"ListItem","position":1,"name":"Po\u010detna stranica","item":"https:\/\/www.visitmalinska.com\/"},{"@type":"ListItem","position":2,"name":"Podsjetnik za vikenda\u0161e u 2023. godini"}]},{"@type":"WebSite","@id":"https:\/\/www.visitmalinska.com\/#website","url":"https:\/\/www.visitmalinska.com\/","name":"TZO Malinska-Duba\u0161nica","description":"","publisher":{"@id":"https:\/\/www.visitmalinska.com\/#organization"},"potentialAction":[{"@type":"SearchAction","target":{"@type":"EntryPoint","urlTemplate":"https:\/\/www.visitmalinska.com\/?s={search_term_string}"},"query-input":{"@type":"PropertyValueSpecification","valueRequired":true,"valueName":"search_term_string"}}],"inLanguage":"de-DE"},{"@type":"Organization","@id":"https:\/\/www.visitmalinska.com\/#organization","name":"TZO Malinska - Duba\u0161nica","url":"https:\/\/www.visitmalinska.com\/","logo":{"@type":"ImageObject","inLanguage":"de-DE","@id":"https:\/\/www.visitmalinska.com\/#\/schema\/logo\/image\/","url":"https:\/\/www.visitmalinska.com\/wp-content\/uploads\/2019\/03\/malinska-logo-240.png","contentUrl":"https:\/\/www.visitmalinska.com\/wp-content\/uploads\/2019\/03\/malinska-logo-240.png","width":1188,"height":241,"caption":"TZO Malinska - Duba\u0161nica"},"image":{"@id":"https:\/\/www.visitmalinska.com\/#\/schema\/logo\/image\/"},"sameAs":["https:\/\/www.facebook.com\/Malinska.Island.Krk\/","https:\/\/www.instagram.com\/visitmalinska\/"]},{"@type":"Person","@id":"https:\/\/www.visitmalinska.com\/#\/schema\/person\/b9c1147dfe2084b3a08365febf5f5220","name":"malinska","image":{"@type":"ImageObject","inLanguage":"de-DE","@id":"https:\/\/www.visitmalinska.com\/#\/schema\/person\/image\/","url":"https:\/\/secure.gravatar.com\/avatar\/ac515a9cf3cc312df7b828fd8023a34546d60e401ca285ebf9d6ffa994fe93c7?s=96&d=mm&r=g","contentUrl":"https:\/\/secure.gravatar.com\/avatar\/ac515a9cf3cc312df7b828fd8023a34546d60e401ca285ebf9d6ffa994fe93c7?s=96&d=mm&r=g","caption":"malinska"},"url":"https:\/\/www.visitmalinska.com\/de\/author\/malinska\/"}]}},"_links":{"self":[{"href":"https:\/\/www.visitmalinska.com\/de\/wp-json\/wp\/v2\/posts\/39306","targetHints":{"allow":["GET"]}}],"collection":[{"href":"https:\/\/www.visitmalinska.com\/de\/wp-json\/wp\/v2\/posts"}],"about":[{"href":"https:\/\/www.visitmalinska.com\/de\/wp-json\/wp\/v2\/types\/post"}],"author":[{"embeddable":true,"href":"https:\/\/www.visitmalinska.com\/de\/wp-json\/wp\/v2\/users\/2"}],"replies":[{"embeddable":true,"href":"https:\/\/www.visitmalinska.com\/de\/wp-json\/wp\/v2\/comments?post=39306"}],"version-history":[{"count":3,"href":"https:\/\/www.visitmalinska.com\/de\/wp-json\/wp\/v2\/posts\/39306\/revisions"}],"predecessor-version":[{"id":39309,"href":"https:\/\/www.visitmalinska.com\/de\/wp-json\/wp\/v2\/posts\/39306\/revisions\/39309"}],"wp:featuredmedia":[{"embeddable":true,"href":"https:\/\/www.visitmalinska.com\/de\/wp-json\/wp\/v2\/media\/39305"}],"wp:attachment":[{"href":"https:\/\/www.visitmalinska.com\/de\/wp-json\/wp\/v2\/media?parent=39306"}],"wp:term":[{"taxonomy":"category","embeddable":true,"href":"https:\/\/www.visitmalinska.com\/de\/wp-json\/wp\/v2\/categories?post=39306"},{"taxonomy":"post_tag","embeddable":true,"href":"https:\/\/www.visitmalinska.com\/de\/wp-json\/wp\/v2\/tags?post=39306"}],"curies":[{"name":"wp","href":"https:\/\/api.w.org\/{rel}","templated":true}]}}