{"id":39148,"date":"2023-06-15T15:57:58","date_gmt":"2023-06-15T13:57:58","guid":{"rendered":"https:\/\/www.visitmalinska.com\/?p=39148"},"modified":"2026-03-12T11:03:25","modified_gmt":"2026-03-12T09:03:25","slug":"majka-i-dijete","status":"publish","type":"post","link":"https:\/\/www.visitmalinska.com\/de\/mutter-und-kind\/","title":{"rendered":"[23] Mutter und Kind"},"content":{"rendered":"<p>[vc_row][vc_column]<div id=\"fullwidth-block-69f450d1af7f2\" class=\"fullwidth-block clearfix\"  style=\"background-color: #1c8cce;\"><script type=\"text\/javascript\">if (typeof(gem_fix_fullwidth_position) == \"function\") { gem_fix_fullwidth_position(document.getElementById(\"fullwidth-block-69f450d1af7f2\")); }<\/script><div class=\"fullwidth-block-inner\">[vc_row_inner][vc_column_inner css=&#8221;.vc_custom_1557924656461{padding-top: 50px !important;padding-bottom: 50px !important;}&#8221;][vc_column_text]<\/p>\n<h5 style=\"text-align: center;\"><a href=\"https:\/\/www.visitmalinska.com\/de\/kulturerbe\/\"><span style=\"color: #ffffff;\">Kulturerbe<\/span><\/a><\/h5>\n<p>[\/vc_column_text][vc_column_text]<\/p>\n<h1 style=\"text-align: center;\"><span style=\"color: #ffffff;\">[23] Mutter und Kind<\/span><\/h1>\n<p>[\/vc_column_text][\/vc_column_inner][\/vc_row_inner]<\/div><\/div>[\/vc_column][\/vc_row][vc_row][vc_column]<div id=\"fullwidth-block-69f450d1af81e\" class=\"fullwidth-block clearfix\"  style=\"\"><script type=\"text\/javascript\">if (typeof(gem_fix_fullwidth_position) == \"function\") { gem_fix_fullwidth_position(document.getElementById(\"fullwidth-block-69f450d1af81e\")); }<\/script><div class=\"fullwidth-block-inner\">[vc_row_inner][vc_column_inner][vc_single_image image=&#8221;39149&#8243; img_size=&#8221;full&#8221; alignment=&#8221;center&#8221;][\/vc_column_inner][\/vc_row_inner]<\/div><\/div>[\/vc_column][\/vc_row][vc_row css=&#8221;.vc_custom_1557925708802{padding-top: 50px !important;}&#8221;][vc_column][vc_column_text]Die Skulptur ist ein Werk des Bildhauers Slavko \u0160o\u0161a (1923\u20131998) und wurde 1971 in der K\u00fcnstlerkolonie des Eisenwerks Sisak geschaffen. Da das Eisenwerk von 1971 bis 1992 sein Ferienheim in Malinska hatte und die Vrta\u010da-Bucht als Badestelle diente, wurde die Skulptur 1976 nach Malinska gebracht und an der K\u00fcstenpromenade aufgestellt.[\/vc_column_text][\/vc_column][\/vc_row]<\/p>\n","protected":false},"excerpt":{"rendered":"<p>Die Skulptur ist ein Werk des Bildhauers Slavko \u0160o\u0161a (1923\u20131998) und wurde 1971 in der K\u00fcnstlerkolonie des Eisenwerks Sisak geschaffen. <\/p>\n","protected":false},"author":1,"featured_media":39149,"comment_status":"closed","ping_status":"closed","sticky":false,"template":"","format":"image","meta":{"footnotes":""},"categories":[388],"tags":[],"class_list":{"0":"post-39148","1":"post","2":"type-post","3":"status-publish","4":"format-image","5":"has-post-thumbnail","7":"category-kulturne-znamenitosti","8":"post_format-post-format-image"},"acf":[],"yoast_head":"<!-- This site is optimized with the Yoast SEO plugin v23.5 - https:\/\/yoast.com\/wordpress\/plugins\/seo\/ -->\n<title>[23] Mutter und Kind - TZO Malinska-Duba\u0161nica<\/title>\n<meta name=\"robots\" content=\"index, follow, max-snippet:-1, max-image-preview:large, max-video-preview:-1\" \/>\n<link rel=\"canonical\" href=\"https:\/\/www.visitmalinska.com\/majka-i-dijete\/\" \/>\n<meta property=\"og:locale\" content=\"de_DE\" \/>\n<meta property=\"og:type\" content=\"article\" \/>\n<meta property=\"og:title\" content=\"{:hr}[23] Majka i dijete{:}{:en}[23] Mother and Child{:}{:de}[23] Mutter und Kind{:}{:it}[23] Madre e figlio{:}{:si}[23] Mama in otrok{:} - TZO Malinska-Duba\u0161nica\" \/>\n<meta property=\"og:description\" content=\"Die Skulptur ist ein Werk des Bildhauers Slavko \u0160o\u0161a (1923\u20131998) und wurde 1971 in der K\u00fcnstlerkolonie des Eisenwerks Sisak geschaffen.\" \/>\n<meta property=\"og:url\" content=\"https:\/\/www.visitmalinska.com\/majka-i-dijete\/\" \/>\n<meta property=\"og:site_name\" content=\"TZO Malinska-Duba\u0161nica\" \/>\n<meta property=\"article:publisher\" content=\"https:\/\/www.facebook.com\/Malinska.Island.Krk\/\" \/>\n<meta property=\"article:published_time\" content=\"2023-06-15T13:57:58+00:00\" \/>\n<meta property=\"article:modified_time\" content=\"2026-03-12T09:03:25+00:00\" \/>\n<meta property=\"og:image\" content=\"https:\/\/www.visitmalinska.com\/wp-content\/uploads\/2019\/09\/tzo-malinska-dubasnica-facebook.jpg\" \/>\n\t<meta property=\"og:image:width\" content=\"1200\" \/>\n\t<meta property=\"og:image:height\" content=\"630\" \/>\n\t<meta property=\"og:image:type\" content=\"image\/jpeg\" \/>\n<meta name=\"author\" content=\"Malinska\" \/>\n<meta name=\"twitter:card\" content=\"summary_large_image\" \/>\n<meta name=\"twitter:label1\" content=\"Written by\" \/>\n\t<meta name=\"twitter:data1\" content=\"Malinska\" \/>\n\t<meta name=\"twitter:label2\" content=\"Est. reading time\" \/>\n\t<meta name=\"twitter:data2\" content=\"1 minute\" \/>\n<script type=\"application\/ld+json\" class=\"yoast-schema-graph\">{\"@context\":\"https:\/\/schema.org\",\"@graph\":[{\"@type\":\"Article\",\"@id\":\"https:\/\/www.visitmalinska.com\/majka-i-dijete\/#article\",\"isPartOf\":{\"@id\":\"https:\/\/www.visitmalinska.com\/majka-i-dijete\/\"},\"author\":{\"name\":\"Malinska\",\"@id\":\"https:\/\/www.visitmalinska.com\/#\/schema\/person\/b2a8bc371955a9293863c261b36726b1\"},\"headline\":\"[23] Mutter und Kind\",\"datePublished\":\"2023-06-15T13:57:58+00:00\",\"dateModified\":\"2026-03-12T09:03:25+00:00\",\"mainEntityOfPage\":{\"@id\":\"https:\/\/www.visitmalinska.com\/majka-i-dijete\/\"},\"wordCount\":855,\"publisher\":{\"@id\":\"https:\/\/www.visitmalinska.com\/#organization\"},\"image\":{\"@id\":\"https:\/\/www.visitmalinska.com\/majka-i-dijete\/#primaryimage\"},\"thumbnailUrl\":\"https:\/\/www.visitmalinska.com\/wp-content\/uploads\/2023\/06\/tabela-030.jpg\",\"articleSection\":[\"Kulturne znamenitosti\"],\"inLanguage\":\"de-DE\"},{\"@type\":\"WebPage\",\"@id\":\"https:\/\/www.visitmalinska.com\/majka-i-dijete\/\",\"url\":\"https:\/\/www.visitmalinska.com\/majka-i-dijete\/\",\"name\":\"{:hr}[23] Majka i dijete{:}{:en}[23] Mother and Child{:}{:de}[23] Mutter und Kind{:}{:it}[23] Madre e figlio{:}{:si}[23] Mama in otrok{:} - TZO Malinska-Duba\u0161nica\",\"isPartOf\":{\"@id\":\"https:\/\/www.visitmalinska.com\/#website\"},\"primaryImageOfPage\":{\"@id\":\"https:\/\/www.visitmalinska.com\/majka-i-dijete\/#primaryimage\"},\"image\":{\"@id\":\"https:\/\/www.visitmalinska.com\/majka-i-dijete\/#primaryimage\"},\"thumbnailUrl\":\"https:\/\/www.visitmalinska.com\/wp-content\/uploads\/2023\/06\/tabela-030.jpg\",\"datePublished\":\"2023-06-15T13:57:58+00:00\",\"dateModified\":\"2026-03-12T09:03:25+00:00\",\"breadcrumb\":{\"@id\":\"https:\/\/www.visitmalinska.com\/majka-i-dijete\/#breadcrumb\"},\"inLanguage\":\"de-DE\",\"potentialAction\":[{\"@type\":\"ReadAction\",\"target\":[\"https:\/\/www.visitmalinska.com\/majka-i-dijete\/\"]}]},{\"@type\":\"ImageObject\",\"inLanguage\":\"de-DE\",\"@id\":\"https:\/\/www.visitmalinska.com\/majka-i-dijete\/#primaryimage\",\"url\":\"https:\/\/www.visitmalinska.com\/wp-content\/uploads\/2023\/06\/tabela-030.jpg\",\"contentUrl\":\"https:\/\/www.visitmalinska.com\/wp-content\/uploads\/2023\/06\/tabela-030.jpg\",\"width\":1920,\"height\":700},{\"@type\":\"BreadcrumbList\",\"@id\":\"https:\/\/www.visitmalinska.com\/majka-i-dijete\/#breadcrumb\",\"itemListElement\":[{\"@type\":\"ListItem\",\"position\":1,\"name\":\"Po\u010detna stranica\",\"item\":\"https:\/\/www.visitmalinska.com\/\"},{\"@type\":\"ListItem\",\"position\":2,\"name\":\"[23] Majka i dijete\"}]},{\"@type\":\"WebSite\",\"@id\":\"https:\/\/www.visitmalinska.com\/#website\",\"url\":\"https:\/\/www.visitmalinska.com\/\",\"name\":\"TZO Malinska-Duba\u0161nica\",\"description\":\"\",\"publisher\":{\"@id\":\"https:\/\/www.visitmalinska.com\/#organization\"},\"potentialAction\":[{\"@type\":\"SearchAction\",\"target\":{\"@type\":\"EntryPoint\",\"urlTemplate\":\"https:\/\/www.visitmalinska.com\/?s={search_term_string}\"},\"query-input\":{\"@type\":\"PropertyValueSpecification\",\"valueRequired\":true,\"valueName\":\"search_term_string\"}}],\"inLanguage\":\"de-DE\"},{\"@type\":\"Organization\",\"@id\":\"https:\/\/www.visitmalinska.com\/#organization\",\"name\":\"TZO Malinska - Duba\u0161nica\",\"url\":\"https:\/\/www.visitmalinska.com\/\",\"logo\":{\"@type\":\"ImageObject\",\"inLanguage\":\"de-DE\",\"@id\":\"https:\/\/www.visitmalinska.com\/#\/schema\/logo\/image\/\",\"url\":\"https:\/\/www.visitmalinska.com\/wp-content\/uploads\/2019\/03\/malinska-logo-240.png\",\"contentUrl\":\"https:\/\/www.visitmalinska.com\/wp-content\/uploads\/2019\/03\/malinska-logo-240.png\",\"width\":1188,\"height\":241,\"caption\":\"TZO Malinska - Duba\u0161nica\"},\"image\":{\"@id\":\"https:\/\/www.visitmalinska.com\/#\/schema\/logo\/image\/\"},\"sameAs\":[\"https:\/\/www.facebook.com\/Malinska.Island.Krk\/\",\"https:\/\/www.instagram.com\/visitmalinska\/\"]},{\"@type\":\"Person\",\"@id\":\"https:\/\/www.visitmalinska.com\/#\/schema\/person\/b2a8bc371955a9293863c261b36726b1\",\"name\":\"Malinska\",\"image\":{\"@type\":\"ImageObject\",\"inLanguage\":\"de-DE\",\"@id\":\"https:\/\/www.visitmalinska.com\/#\/schema\/person\/image\/\",\"url\":\"https:\/\/secure.gravatar.com\/avatar\/5d10d99b8718d2ec78918ebdfc171f04c5d8c284577853743401a33f54becc11?s=96&d=mm&r=g\",\"contentUrl\":\"https:\/\/secure.gravatar.com\/avatar\/5d10d99b8718d2ec78918ebdfc171f04c5d8c284577853743401a33f54becc11?s=96&d=mm&r=g\",\"caption\":\"Malinska\"},\"url\":\"https:\/\/www.visitmalinska.com\/de\/author\/malinska-admin\/\"}]}<\/script>\n<!-- \/ Yoast SEO plugin. -->","yoast_head_json":{"title":"[23] Mutter und Kind - TZO Malinska-Duba\u0161nica","robots":{"index":"index","follow":"follow","max-snippet":"max-snippet:-1","max-image-preview":"max-image-preview:large","max-video-preview":"max-video-preview:-1"},"canonical":"https:\/\/www.visitmalinska.com\/majka-i-dijete\/","og_locale":"de_DE","og_type":"article","og_title":"{:hr}[23] Majka i dijete{:}{:en}[23] Mother and Child{:}{:de}[23] Mutter und Kind{:}{:it}[23] Madre e figlio{:}{:si}[23] Mama in otrok{:} - TZO Malinska-Duba\u0161nica","og_description":"Die Skulptur ist ein Werk des Bildhauers Slavko \u0160o\u0161a (1923\u20131998) und wurde 1971 in der K\u00fcnstlerkolonie des Eisenwerks Sisak geschaffen.","og_url":"https:\/\/www.visitmalinska.com\/majka-i-dijete\/","og_site_name":"TZO Malinska-Duba\u0161nica","article_publisher":"https:\/\/www.facebook.com\/Malinska.Island.Krk\/","article_published_time":"2023-06-15T13:57:58+00:00","article_modified_time":"2026-03-12T09:03:25+00:00","og_image":[{"width":1200,"height":630,"url":"https:\/\/www.visitmalinska.com\/wp-content\/uploads\/2019\/09\/tzo-malinska-dubasnica-facebook.jpg","type":"image\/jpeg"}],"author":"Malinska","twitter_card":"summary_large_image","twitter_misc":{"Written by":"Malinska","Est. reading time":"1 minute"},"schema":{"@context":"https:\/\/schema.org","@graph":[{"@type":"Article","@id":"https:\/\/www.visitmalinska.com\/majka-i-dijete\/#article","isPartOf":{"@id":"https:\/\/www.visitmalinska.com\/majka-i-dijete\/"},"author":{"name":"Malinska","@id":"https:\/\/www.visitmalinska.com\/#\/schema\/person\/b2a8bc371955a9293863c261b36726b1"},"headline":"[23] Mutter und Kind","datePublished":"2023-06-15T13:57:58+00:00","dateModified":"2026-03-12T09:03:25+00:00","mainEntityOfPage":{"@id":"https:\/\/www.visitmalinska.com\/majka-i-dijete\/"},"wordCount":855,"publisher":{"@id":"https:\/\/www.visitmalinska.com\/#organization"},"image":{"@id":"https:\/\/www.visitmalinska.com\/majka-i-dijete\/#primaryimage"},"thumbnailUrl":"https:\/\/www.visitmalinska.com\/wp-content\/uploads\/2023\/06\/tabela-030.jpg","articleSection":["Kulturne znamenitosti"],"inLanguage":"de-DE"},{"@type":"WebPage","@id":"https:\/\/www.visitmalinska.com\/majka-i-dijete\/","url":"https:\/\/www.visitmalinska.com\/majka-i-dijete\/","name":"{:hr}[23] Majka i dijete{:}{:en}[23] Mother and Child{:}{:de}[23] Mutter und Kind{:}{:it}[23] Madre e figlio{:}{:si}[23] Mama in otrok{:} - TZO Malinska-Duba\u0161nica","isPartOf":{"@id":"https:\/\/www.visitmalinska.com\/#website"},"primaryImageOfPage":{"@id":"https:\/\/www.visitmalinska.com\/majka-i-dijete\/#primaryimage"},"image":{"@id":"https:\/\/www.visitmalinska.com\/majka-i-dijete\/#primaryimage"},"thumbnailUrl":"https:\/\/www.visitmalinska.com\/wp-content\/uploads\/2023\/06\/tabela-030.jpg","datePublished":"2023-06-15T13:57:58+00:00","dateModified":"2026-03-12T09:03:25+00:00","breadcrumb":{"@id":"https:\/\/www.visitmalinska.com\/majka-i-dijete\/#breadcrumb"},"inLanguage":"de-DE","potentialAction":[{"@type":"ReadAction","target":["https:\/\/www.visitmalinska.com\/majka-i-dijete\/"]}]},{"@type":"ImageObject","inLanguage":"de-DE","@id":"https:\/\/www.visitmalinska.com\/majka-i-dijete\/#primaryimage","url":"https:\/\/www.visitmalinska.com\/wp-content\/uploads\/2023\/06\/tabela-030.jpg","contentUrl":"https:\/\/www.visitmalinska.com\/wp-content\/uploads\/2023\/06\/tabela-030.jpg","width":1920,"height":700},{"@type":"BreadcrumbList","@id":"https:\/\/www.visitmalinska.com\/majka-i-dijete\/#breadcrumb","itemListElement":[{"@type":"ListItem","position":1,"name":"Po\u010detna stranica","item":"https:\/\/www.visitmalinska.com\/"},{"@type":"ListItem","position":2,"name":"[23] Majka i dijete"}]},{"@type":"WebSite","@id":"https:\/\/www.visitmalinska.com\/#website","url":"https:\/\/www.visitmalinska.com\/","name":"TZO Malinska-Duba\u0161nica","description":"","publisher":{"@id":"https:\/\/www.visitmalinska.com\/#organization"},"potentialAction":[{"@type":"SearchAction","target":{"@type":"EntryPoint","urlTemplate":"https:\/\/www.visitmalinska.com\/?s={search_term_string}"},"query-input":{"@type":"PropertyValueSpecification","valueRequired":true,"valueName":"search_term_string"}}],"inLanguage":"de-DE"},{"@type":"Organization","@id":"https:\/\/www.visitmalinska.com\/#organization","name":"TZO Malinska - Duba\u0161nica","url":"https:\/\/www.visitmalinska.com\/","logo":{"@type":"ImageObject","inLanguage":"de-DE","@id":"https:\/\/www.visitmalinska.com\/#\/schema\/logo\/image\/","url":"https:\/\/www.visitmalinska.com\/wp-content\/uploads\/2019\/03\/malinska-logo-240.png","contentUrl":"https:\/\/www.visitmalinska.com\/wp-content\/uploads\/2019\/03\/malinska-logo-240.png","width":1188,"height":241,"caption":"TZO Malinska - Duba\u0161nica"},"image":{"@id":"https:\/\/www.visitmalinska.com\/#\/schema\/logo\/image\/"},"sameAs":["https:\/\/www.facebook.com\/Malinska.Island.Krk\/","https:\/\/www.instagram.com\/visitmalinska\/"]},{"@type":"Person","@id":"https:\/\/www.visitmalinska.com\/#\/schema\/person\/b2a8bc371955a9293863c261b36726b1","name":"Malinska","image":{"@type":"ImageObject","inLanguage":"de-DE","@id":"https:\/\/www.visitmalinska.com\/#\/schema\/person\/image\/","url":"https:\/\/secure.gravatar.com\/avatar\/5d10d99b8718d2ec78918ebdfc171f04c5d8c284577853743401a33f54becc11?s=96&d=mm&r=g","contentUrl":"https:\/\/secure.gravatar.com\/avatar\/5d10d99b8718d2ec78918ebdfc171f04c5d8c284577853743401a33f54becc11?s=96&d=mm&r=g","caption":"Malinska"},"url":"https:\/\/www.visitmalinska.com\/de\/author\/malinska-admin\/"}]}},"_links":{"self":[{"href":"https:\/\/www.visitmalinska.com\/de\/wp-json\/wp\/v2\/posts\/39148","targetHints":{"allow":["GET"]}}],"collection":[{"href":"https:\/\/www.visitmalinska.com\/de\/wp-json\/wp\/v2\/posts"}],"about":[{"href":"https:\/\/www.visitmalinska.com\/de\/wp-json\/wp\/v2\/types\/post"}],"author":[{"embeddable":true,"href":"https:\/\/www.visitmalinska.com\/de\/wp-json\/wp\/v2\/users\/1"}],"replies":[{"embeddable":true,"href":"https:\/\/www.visitmalinska.com\/de\/wp-json\/wp\/v2\/comments?post=39148"}],"version-history":[{"count":28,"href":"https:\/\/www.visitmalinska.com\/de\/wp-json\/wp\/v2\/posts\/39148\/revisions"}],"predecessor-version":[{"id":43065,"href":"https:\/\/www.visitmalinska.com\/de\/wp-json\/wp\/v2\/posts\/39148\/revisions\/43065"}],"wp:featuredmedia":[{"embeddable":true,"href":"https:\/\/www.visitmalinska.com\/de\/wp-json\/wp\/v2\/media\/39149"}],"wp:attachment":[{"href":"https:\/\/www.visitmalinska.com\/de\/wp-json\/wp\/v2\/media?parent=39148"}],"wp:term":[{"taxonomy":"category","embeddable":true,"href":"https:\/\/www.visitmalinska.com\/de\/wp-json\/wp\/v2\/categories?post=39148"},{"taxonomy":"post_tag","embeddable":true,"href":"https:\/\/www.visitmalinska.com\/de\/wp-json\/wp\/v2\/tags?post=39148"}],"curies":[{"name":"wp","href":"https:\/\/api.w.org\/{rel}","templated":true}]}}