{"id":38200,"date":"2023-02-16T10:36:33","date_gmt":"2023-02-16T08:36:33","guid":{"rendered":"https:\/\/www.visitmalinska.com\/?p=38200"},"modified":"2026-02-18T11:35:04","modified_gmt":"2026-02-18T09:35:04","slug":"obavijest-o-radnom-vremenu-tu-tzo-malinska-dubasnica-17-02","status":"publish","type":"post","link":"https:\/\/www.visitmalinska.com\/de\/obavijest-o-radnom-vremenu-tu-tzo-malinska-dubasnica-17-02\/","title":{"rendered":"Obavijest o radnom vremenu TU TZO Malinska-Duba\u0161nica"},"content":{"rendered":"<p>Obavje\u0161tavamo Vas da \u0107e Ured TZO Malinska-Duba\u0161nica u petak, 17. velja\u010de 2023. godine, biti zatvoren za rad sa strankama.<\/p>\n<p><img loading=\"lazy\" decoding=\"async\" class=\"aligncenter wp-image-38197 \" src=\"https:\/\/www.visitmalinska.com\/wp-content\/uploads\/2023\/02\/Out-of-office-21.png\" alt=\"\" width=\"611\" height=\"512\" srcset=\"https:\/\/www.visitmalinska.com\/wp-content\/uploads\/2023\/02\/Out-of-office-21.png 940w, https:\/\/www.visitmalinska.com\/wp-content\/uploads\/2023\/02\/Out-of-office-21-300x251.png 300w, https:\/\/www.visitmalinska.com\/wp-content\/uploads\/2023\/02\/Out-of-office-21-768x644.png 768w\" sizes=\"auto, (max-width: 611px) 100vw, 611px\" \/><\/p>\n","protected":false},"excerpt":{"rendered":"<p>Obavje\u0161tavamo Vas da \u0107e Ured TZO Malinska-Duba\u0161nica u petak, 17. velja\u010de 2023. godine, biti zatvoren za rad sa strankama.<\/p>\n","protected":false},"author":2,"featured_media":38197,"comment_status":"closed","ping_status":"closed","sticky":false,"template":"","format":"standard","meta":{"footnotes":""},"categories":[1],"tags":[991],"class_list":{"0":"post-38200","1":"post","2":"type-post","3":"status-publish","4":"format-standard","5":"has-post-thumbnail","7":"category-uncategorized","8":"tag-radno-vrijeme"},"acf":[],"yoast_head":"<!-- This site is optimized with the Yoast SEO plugin v23.5 - https:\/\/yoast.com\/wordpress\/plugins\/seo\/ -->\n<title>Obavijest o radnom vremenu TU TZO Malinska-Duba\u0161nica - TZO Malinska-Duba\u0161nica<\/title>\n<meta name=\"robots\" content=\"index, follow, max-snippet:-1, max-image-preview:large, max-video-preview:-1\" \/>\n<link rel=\"canonical\" href=\"https:\/\/www.visitmalinska.com\/en\/obavijest-o-radnom-vremenu-tu-tzo-malinska-dubasnica-17-02\/\" \/>\n<meta property=\"og:locale\" content=\"de_DE\" \/>\n<meta property=\"og:type\" content=\"article\" \/>\n<meta property=\"og:title\" content=\"Obavijest o radnom vremenu TU TZO Malinska-Duba\u0161nica - TZO Malinska-Duba\u0161nica\" \/>\n<meta property=\"og:description\" content=\"Obavje\u0161tavamo Vas da \u0107e Ured TZO Malinska-Duba\u0161nica u petak, 17. velja\u010de 2023. godine, biti zatvoren za rad sa strankama.\" \/>\n<meta property=\"og:url\" content=\"https:\/\/www.visitmalinska.com\/en\/obavijest-o-radnom-vremenu-tu-tzo-malinska-dubasnica-17-02\/\" \/>\n<meta property=\"og:site_name\" content=\"TZO Malinska-Duba\u0161nica\" \/>\n<meta property=\"article:publisher\" content=\"https:\/\/www.facebook.com\/Malinska.Island.Krk\/\" \/>\n<meta property=\"article:published_time\" content=\"2023-02-16T08:36:33+00:00\" \/>\n<meta property=\"article:modified_time\" content=\"2026-02-18T09:35:04+00:00\" \/>\n<meta property=\"og:image\" content=\"https:\/\/www.visitmalinska.com\/wp-content\/uploads\/2023\/02\/Out-of-office-21.png\" \/>\n\t<meta property=\"og:image:width\" content=\"940\" \/>\n\t<meta property=\"og:image:height\" content=\"788\" \/>\n\t<meta property=\"og:image:type\" content=\"image\/png\" \/>\n<meta name=\"author\" content=\"malinska\" \/>\n<meta name=\"twitter:card\" content=\"summary_large_image\" \/>\n<meta name=\"twitter:label1\" content=\"Written by\" \/>\n\t<meta name=\"twitter:data1\" content=\"malinska\" \/>\n<script type=\"application\/ld+json\" class=\"yoast-schema-graph\">{\"@context\":\"https:\/\/schema.org\",\"@graph\":[{\"@type\":\"Article\",\"@id\":\"https:\/\/www.visitmalinska.com\/en\/obavijest-o-radnom-vremenu-tu-tzo-malinska-dubasnica-17-02\/#article\",\"isPartOf\":{\"@id\":\"https:\/\/www.visitmalinska.com\/en\/obavijest-o-radnom-vremenu-tu-tzo-malinska-dubasnica-17-02\/\"},\"author\":{\"name\":\"malinska\",\"@id\":\"https:\/\/www.visitmalinska.com\/#\/schema\/person\/b9c1147dfe2084b3a08365febf5f5220\"},\"headline\":\"Obavijest o radnom vremenu TU TZO Malinska-Duba\u0161nica\",\"datePublished\":\"2023-02-16T08:36:33+00:00\",\"dateModified\":\"2026-02-18T09:35:04+00:00\",\"mainEntityOfPage\":{\"@id\":\"https:\/\/www.visitmalinska.com\/en\/obavijest-o-radnom-vremenu-tu-tzo-malinska-dubasnica-17-02\/\"},\"wordCount\":28,\"publisher\":{\"@id\":\"https:\/\/www.visitmalinska.com\/#organization\"},\"image\":{\"@id\":\"https:\/\/www.visitmalinska.com\/en\/obavijest-o-radnom-vremenu-tu-tzo-malinska-dubasnica-17-02\/#primaryimage\"},\"thumbnailUrl\":\"https:\/\/www.visitmalinska.com\/wp-content\/uploads\/2023\/02\/Out-of-office-21.png\",\"keywords\":[\"Radno vrijeme\"],\"inLanguage\":\"de-DE\"},{\"@type\":\"WebPage\",\"@id\":\"https:\/\/www.visitmalinska.com\/en\/obavijest-o-radnom-vremenu-tu-tzo-malinska-dubasnica-17-02\/\",\"url\":\"https:\/\/www.visitmalinska.com\/en\/obavijest-o-radnom-vremenu-tu-tzo-malinska-dubasnica-17-02\/\",\"name\":\"Obavijest o radnom vremenu TU TZO Malinska-Duba\u0161nica - TZO Malinska-Duba\u0161nica\",\"isPartOf\":{\"@id\":\"https:\/\/www.visitmalinska.com\/#website\"},\"primaryImageOfPage\":{\"@id\":\"https:\/\/www.visitmalinska.com\/en\/obavijest-o-radnom-vremenu-tu-tzo-malinska-dubasnica-17-02\/#primaryimage\"},\"image\":{\"@id\":\"https:\/\/www.visitmalinska.com\/en\/obavijest-o-radnom-vremenu-tu-tzo-malinska-dubasnica-17-02\/#primaryimage\"},\"thumbnailUrl\":\"https:\/\/www.visitmalinska.com\/wp-content\/uploads\/2023\/02\/Out-of-office-21.png\",\"datePublished\":\"2023-02-16T08:36:33+00:00\",\"dateModified\":\"2026-02-18T09:35:04+00:00\",\"breadcrumb\":{\"@id\":\"https:\/\/www.visitmalinska.com\/en\/obavijest-o-radnom-vremenu-tu-tzo-malinska-dubasnica-17-02\/#breadcrumb\"},\"inLanguage\":\"de-DE\",\"potentialAction\":[{\"@type\":\"ReadAction\",\"target\":[\"https:\/\/www.visitmalinska.com\/en\/obavijest-o-radnom-vremenu-tu-tzo-malinska-dubasnica-17-02\/\"]}]},{\"@type\":\"ImageObject\",\"inLanguage\":\"de-DE\",\"@id\":\"https:\/\/www.visitmalinska.com\/en\/obavijest-o-radnom-vremenu-tu-tzo-malinska-dubasnica-17-02\/#primaryimage\",\"url\":\"https:\/\/www.visitmalinska.com\/wp-content\/uploads\/2023\/02\/Out-of-office-21.png\",\"contentUrl\":\"https:\/\/www.visitmalinska.com\/wp-content\/uploads\/2023\/02\/Out-of-office-21.png\",\"width\":940,\"height\":788},{\"@type\":\"BreadcrumbList\",\"@id\":\"https:\/\/www.visitmalinska.com\/en\/obavijest-o-radnom-vremenu-tu-tzo-malinska-dubasnica-17-02\/#breadcrumb\",\"itemListElement\":[{\"@type\":\"ListItem\",\"position\":1,\"name\":\"Po\u010detna stranica\",\"item\":\"https:\/\/www.visitmalinska.com\/\"},{\"@type\":\"ListItem\",\"position\":2,\"name\":\"Obavijest o radnom vremenu TU TZO Malinska-Duba\u0161nica\"}]},{\"@type\":\"WebSite\",\"@id\":\"https:\/\/www.visitmalinska.com\/#website\",\"url\":\"https:\/\/www.visitmalinska.com\/\",\"name\":\"TZO Malinska-Duba\u0161nica\",\"description\":\"\",\"publisher\":{\"@id\":\"https:\/\/www.visitmalinska.com\/#organization\"},\"potentialAction\":[{\"@type\":\"SearchAction\",\"target\":{\"@type\":\"EntryPoint\",\"urlTemplate\":\"https:\/\/www.visitmalinska.com\/?s={search_term_string}\"},\"query-input\":{\"@type\":\"PropertyValueSpecification\",\"valueRequired\":true,\"valueName\":\"search_term_string\"}}],\"inLanguage\":\"de-DE\"},{\"@type\":\"Organization\",\"@id\":\"https:\/\/www.visitmalinska.com\/#organization\",\"name\":\"TZO Malinska - Duba\u0161nica\",\"url\":\"https:\/\/www.visitmalinska.com\/\",\"logo\":{\"@type\":\"ImageObject\",\"inLanguage\":\"de-DE\",\"@id\":\"https:\/\/www.visitmalinska.com\/#\/schema\/logo\/image\/\",\"url\":\"https:\/\/www.visitmalinska.com\/wp-content\/uploads\/2019\/03\/malinska-logo-240.png\",\"contentUrl\":\"https:\/\/www.visitmalinska.com\/wp-content\/uploads\/2019\/03\/malinska-logo-240.png\",\"width\":1188,\"height\":241,\"caption\":\"TZO Malinska - Duba\u0161nica\"},\"image\":{\"@id\":\"https:\/\/www.visitmalinska.com\/#\/schema\/logo\/image\/\"},\"sameAs\":[\"https:\/\/www.facebook.com\/Malinska.Island.Krk\/\",\"https:\/\/www.instagram.com\/visitmalinska\/\"]},{\"@type\":\"Person\",\"@id\":\"https:\/\/www.visitmalinska.com\/#\/schema\/person\/b9c1147dfe2084b3a08365febf5f5220\",\"name\":\"malinska\",\"image\":{\"@type\":\"ImageObject\",\"inLanguage\":\"de-DE\",\"@id\":\"https:\/\/www.visitmalinska.com\/#\/schema\/person\/image\/\",\"url\":\"https:\/\/secure.gravatar.com\/avatar\/ac515a9cf3cc312df7b828fd8023a34546d60e401ca285ebf9d6ffa994fe93c7?s=96&d=mm&r=g\",\"contentUrl\":\"https:\/\/secure.gravatar.com\/avatar\/ac515a9cf3cc312df7b828fd8023a34546d60e401ca285ebf9d6ffa994fe93c7?s=96&d=mm&r=g\",\"caption\":\"malinska\"},\"url\":\"https:\/\/www.visitmalinska.com\/de\/author\/malinska\/\"}]}<\/script>\n<!-- \/ Yoast SEO plugin. -->","yoast_head_json":{"title":"Obavijest o radnom vremenu TU TZO Malinska-Duba\u0161nica - TZO Malinska-Duba\u0161nica","robots":{"index":"index","follow":"follow","max-snippet":"max-snippet:-1","max-image-preview":"max-image-preview:large","max-video-preview":"max-video-preview:-1"},"canonical":"https:\/\/www.visitmalinska.com\/en\/obavijest-o-radnom-vremenu-tu-tzo-malinska-dubasnica-17-02\/","og_locale":"de_DE","og_type":"article","og_title":"Obavijest o radnom vremenu TU TZO Malinska-Duba\u0161nica - TZO Malinska-Duba\u0161nica","og_description":"Obavje\u0161tavamo Vas da \u0107e Ured TZO Malinska-Duba\u0161nica u petak, 17. velja\u010de 2023. godine, biti zatvoren za rad sa strankama.","og_url":"https:\/\/www.visitmalinska.com\/en\/obavijest-o-radnom-vremenu-tu-tzo-malinska-dubasnica-17-02\/","og_site_name":"TZO Malinska-Duba\u0161nica","article_publisher":"https:\/\/www.facebook.com\/Malinska.Island.Krk\/","article_published_time":"2023-02-16T08:36:33+00:00","article_modified_time":"2026-02-18T09:35:04+00:00","og_image":[{"width":940,"height":788,"url":"https:\/\/www.visitmalinska.com\/wp-content\/uploads\/2023\/02\/Out-of-office-21.png","type":"image\/png"}],"author":"malinska","twitter_card":"summary_large_image","twitter_misc":{"Written by":"malinska"},"schema":{"@context":"https:\/\/schema.org","@graph":[{"@type":"Article","@id":"https:\/\/www.visitmalinska.com\/en\/obavijest-o-radnom-vremenu-tu-tzo-malinska-dubasnica-17-02\/#article","isPartOf":{"@id":"https:\/\/www.visitmalinska.com\/en\/obavijest-o-radnom-vremenu-tu-tzo-malinska-dubasnica-17-02\/"},"author":{"name":"malinska","@id":"https:\/\/www.visitmalinska.com\/#\/schema\/person\/b9c1147dfe2084b3a08365febf5f5220"},"headline":"Obavijest o radnom vremenu TU TZO Malinska-Duba\u0161nica","datePublished":"2023-02-16T08:36:33+00:00","dateModified":"2026-02-18T09:35:04+00:00","mainEntityOfPage":{"@id":"https:\/\/www.visitmalinska.com\/en\/obavijest-o-radnom-vremenu-tu-tzo-malinska-dubasnica-17-02\/"},"wordCount":28,"publisher":{"@id":"https:\/\/www.visitmalinska.com\/#organization"},"image":{"@id":"https:\/\/www.visitmalinska.com\/en\/obavijest-o-radnom-vremenu-tu-tzo-malinska-dubasnica-17-02\/#primaryimage"},"thumbnailUrl":"https:\/\/www.visitmalinska.com\/wp-content\/uploads\/2023\/02\/Out-of-office-21.png","keywords":["Radno vrijeme"],"inLanguage":"de-DE"},{"@type":"WebPage","@id":"https:\/\/www.visitmalinska.com\/en\/obavijest-o-radnom-vremenu-tu-tzo-malinska-dubasnica-17-02\/","url":"https:\/\/www.visitmalinska.com\/en\/obavijest-o-radnom-vremenu-tu-tzo-malinska-dubasnica-17-02\/","name":"Obavijest o radnom vremenu TU TZO Malinska-Duba\u0161nica - TZO Malinska-Duba\u0161nica","isPartOf":{"@id":"https:\/\/www.visitmalinska.com\/#website"},"primaryImageOfPage":{"@id":"https:\/\/www.visitmalinska.com\/en\/obavijest-o-radnom-vremenu-tu-tzo-malinska-dubasnica-17-02\/#primaryimage"},"image":{"@id":"https:\/\/www.visitmalinska.com\/en\/obavijest-o-radnom-vremenu-tu-tzo-malinska-dubasnica-17-02\/#primaryimage"},"thumbnailUrl":"https:\/\/www.visitmalinska.com\/wp-content\/uploads\/2023\/02\/Out-of-office-21.png","datePublished":"2023-02-16T08:36:33+00:00","dateModified":"2026-02-18T09:35:04+00:00","breadcrumb":{"@id":"https:\/\/www.visitmalinska.com\/en\/obavijest-o-radnom-vremenu-tu-tzo-malinska-dubasnica-17-02\/#breadcrumb"},"inLanguage":"de-DE","potentialAction":[{"@type":"ReadAction","target":["https:\/\/www.visitmalinska.com\/en\/obavijest-o-radnom-vremenu-tu-tzo-malinska-dubasnica-17-02\/"]}]},{"@type":"ImageObject","inLanguage":"de-DE","@id":"https:\/\/www.visitmalinska.com\/en\/obavijest-o-radnom-vremenu-tu-tzo-malinska-dubasnica-17-02\/#primaryimage","url":"https:\/\/www.visitmalinska.com\/wp-content\/uploads\/2023\/02\/Out-of-office-21.png","contentUrl":"https:\/\/www.visitmalinska.com\/wp-content\/uploads\/2023\/02\/Out-of-office-21.png","width":940,"height":788},{"@type":"BreadcrumbList","@id":"https:\/\/www.visitmalinska.com\/en\/obavijest-o-radnom-vremenu-tu-tzo-malinska-dubasnica-17-02\/#breadcrumb","itemListElement":[{"@type":"ListItem","position":1,"name":"Po\u010detna stranica","item":"https:\/\/www.visitmalinska.com\/"},{"@type":"ListItem","position":2,"name":"Obavijest o radnom vremenu TU TZO Malinska-Duba\u0161nica"}]},{"@type":"WebSite","@id":"https:\/\/www.visitmalinska.com\/#website","url":"https:\/\/www.visitmalinska.com\/","name":"TZO Malinska-Duba\u0161nica","description":"","publisher":{"@id":"https:\/\/www.visitmalinska.com\/#organization"},"potentialAction":[{"@type":"SearchAction","target":{"@type":"EntryPoint","urlTemplate":"https:\/\/www.visitmalinska.com\/?s={search_term_string}"},"query-input":{"@type":"PropertyValueSpecification","valueRequired":true,"valueName":"search_term_string"}}],"inLanguage":"de-DE"},{"@type":"Organization","@id":"https:\/\/www.visitmalinska.com\/#organization","name":"TZO Malinska - Duba\u0161nica","url":"https:\/\/www.visitmalinska.com\/","logo":{"@type":"ImageObject","inLanguage":"de-DE","@id":"https:\/\/www.visitmalinska.com\/#\/schema\/logo\/image\/","url":"https:\/\/www.visitmalinska.com\/wp-content\/uploads\/2019\/03\/malinska-logo-240.png","contentUrl":"https:\/\/www.visitmalinska.com\/wp-content\/uploads\/2019\/03\/malinska-logo-240.png","width":1188,"height":241,"caption":"TZO Malinska - Duba\u0161nica"},"image":{"@id":"https:\/\/www.visitmalinska.com\/#\/schema\/logo\/image\/"},"sameAs":["https:\/\/www.facebook.com\/Malinska.Island.Krk\/","https:\/\/www.instagram.com\/visitmalinska\/"]},{"@type":"Person","@id":"https:\/\/www.visitmalinska.com\/#\/schema\/person\/b9c1147dfe2084b3a08365febf5f5220","name":"malinska","image":{"@type":"ImageObject","inLanguage":"de-DE","@id":"https:\/\/www.visitmalinska.com\/#\/schema\/person\/image\/","url":"https:\/\/secure.gravatar.com\/avatar\/ac515a9cf3cc312df7b828fd8023a34546d60e401ca285ebf9d6ffa994fe93c7?s=96&d=mm&r=g","contentUrl":"https:\/\/secure.gravatar.com\/avatar\/ac515a9cf3cc312df7b828fd8023a34546d60e401ca285ebf9d6ffa994fe93c7?s=96&d=mm&r=g","caption":"malinska"},"url":"https:\/\/www.visitmalinska.com\/de\/author\/malinska\/"}]}},"_links":{"self":[{"href":"https:\/\/www.visitmalinska.com\/de\/wp-json\/wp\/v2\/posts\/38200","targetHints":{"allow":["GET"]}}],"collection":[{"href":"https:\/\/www.visitmalinska.com\/de\/wp-json\/wp\/v2\/posts"}],"about":[{"href":"https:\/\/www.visitmalinska.com\/de\/wp-json\/wp\/v2\/types\/post"}],"author":[{"embeddable":true,"href":"https:\/\/www.visitmalinska.com\/de\/wp-json\/wp\/v2\/users\/2"}],"replies":[{"embeddable":true,"href":"https:\/\/www.visitmalinska.com\/de\/wp-json\/wp\/v2\/comments?post=38200"}],"version-history":[{"count":5,"href":"https:\/\/www.visitmalinska.com\/de\/wp-json\/wp\/v2\/posts\/38200\/revisions"}],"predecessor-version":[{"id":38205,"href":"https:\/\/www.visitmalinska.com\/de\/wp-json\/wp\/v2\/posts\/38200\/revisions\/38205"}],"wp:featuredmedia":[{"embeddable":true,"href":"https:\/\/www.visitmalinska.com\/de\/wp-json\/wp\/v2\/media\/38197"}],"wp:attachment":[{"href":"https:\/\/www.visitmalinska.com\/de\/wp-json\/wp\/v2\/media?parent=38200"}],"wp:term":[{"taxonomy":"category","embeddable":true,"href":"https:\/\/www.visitmalinska.com\/de\/wp-json\/wp\/v2\/categories?post=38200"},{"taxonomy":"post_tag","embeddable":true,"href":"https:\/\/www.visitmalinska.com\/de\/wp-json\/wp\/v2\/tags?post=38200"}],"curies":[{"name":"wp","href":"https:\/\/api.w.org\/{rel}","templated":true}]}}