{"id":37377,"date":"2022-05-05T09:08:22","date_gmt":"2022-05-05T07:08:22","guid":{"rendered":"https:\/\/www.visitmalinska.com\/?p=37377"},"modified":"2026-03-11T11:55:14","modified_gmt":"2026-03-11T09:55:14","slug":"camino-krk-story-organizirana-vodenja-camino-krk-rutom","status":"publish","type":"post","link":"https:\/\/www.visitmalinska.com\/de\/camino-krk-story-organizirana-vodenja-camino-krk-rutom\/","title":{"rendered":"Camino Krk Story"},"content":{"rendered":"<p>[vc_row][vc_column][vc_column_text]<img loading=\"lazy\" decoding=\"async\" class=\"aligncenter wp-image-37378 size-large\" src=\"https:\/\/www.visitmalinska.com\/wp-content\/uploads\/2022\/05\/Camino-Krk-Story-1024x537.jpg\" alt=\"\" width=\"1024\" height=\"537\" srcset=\"https:\/\/www.visitmalinska.com\/wp-content\/uploads\/2022\/05\/Camino-Krk-Story-1024x537.jpg 1024w, https:\/\/www.visitmalinska.com\/wp-content\/uploads\/2022\/05\/Camino-Krk-Story-300x157.jpg 300w, https:\/\/www.visitmalinska.com\/wp-content\/uploads\/2022\/05\/Camino-Krk-Story-768x402.jpg 768w, https:\/\/www.visitmalinska.com\/wp-content\/uploads\/2022\/05\/Camino-Krk-Story.jpg 1920w\" sizes=\"auto, (max-width: 1024px) 100vw, 1024px\" \/><\/p>\n<p>[\/vc_column_text][vc_column_text]<strong>ERSTES WOCHENENDE 13.\u201315.05.2022<\/strong><br \/>\n<strong>Stadt Krk \/ Gemeinde Malinska-Duba\u0161nica<\/strong><br \/>\n<strong>13.05. FREITAG<br \/>\nRathaus der Stadt Krk<\/strong><\/p>\n<p>17:00\u00a0Begr\u00fc\u00dfungsrede und Einf\u00fchrungspr\u00e4sentation, Tourismusverband der Stadt Krk, Ivana Kova\u010di\u0107<br \/>\n17:15 Vorlesung*: Camino \u2013 ein Weg, der nicht beschrieben werden kann, Mirjam Juki\u0107<br \/>\n18:00 Vorlesung*: Camino Krk: auf versteckten Pfaden der Goldenen Insel, Martina Frka<\/p>\n<p><strong>14.05. SAMSTAG<br \/>\nErste Etappe: Krk\u2013Brzac (23 Kilometer)<\/strong><\/p>\n<p>09:00 Erste gef\u00fchrte Etappe: Versammlung auf Vela placa (Pilgerp\u00e4sse werden im Touristeninformationszentrum des Tourismusverbands der Stadt Krk abgeholt)<br \/>\nImbiss nach Ankunft in Brzac\/Milohni\u0107 (die Taverne Pud Brest)<br \/>\n18:00 Busabfahrt aus dem Ort Milohni\u0107 nach Stadt Krk<\/p>\n<p><strong>15.05. SONNTAG<\/strong><br \/>\n<strong>Zweite Etappe: Brzac\u2013Malinska (22,9 Kilometer)<\/strong><\/p>\n<p>09:00 Busabfahrt aus der Stadt Krk (Busbahnhof Krk)<br \/>\n09:30 Zweite gef\u00fchrte Etappe Brzac\u2013Malinska<br \/>\nImbiss nach Ankunft in Malinska (das Restaurant The Kitchen)<br \/>\n18:00 Busabfahrt aus Malinska nach Stadt Krk (Busbahnhof Malinska)<\/p>\n<p><strong>Reiseleiter \/ Begleiter:<\/strong><br \/>\n14.05. \u2013 Petar Toma\u0161i\u0107 und Nikola Radov\u010di\u0107<br \/>\n15.05. \u2013 Petar Toma\u0161i\u0107 und Danijela Marti\u0107<\/p>\n<p>* alle Vorlesungen werden in der kroatischen Sprache gehalten<\/p>\n<p>&nbsp;<\/p>\n<p><strong><img loading=\"lazy\" decoding=\"async\" class=\"alignnone size-medium wp-image-35040\" src=\"https:\/\/www.visitmalinska.com\/wp-content\/uploads\/2021\/02\/CAMINO-Krk_logo_CMYK-300x102.png\" alt=\"\" width=\"300\" height=\"102\" srcset=\"https:\/\/www.visitmalinska.com\/wp-content\/uploads\/2021\/02\/CAMINO-Krk_logo_CMYK-300x102.png 300w, https:\/\/www.visitmalinska.com\/wp-content\/uploads\/2021\/02\/CAMINO-Krk_logo_CMYK-768x260.png 768w, https:\/\/www.visitmalinska.com\/wp-content\/uploads\/2021\/02\/CAMINO-Krk_logo_CMYK.png 945w\" sizes=\"auto, (max-width: 300px) 100vw, 300px\" \/><\/strong><\/p>\n<p><strong>\u00a0<\/strong><\/p>\n<p><strong>ZWEITES WOCHENENDE 20.\u201322.05.2022<br \/>\nGemeinden\u00a0Malinska-Duba\u0161nica \/ Omi\u0161alj \/ Dobrinj<\/strong><br \/>\n<strong>20.05. FREITAG<br \/>\nHotel Malin (Restaurant Royal)<\/strong><\/p>\n<p>17:00\u00a0Begr\u00fc\u00dfungsreden von Daniel Manzoni (Tourismusverband der Gemeinde Malinska-Duba\u0161nica) und Andrea Orli\u0107 \u010cutul (Tourismusverband der Gemeinde Omi\u0161alj)<br \/>\n17:15\u00a0Vorlesung*: Camino Krk: auf versteckten Pfaden der Goldenen Insel, Martina Frka<br \/>\n18:00 Vorlesung*: Sakrales und kulturelles Erbe von Duba\u0161nica \u2013 vom Mittelalter bis heute, Tomislav Galovi\u0107<\/p>\n<p><strong>21.05. SAMSTAG\u00a0(19 Kilometer)<br \/>\nDritte Etappe: Malinska\u2013Omi\u0161alj<\/strong><\/p>\n<p>09:00 Versammlung im Zentrum von Malinska, vor der Kirche des Hl. Nikolaus (Pilgerp\u00e4sse werden w\u00e4hrend der Versammlung ausgeteilt)<br \/>\nImbiss nach Ankunft in Omi\u0161alj (die Taverne Ulikva am Platz in Omi\u0161alj)<br \/>\n18:00 Busabfahrt aus Omi\u0161alj (Busbahnhof) nach Malinska<\/p>\n<p><strong>22.05. SONNTAG<\/strong><br \/>\n<strong>Vierte Etappe: Omi\u0161alj\u2013\u010ci\u017ei\u0107i\u00a0(21 Kilometer)<\/strong><\/p>\n<p>09:00 Busabfahrt aus Malinska nach Omi\u0161alj (Busbahnhof Malinska)<br \/>\n09:30 Vierte gef\u00fchrte Etappe Omi\u0161alj\u2013\u010ci\u017ei\u0107i<br \/>\nImbiss nach Ankunft in \u010ci\u017ei\u0107i (die Taverne Mala sten)<br \/>\n18:00 Busabfahrt aus dem Ort \u010ci\u017ei\u0107i (vor der Taverne Mala sten) nach Malinska<\/p>\n<p><strong>Reiseleiter \/ Begleiter:<\/strong><br \/>\n21.05. \u2013 Petar Toma\u0161i\u0107 und Danijela Marti\u0107<br \/>\n22.05. \u2013 Petar Toma\u0161i\u0107 und Danijela Marti\u0107<\/p>\n<p>&nbsp;<\/p>\n<p>* alle Vorlesungen werden in der kroatischen Sprache gehalten[\/vc_column_text][\/vc_column][\/vc_row][vc_row][vc_column][vc_btn title=&#8221;Anmeldung&#8221; color=&#8221;danger&#8221; link=&#8221;url:https%3A%2F%2Fwww.visitmalinska.com%2Fcamino-krk-story-organizirana-vodenja-camino-krk-rutom%2F|||&#8221;][\/vc_column][\/vc_row]<\/p>\n","protected":false},"excerpt":{"rendered":"<p>[vc_row][vc_column][vc_column_text] [\/vc_column_text][vc_column_text]ERSTES WOCHENENDE 13.\u201315.05.2022 Stadt Krk \/ Gemeinde Malinska-Duba\u0161nica 13.05. FREITAG Rathaus der Stadt Krk 17:00\u00a0Begr\u00fc\u00dfungsrede und Einf\u00fchrungspr\u00e4sentation, Tourismusverband der&#8230;<\/p>\n","protected":false},"author":2,"featured_media":37378,"comment_status":"closed","ping_status":"closed","sticky":false,"template":"","format":"standard","meta":{"footnotes":""},"categories":[1],"tags":[867,864,861,862,537,865,869,870,863,866,868],"class_list":{"0":"post-37377","1":"post","2":"type-post","3":"status-publish","4":"format-standard","5":"has-post-thumbnail","7":"category-uncategorized","8":"tag-besplatan-program","9":"tag-brezplacni-program","10":"tag-camino-krk","11":"tag-camino-krk-story","12":"tag-grad-krk","13":"tag-ogranicen-broj-sudionika","14":"tag-organiziran-prijevoz","15":"tag-organizirana-vodenja-camino-krk-rutom","16":"tag-organizirano-vodenje","17":"tag-prijava-putem-obrasca","18":"tag-tematska-predavanja"},"acf":[],"yoast_head":"<!-- This site is optimized with the Yoast SEO plugin v23.5 - https:\/\/yoast.com\/wordpress\/plugins\/seo\/ -->\n<title>Camino Krk Story - TZO Malinska-Duba\u0161nica<\/title>\n<meta name=\"robots\" content=\"index, follow, max-snippet:-1, max-image-preview:large, max-video-preview:-1\" \/>\n<link rel=\"canonical\" href=\"https:\/\/www.visitmalinska.com\/camino-krk-story-organizirana-vodenja-camino-krk-rutom\/\" \/>\n<meta property=\"og:locale\" content=\"de_DE\" \/>\n<meta property=\"og:type\" content=\"article\" \/>\n<meta property=\"og:title\" content=\"{:hr}Camino Krk Story: organizirana vo\u0111enja Camino Krk rutom{:}{:en}Camino Krk Story{:}{:de}Camino Krk Story{:}{:it}Camino Krk Story{:}{:si}Camino Krk Story: organizirano vodenje po poteh Camina Krk{:} - TZO Malinska-Duba\u0161nica\" \/>\n<meta property=\"og:description\" content=\"[vc_row][vc_column][vc_column_text] [\/vc_column_text][vc_column_text]ERSTES WOCHENENDE 13.\u201315.05.2022 Stadt Krk \/ Gemeinde Malinska-Duba\u0161nica 13.05. FREITAG Rathaus der Stadt Krk 17:00\u00a0Begr\u00fc\u00dfungsrede und Einf\u00fchrungspr\u00e4sentation, Tourismusverband der...\" \/>\n<meta property=\"og:url\" content=\"https:\/\/www.visitmalinska.com\/camino-krk-story-organizirana-vodenja-camino-krk-rutom\/\" \/>\n<meta property=\"og:site_name\" content=\"TZO Malinska-Duba\u0161nica\" \/>\n<meta property=\"article:publisher\" content=\"https:\/\/www.facebook.com\/Malinska.Island.Krk\/\" \/>\n<meta property=\"article:published_time\" content=\"2022-05-05T07:08:22+00:00\" \/>\n<meta property=\"article:modified_time\" content=\"2026-03-11T09:55:14+00:00\" \/>\n<meta property=\"og:image\" content=\"https:\/\/www.visitmalinska.com\/wp-content\/uploads\/2022\/05\/Camino-Krk-Story.jpg\" \/>\n\t<meta property=\"og:image:width\" content=\"1920\" \/>\n\t<meta property=\"og:image:height\" content=\"1006\" \/>\n\t<meta property=\"og:image:type\" content=\"image\/jpeg\" \/>\n<meta name=\"author\" content=\"malinska\" \/>\n<meta name=\"twitter:card\" content=\"summary_large_image\" \/>\n<meta name=\"twitter:label1\" content=\"Written by\" \/>\n\t<meta name=\"twitter:data1\" content=\"malinska\" \/>\n\t<meta name=\"twitter:label2\" content=\"Est. reading time\" \/>\n\t<meta name=\"twitter:data2\" content=\"14 minutes\" \/>\n<script type=\"application\/ld+json\" class=\"yoast-schema-graph\">{\"@context\":\"https:\/\/schema.org\",\"@graph\":[{\"@type\":\"Article\",\"@id\":\"https:\/\/www.visitmalinska.com\/camino-krk-story-organizirana-vodenja-camino-krk-rutom\/#article\",\"isPartOf\":{\"@id\":\"https:\/\/www.visitmalinska.com\/camino-krk-story-organizirana-vodenja-camino-krk-rutom\/\"},\"author\":{\"name\":\"malinska\",\"@id\":\"https:\/\/www.visitmalinska.com\/#\/schema\/person\/b9c1147dfe2084b3a08365febf5f5220\"},\"headline\":\"Camino Krk Story\",\"datePublished\":\"2022-05-05T07:08:22+00:00\",\"dateModified\":\"2026-03-11T09:55:14+00:00\",\"mainEntityOfPage\":{\"@id\":\"https:\/\/www.visitmalinska.com\/camino-krk-story-organizirana-vodenja-camino-krk-rutom\/\"},\"wordCount\":2765,\"publisher\":{\"@id\":\"https:\/\/www.visitmalinska.com\/#organization\"},\"image\":{\"@id\":\"https:\/\/www.visitmalinska.com\/camino-krk-story-organizirana-vodenja-camino-krk-rutom\/#primaryimage\"},\"thumbnailUrl\":\"https:\/\/www.visitmalinska.com\/wp-content\/uploads\/2022\/05\/Camino-Krk-Story.jpg\",\"keywords\":[\"besplatan program\",\"Brezpla\u010dni program\",\"Camino Krk\",\"Camino Krk Story\",\"Grad Krk\",\"Ograni\u010den broj sudionika\",\"organiziran prijevoz\",\"organizirana vo\u0111enja Camino Krk rutom\",\"Organizirano vodenje\",\"prijava putem obrasca\",\"tematska predavanja\"],\"inLanguage\":\"de-DE\"},{\"@type\":\"WebPage\",\"@id\":\"https:\/\/www.visitmalinska.com\/camino-krk-story-organizirana-vodenja-camino-krk-rutom\/\",\"url\":\"https:\/\/www.visitmalinska.com\/camino-krk-story-organizirana-vodenja-camino-krk-rutom\/\",\"name\":\"{:hr}Camino Krk Story: organizirana vo\u0111enja Camino Krk rutom{:}{:en}Camino Krk Story{:}{:de}Camino Krk Story{:}{:it}Camino Krk Story{:}{:si}Camino Krk Story: organizirano vodenje po poteh Camina Krk{:} - TZO Malinska-Duba\u0161nica\",\"isPartOf\":{\"@id\":\"https:\/\/www.visitmalinska.com\/#website\"},\"primaryImageOfPage\":{\"@id\":\"https:\/\/www.visitmalinska.com\/camino-krk-story-organizirana-vodenja-camino-krk-rutom\/#primaryimage\"},\"image\":{\"@id\":\"https:\/\/www.visitmalinska.com\/camino-krk-story-organizirana-vodenja-camino-krk-rutom\/#primaryimage\"},\"thumbnailUrl\":\"https:\/\/www.visitmalinska.com\/wp-content\/uploads\/2022\/05\/Camino-Krk-Story.jpg\",\"datePublished\":\"2022-05-05T07:08:22+00:00\",\"dateModified\":\"2026-03-11T09:55:14+00:00\",\"breadcrumb\":{\"@id\":\"https:\/\/www.visitmalinska.com\/camino-krk-story-organizirana-vodenja-camino-krk-rutom\/#breadcrumb\"},\"inLanguage\":\"de-DE\",\"potentialAction\":[{\"@type\":\"ReadAction\",\"target\":[\"https:\/\/www.visitmalinska.com\/camino-krk-story-organizirana-vodenja-camino-krk-rutom\/\"]}]},{\"@type\":\"ImageObject\",\"inLanguage\":\"de-DE\",\"@id\":\"https:\/\/www.visitmalinska.com\/camino-krk-story-organizirana-vodenja-camino-krk-rutom\/#primaryimage\",\"url\":\"https:\/\/www.visitmalinska.com\/wp-content\/uploads\/2022\/05\/Camino-Krk-Story.jpg\",\"contentUrl\":\"https:\/\/www.visitmalinska.com\/wp-content\/uploads\/2022\/05\/Camino-Krk-Story.jpg\",\"width\":1920,\"height\":1006},{\"@type\":\"BreadcrumbList\",\"@id\":\"https:\/\/www.visitmalinska.com\/camino-krk-story-organizirana-vodenja-camino-krk-rutom\/#breadcrumb\",\"itemListElement\":[{\"@type\":\"ListItem\",\"position\":1,\"name\":\"Po\u010detna stranica\",\"item\":\"https:\/\/www.visitmalinska.com\/\"},{\"@type\":\"ListItem\",\"position\":2,\"name\":\"Camino Krk Story: organizirana vo\u0111enja Camino Krk rutom\"}]},{\"@type\":\"WebSite\",\"@id\":\"https:\/\/www.visitmalinska.com\/#website\",\"url\":\"https:\/\/www.visitmalinska.com\/\",\"name\":\"TZO Malinska-Duba\u0161nica\",\"description\":\"\",\"publisher\":{\"@id\":\"https:\/\/www.visitmalinska.com\/#organization\"},\"potentialAction\":[{\"@type\":\"SearchAction\",\"target\":{\"@type\":\"EntryPoint\",\"urlTemplate\":\"https:\/\/www.visitmalinska.com\/?s={search_term_string}\"},\"query-input\":{\"@type\":\"PropertyValueSpecification\",\"valueRequired\":true,\"valueName\":\"search_term_string\"}}],\"inLanguage\":\"de-DE\"},{\"@type\":\"Organization\",\"@id\":\"https:\/\/www.visitmalinska.com\/#organization\",\"name\":\"TZO Malinska - Duba\u0161nica\",\"url\":\"https:\/\/www.visitmalinska.com\/\",\"logo\":{\"@type\":\"ImageObject\",\"inLanguage\":\"de-DE\",\"@id\":\"https:\/\/www.visitmalinska.com\/#\/schema\/logo\/image\/\",\"url\":\"https:\/\/www.visitmalinska.com\/wp-content\/uploads\/2019\/03\/malinska-logo-240.png\",\"contentUrl\":\"https:\/\/www.visitmalinska.com\/wp-content\/uploads\/2019\/03\/malinska-logo-240.png\",\"width\":1188,\"height\":241,\"caption\":\"TZO Malinska - Duba\u0161nica\"},\"image\":{\"@id\":\"https:\/\/www.visitmalinska.com\/#\/schema\/logo\/image\/\"},\"sameAs\":[\"https:\/\/www.facebook.com\/Malinska.Island.Krk\/\",\"https:\/\/www.instagram.com\/visitmalinska\/\"]},{\"@type\":\"Person\",\"@id\":\"https:\/\/www.visitmalinska.com\/#\/schema\/person\/b9c1147dfe2084b3a08365febf5f5220\",\"name\":\"malinska\",\"image\":{\"@type\":\"ImageObject\",\"inLanguage\":\"de-DE\",\"@id\":\"https:\/\/www.visitmalinska.com\/#\/schema\/person\/image\/\",\"url\":\"https:\/\/secure.gravatar.com\/avatar\/ac515a9cf3cc312df7b828fd8023a34546d60e401ca285ebf9d6ffa994fe93c7?s=96&d=mm&r=g\",\"contentUrl\":\"https:\/\/secure.gravatar.com\/avatar\/ac515a9cf3cc312df7b828fd8023a34546d60e401ca285ebf9d6ffa994fe93c7?s=96&d=mm&r=g\",\"caption\":\"malinska\"},\"url\":\"https:\/\/www.visitmalinska.com\/de\/author\/malinska\/\"}]}<\/script>\n<!-- \/ Yoast SEO plugin. -->","yoast_head_json":{"title":"Camino Krk Story - TZO Malinska-Duba\u0161nica","robots":{"index":"index","follow":"follow","max-snippet":"max-snippet:-1","max-image-preview":"max-image-preview:large","max-video-preview":"max-video-preview:-1"},"canonical":"https:\/\/www.visitmalinska.com\/camino-krk-story-organizirana-vodenja-camino-krk-rutom\/","og_locale":"de_DE","og_type":"article","og_title":"{:hr}Camino Krk Story: organizirana vo\u0111enja Camino Krk rutom{:}{:en}Camino Krk Story{:}{:de}Camino Krk Story{:}{:it}Camino Krk Story{:}{:si}Camino Krk Story: organizirano vodenje po poteh Camina Krk{:} - TZO Malinska-Duba\u0161nica","og_description":"[vc_row][vc_column][vc_column_text] [\/vc_column_text][vc_column_text]ERSTES WOCHENENDE 13.\u201315.05.2022 Stadt Krk \/ Gemeinde Malinska-Duba\u0161nica 13.05. FREITAG Rathaus der Stadt Krk 17:00\u00a0Begr\u00fc\u00dfungsrede und Einf\u00fchrungspr\u00e4sentation, Tourismusverband der...","og_url":"https:\/\/www.visitmalinska.com\/camino-krk-story-organizirana-vodenja-camino-krk-rutom\/","og_site_name":"TZO Malinska-Duba\u0161nica","article_publisher":"https:\/\/www.facebook.com\/Malinska.Island.Krk\/","article_published_time":"2022-05-05T07:08:22+00:00","article_modified_time":"2026-03-11T09:55:14+00:00","og_image":[{"width":1920,"height":1006,"url":"https:\/\/www.visitmalinska.com\/wp-content\/uploads\/2022\/05\/Camino-Krk-Story.jpg","type":"image\/jpeg"}],"author":"malinska","twitter_card":"summary_large_image","twitter_misc":{"Written by":"malinska","Est. reading time":"14 minutes"},"schema":{"@context":"https:\/\/schema.org","@graph":[{"@type":"Article","@id":"https:\/\/www.visitmalinska.com\/camino-krk-story-organizirana-vodenja-camino-krk-rutom\/#article","isPartOf":{"@id":"https:\/\/www.visitmalinska.com\/camino-krk-story-organizirana-vodenja-camino-krk-rutom\/"},"author":{"name":"malinska","@id":"https:\/\/www.visitmalinska.com\/#\/schema\/person\/b9c1147dfe2084b3a08365febf5f5220"},"headline":"Camino Krk Story","datePublished":"2022-05-05T07:08:22+00:00","dateModified":"2026-03-11T09:55:14+00:00","mainEntityOfPage":{"@id":"https:\/\/www.visitmalinska.com\/camino-krk-story-organizirana-vodenja-camino-krk-rutom\/"},"wordCount":2765,"publisher":{"@id":"https:\/\/www.visitmalinska.com\/#organization"},"image":{"@id":"https:\/\/www.visitmalinska.com\/camino-krk-story-organizirana-vodenja-camino-krk-rutom\/#primaryimage"},"thumbnailUrl":"https:\/\/www.visitmalinska.com\/wp-content\/uploads\/2022\/05\/Camino-Krk-Story.jpg","keywords":["besplatan program","Brezpla\u010dni program","Camino Krk","Camino Krk Story","Grad Krk","Ograni\u010den broj sudionika","organiziran prijevoz","organizirana vo\u0111enja Camino Krk rutom","Organizirano vodenje","prijava putem obrasca","tematska predavanja"],"inLanguage":"de-DE"},{"@type":"WebPage","@id":"https:\/\/www.visitmalinska.com\/camino-krk-story-organizirana-vodenja-camino-krk-rutom\/","url":"https:\/\/www.visitmalinska.com\/camino-krk-story-organizirana-vodenja-camino-krk-rutom\/","name":"{:hr}Camino Krk Story: organizirana vo\u0111enja Camino Krk rutom{:}{:en}Camino Krk Story{:}{:de}Camino Krk Story{:}{:it}Camino Krk Story{:}{:si}Camino Krk Story: organizirano vodenje po poteh Camina Krk{:} - TZO Malinska-Duba\u0161nica","isPartOf":{"@id":"https:\/\/www.visitmalinska.com\/#website"},"primaryImageOfPage":{"@id":"https:\/\/www.visitmalinska.com\/camino-krk-story-organizirana-vodenja-camino-krk-rutom\/#primaryimage"},"image":{"@id":"https:\/\/www.visitmalinska.com\/camino-krk-story-organizirana-vodenja-camino-krk-rutom\/#primaryimage"},"thumbnailUrl":"https:\/\/www.visitmalinska.com\/wp-content\/uploads\/2022\/05\/Camino-Krk-Story.jpg","datePublished":"2022-05-05T07:08:22+00:00","dateModified":"2026-03-11T09:55:14+00:00","breadcrumb":{"@id":"https:\/\/www.visitmalinska.com\/camino-krk-story-organizirana-vodenja-camino-krk-rutom\/#breadcrumb"},"inLanguage":"de-DE","potentialAction":[{"@type":"ReadAction","target":["https:\/\/www.visitmalinska.com\/camino-krk-story-organizirana-vodenja-camino-krk-rutom\/"]}]},{"@type":"ImageObject","inLanguage":"de-DE","@id":"https:\/\/www.visitmalinska.com\/camino-krk-story-organizirana-vodenja-camino-krk-rutom\/#primaryimage","url":"https:\/\/www.visitmalinska.com\/wp-content\/uploads\/2022\/05\/Camino-Krk-Story.jpg","contentUrl":"https:\/\/www.visitmalinska.com\/wp-content\/uploads\/2022\/05\/Camino-Krk-Story.jpg","width":1920,"height":1006},{"@type":"BreadcrumbList","@id":"https:\/\/www.visitmalinska.com\/camino-krk-story-organizirana-vodenja-camino-krk-rutom\/#breadcrumb","itemListElement":[{"@type":"ListItem","position":1,"name":"Po\u010detna stranica","item":"https:\/\/www.visitmalinska.com\/"},{"@type":"ListItem","position":2,"name":"Camino Krk Story: organizirana vo\u0111enja Camino Krk rutom"}]},{"@type":"WebSite","@id":"https:\/\/www.visitmalinska.com\/#website","url":"https:\/\/www.visitmalinska.com\/","name":"TZO Malinska-Duba\u0161nica","description":"","publisher":{"@id":"https:\/\/www.visitmalinska.com\/#organization"},"potentialAction":[{"@type":"SearchAction","target":{"@type":"EntryPoint","urlTemplate":"https:\/\/www.visitmalinska.com\/?s={search_term_string}"},"query-input":{"@type":"PropertyValueSpecification","valueRequired":true,"valueName":"search_term_string"}}],"inLanguage":"de-DE"},{"@type":"Organization","@id":"https:\/\/www.visitmalinska.com\/#organization","name":"TZO Malinska - Duba\u0161nica","url":"https:\/\/www.visitmalinska.com\/","logo":{"@type":"ImageObject","inLanguage":"de-DE","@id":"https:\/\/www.visitmalinska.com\/#\/schema\/logo\/image\/","url":"https:\/\/www.visitmalinska.com\/wp-content\/uploads\/2019\/03\/malinska-logo-240.png","contentUrl":"https:\/\/www.visitmalinska.com\/wp-content\/uploads\/2019\/03\/malinska-logo-240.png","width":1188,"height":241,"caption":"TZO Malinska - Duba\u0161nica"},"image":{"@id":"https:\/\/www.visitmalinska.com\/#\/schema\/logo\/image\/"},"sameAs":["https:\/\/www.facebook.com\/Malinska.Island.Krk\/","https:\/\/www.instagram.com\/visitmalinska\/"]},{"@type":"Person","@id":"https:\/\/www.visitmalinska.com\/#\/schema\/person\/b9c1147dfe2084b3a08365febf5f5220","name":"malinska","image":{"@type":"ImageObject","inLanguage":"de-DE","@id":"https:\/\/www.visitmalinska.com\/#\/schema\/person\/image\/","url":"https:\/\/secure.gravatar.com\/avatar\/ac515a9cf3cc312df7b828fd8023a34546d60e401ca285ebf9d6ffa994fe93c7?s=96&d=mm&r=g","contentUrl":"https:\/\/secure.gravatar.com\/avatar\/ac515a9cf3cc312df7b828fd8023a34546d60e401ca285ebf9d6ffa994fe93c7?s=96&d=mm&r=g","caption":"malinska"},"url":"https:\/\/www.visitmalinska.com\/de\/author\/malinska\/"}]}},"_links":{"self":[{"href":"https:\/\/www.visitmalinska.com\/de\/wp-json\/wp\/v2\/posts\/37377","targetHints":{"allow":["GET"]}}],"collection":[{"href":"https:\/\/www.visitmalinska.com\/de\/wp-json\/wp\/v2\/posts"}],"about":[{"href":"https:\/\/www.visitmalinska.com\/de\/wp-json\/wp\/v2\/types\/post"}],"author":[{"embeddable":true,"href":"https:\/\/www.visitmalinska.com\/de\/wp-json\/wp\/v2\/users\/2"}],"replies":[{"embeddable":true,"href":"https:\/\/www.visitmalinska.com\/de\/wp-json\/wp\/v2\/comments?post=37377"}],"version-history":[{"count":27,"href":"https:\/\/www.visitmalinska.com\/de\/wp-json\/wp\/v2\/posts\/37377\/revisions"}],"predecessor-version":[{"id":43029,"href":"https:\/\/www.visitmalinska.com\/de\/wp-json\/wp\/v2\/posts\/37377\/revisions\/43029"}],"wp:featuredmedia":[{"embeddable":true,"href":"https:\/\/www.visitmalinska.com\/de\/wp-json\/wp\/v2\/media\/37378"}],"wp:attachment":[{"href":"https:\/\/www.visitmalinska.com\/de\/wp-json\/wp\/v2\/media?parent=37377"}],"wp:term":[{"taxonomy":"category","embeddable":true,"href":"https:\/\/www.visitmalinska.com\/de\/wp-json\/wp\/v2\/categories?post=37377"},{"taxonomy":"post_tag","embeddable":true,"href":"https:\/\/www.visitmalinska.com\/de\/wp-json\/wp\/v2\/tags?post=37377"}],"curies":[{"name":"wp","href":"https:\/\/api.w.org\/{rel}","templated":true}]}}