{"id":36084,"date":"2021-07-19T14:03:43","date_gmt":"2021-07-19T12:03:43","guid":{"rendered":"https:\/\/www.visitmalinska.com\/?p=36084"},"modified":"2026-03-12T09:21:59","modified_gmt":"2026-03-12T07:21:59","slug":"krcka-skatula-novi-projekt-s-otoka-krka","status":"publish","type":"post","link":"https:\/\/www.visitmalinska.com\/de\/krcka-skatula-novi-projekt-s-otoka-krka\/","title":{"rendered":"KR\u010cKA \u0160KATULA &#8211; NOVI PROJEKT S OTOKA KRKA"},"content":{"rendered":"<p>[vc_row][vc_column][vc_column_text]<img loading=\"lazy\" decoding=\"async\" class=\"wp-image-36085 aligncenter\" src=\"https:\/\/www.visitmalinska.com\/wp-content\/uploads\/2021\/07\/skatula-kamplin-1-002-300x203.jpg\" alt=\"\" width=\"1000\" height=\"675\" srcset=\"https:\/\/www.visitmalinska.com\/wp-content\/uploads\/2021\/07\/skatula-kamplin-1-002-300x203.jpg 300w, https:\/\/www.visitmalinska.com\/wp-content\/uploads\/2021\/07\/skatula-kamplin-1-002-768x518.jpg 768w, https:\/\/www.visitmalinska.com\/wp-content\/uploads\/2021\/07\/skatula-kamplin-1-002-1024x691.jpg 1024w, https:\/\/www.visitmalinska.com\/wp-content\/uploads\/2021\/07\/skatula-kamplin-1-002.jpg 1920w\" sizes=\"auto, (max-width: 1000px) 100vw, 1000px\" \/><\/p>\n<p>Ovim putem \u017eelimo Vam predstaviti &#8220;Kr\u010dku \u0161katulu&#8221; &#8211; kutiju koja nudi autohtone proizvode s otoka Krka.<\/p>\n<p>Na inicijativu Daniele Dr\u010dec, koja stoji iza ovog projekta, udru\u017eeno je \u0161est \u017eena i njihovih pet brandova koji su povezani s otokom Krkom, s ciljem kreiranja poklon paketa koji je ugodan svim osjetilima, ali i \u0161irenjem zanimljivih pri\u010da o otoku (pri\u010da o samoniklom bilju, mediteranskom bilju, gastronomiji, tradiciji i dr). Tri brenda od ukupno pet ve\u0107 ima oznaku &#8220;Dar iz Krka&#8221;, a jedan brend ima dodatno i oznaku &#8220;Hrvatski oto\u010dni proizvod&#8221;.<\/p>\n<p>Kr\u010dku \u0161katulu mogu\u0107e je naru\u010diti preko webshopa <a href=\"http:\/\/www.adorable.hr\">www.adorable.hr<\/a> i preuzeti na tri lokacije na otoku Krku (Malinska, Porat, Krk), a mo\u017ee biti poslana i dostavnom slu\u017ebom (GLS) u\u00a0 cijelu RH, ali i izvan nje. Tako\u0111er, cijeli projekt je zami\u0161ljen kao &#8220;custom made gift&#8221; , \u0161to zna\u010di da kupac mo\u017ee sam kreirati svoju \u0161katulu ovisno o budgetu kao i prigodi (welcome ili takeaway poklon za goste vila, apartmana, ku\u0107a za odmor, kampova, hotela, za djelatnike, poslovni poklon, poklon iz Hrvatske za razne delegacije, evente, vjen\u010danja, ro\u0111enja, zahvale i sl.).<\/p>\n<p>Podr\u017eimo na\u0161e male lokalne proizvo\u0111a\u010de i ponudimo na\u0161im gostima predivnu autohtonu uspomenu na boravak na otoku Krku.[\/vc_column_text][\/vc_column][\/vc_row][vc_row][vc_column][vc_gallery type=&#8221;image_grid&#8221; images=&#8221;36088,36089,36090,36091&#8243;][\/vc_column][\/vc_row]<\/p>\n","protected":false},"excerpt":{"rendered":"<p>[vc_row][vc_column][vc_column_text] Ovim putem \u017eelimo Vam predstaviti &#8220;Kr\u010dku \u0161katulu&#8221; &#8211; kutiju koja nudi autohtone proizvode s otoka Krka. Na inicijativu Daniele&#8230;<\/p>\n","protected":false},"author":2,"featured_media":36089,"comment_status":"closed","ping_status":"closed","sticky":false,"template":"","format":"standard","meta":{"footnotes":""},"categories":[1],"tags":[],"class_list":{"0":"post-36084","1":"post","2":"type-post","3":"status-publish","4":"format-standard","5":"has-post-thumbnail","7":"category-uncategorized"},"acf":[],"yoast_head":"<!-- This site is optimized with the Yoast SEO plugin v23.5 - https:\/\/yoast.com\/wordpress\/plugins\/seo\/ -->\n<title>KR\u010cKA \u0160KATULA - NOVI PROJEKT S OTOKA KRKA - TZO Malinska-Duba\u0161nica<\/title>\n<meta name=\"robots\" content=\"index, follow, max-snippet:-1, max-image-preview:large, max-video-preview:-1\" \/>\n<link rel=\"canonical\" href=\"https:\/\/www.visitmalinska.com\/krcka-skatula-novi-projekt-s-otoka-krka\/\" \/>\n<meta property=\"og:locale\" content=\"de_DE\" \/>\n<meta property=\"og:type\" content=\"article\" \/>\n<meta property=\"og:title\" content=\"KR\u010cKA \u0160KATULA - NOVI PROJEKT S OTOKA KRKA - TZO Malinska-Duba\u0161nica\" \/>\n<meta property=\"og:description\" content=\"[vc_row][vc_column][vc_column_text] Ovim putem \u017eelimo Vam predstaviti &#8220;Kr\u010dku \u0161katulu&#8221; &#8211; kutiju koja nudi autohtone proizvode s otoka Krka. Na inicijativu Daniele...\" \/>\n<meta property=\"og:url\" content=\"https:\/\/www.visitmalinska.com\/krcka-skatula-novi-projekt-s-otoka-krka\/\" \/>\n<meta property=\"og:site_name\" content=\"TZO Malinska-Duba\u0161nica\" \/>\n<meta property=\"article:publisher\" content=\"https:\/\/www.facebook.com\/Malinska.Island.Krk\/\" \/>\n<meta property=\"article:published_time\" content=\"2021-07-19T12:03:43+00:00\" \/>\n<meta property=\"article:modified_time\" content=\"2026-03-12T07:21:59+00:00\" \/>\n<meta property=\"og:image\" content=\"https:\/\/www.visitmalinska.com\/wp-content\/uploads\/2021\/07\/krcka-kosarica_2-4-of-4-002.jpg\" \/>\n\t<meta property=\"og:image:width\" content=\"1200\" \/>\n\t<meta property=\"og:image:height\" content=\"1600\" \/>\n\t<meta property=\"og:image:type\" content=\"image\/jpeg\" \/>\n<meta name=\"author\" content=\"malinska\" \/>\n<meta name=\"twitter:card\" content=\"summary_large_image\" \/>\n<meta name=\"twitter:label1\" content=\"Written by\" \/>\n\t<meta name=\"twitter:data1\" content=\"malinska\" \/>\n\t<meta name=\"twitter:label2\" content=\"Est. reading time\" \/>\n\t<meta name=\"twitter:data2\" content=\"1 minute\" \/>\n<script type=\"application\/ld+json\" class=\"yoast-schema-graph\">{\"@context\":\"https:\/\/schema.org\",\"@graph\":[{\"@type\":\"Article\",\"@id\":\"https:\/\/www.visitmalinska.com\/krcka-skatula-novi-projekt-s-otoka-krka\/#article\",\"isPartOf\":{\"@id\":\"https:\/\/www.visitmalinska.com\/krcka-skatula-novi-projekt-s-otoka-krka\/\"},\"author\":{\"name\":\"malinska\",\"@id\":\"https:\/\/www.visitmalinska.com\/#\/schema\/person\/b9c1147dfe2084b3a08365febf5f5220\"},\"headline\":\"KR\u010cKA \u0160KATULA &#8211; NOVI PROJEKT S OTOKA KRKA\",\"datePublished\":\"2021-07-19T12:03:43+00:00\",\"dateModified\":\"2026-03-12T07:21:59+00:00\",\"mainEntityOfPage\":{\"@id\":\"https:\/\/www.visitmalinska.com\/krcka-skatula-novi-projekt-s-otoka-krka\/\"},\"wordCount\":253,\"publisher\":{\"@id\":\"https:\/\/www.visitmalinska.com\/#organization\"},\"image\":{\"@id\":\"https:\/\/www.visitmalinska.com\/krcka-skatula-novi-projekt-s-otoka-krka\/#primaryimage\"},\"thumbnailUrl\":\"https:\/\/www.visitmalinska.com\/wp-content\/uploads\/2021\/07\/krcka-kosarica_2-4-of-4-002.jpg\",\"inLanguage\":\"de-DE\"},{\"@type\":\"WebPage\",\"@id\":\"https:\/\/www.visitmalinska.com\/krcka-skatula-novi-projekt-s-otoka-krka\/\",\"url\":\"https:\/\/www.visitmalinska.com\/krcka-skatula-novi-projekt-s-otoka-krka\/\",\"name\":\"KR\u010cKA \u0160KATULA - NOVI PROJEKT S OTOKA KRKA - TZO Malinska-Duba\u0161nica\",\"isPartOf\":{\"@id\":\"https:\/\/www.visitmalinska.com\/#website\"},\"primaryImageOfPage\":{\"@id\":\"https:\/\/www.visitmalinska.com\/krcka-skatula-novi-projekt-s-otoka-krka\/#primaryimage\"},\"image\":{\"@id\":\"https:\/\/www.visitmalinska.com\/krcka-skatula-novi-projekt-s-otoka-krka\/#primaryimage\"},\"thumbnailUrl\":\"https:\/\/www.visitmalinska.com\/wp-content\/uploads\/2021\/07\/krcka-kosarica_2-4-of-4-002.jpg\",\"datePublished\":\"2021-07-19T12:03:43+00:00\",\"dateModified\":\"2026-03-12T07:21:59+00:00\",\"breadcrumb\":{\"@id\":\"https:\/\/www.visitmalinska.com\/krcka-skatula-novi-projekt-s-otoka-krka\/#breadcrumb\"},\"inLanguage\":\"de-DE\",\"potentialAction\":[{\"@type\":\"ReadAction\",\"target\":[\"https:\/\/www.visitmalinska.com\/krcka-skatula-novi-projekt-s-otoka-krka\/\"]}]},{\"@type\":\"ImageObject\",\"inLanguage\":\"de-DE\",\"@id\":\"https:\/\/www.visitmalinska.com\/krcka-skatula-novi-projekt-s-otoka-krka\/#primaryimage\",\"url\":\"https:\/\/www.visitmalinska.com\/wp-content\/uploads\/2021\/07\/krcka-kosarica_2-4-of-4-002.jpg\",\"contentUrl\":\"https:\/\/www.visitmalinska.com\/wp-content\/uploads\/2021\/07\/krcka-kosarica_2-4-of-4-002.jpg\",\"width\":1200,\"height\":1600},{\"@type\":\"BreadcrumbList\",\"@id\":\"https:\/\/www.visitmalinska.com\/krcka-skatula-novi-projekt-s-otoka-krka\/#breadcrumb\",\"itemListElement\":[{\"@type\":\"ListItem\",\"position\":1,\"name\":\"Po\u010detna stranica\",\"item\":\"https:\/\/www.visitmalinska.com\/\"},{\"@type\":\"ListItem\",\"position\":2,\"name\":\"KR\u010cKA \u0160KATULA &#8211; NOVI PROJEKT S OTOKA KRKA\"}]},{\"@type\":\"WebSite\",\"@id\":\"https:\/\/www.visitmalinska.com\/#website\",\"url\":\"https:\/\/www.visitmalinska.com\/\",\"name\":\"TZO Malinska-Duba\u0161nica\",\"description\":\"\",\"publisher\":{\"@id\":\"https:\/\/www.visitmalinska.com\/#organization\"},\"potentialAction\":[{\"@type\":\"SearchAction\",\"target\":{\"@type\":\"EntryPoint\",\"urlTemplate\":\"https:\/\/www.visitmalinska.com\/?s={search_term_string}\"},\"query-input\":{\"@type\":\"PropertyValueSpecification\",\"valueRequired\":true,\"valueName\":\"search_term_string\"}}],\"inLanguage\":\"de-DE\"},{\"@type\":\"Organization\",\"@id\":\"https:\/\/www.visitmalinska.com\/#organization\",\"name\":\"TZO Malinska - Duba\u0161nica\",\"url\":\"https:\/\/www.visitmalinska.com\/\",\"logo\":{\"@type\":\"ImageObject\",\"inLanguage\":\"de-DE\",\"@id\":\"https:\/\/www.visitmalinska.com\/#\/schema\/logo\/image\/\",\"url\":\"https:\/\/www.visitmalinska.com\/wp-content\/uploads\/2019\/03\/malinska-logo-240.png\",\"contentUrl\":\"https:\/\/www.visitmalinska.com\/wp-content\/uploads\/2019\/03\/malinska-logo-240.png\",\"width\":1188,\"height\":241,\"caption\":\"TZO Malinska - Duba\u0161nica\"},\"image\":{\"@id\":\"https:\/\/www.visitmalinska.com\/#\/schema\/logo\/image\/\"},\"sameAs\":[\"https:\/\/www.facebook.com\/Malinska.Island.Krk\/\",\"https:\/\/www.instagram.com\/visitmalinska\/\"]},{\"@type\":\"Person\",\"@id\":\"https:\/\/www.visitmalinska.com\/#\/schema\/person\/b9c1147dfe2084b3a08365febf5f5220\",\"name\":\"malinska\",\"image\":{\"@type\":\"ImageObject\",\"inLanguage\":\"de-DE\",\"@id\":\"https:\/\/www.visitmalinska.com\/#\/schema\/person\/image\/\",\"url\":\"https:\/\/secure.gravatar.com\/avatar\/ac515a9cf3cc312df7b828fd8023a34546d60e401ca285ebf9d6ffa994fe93c7?s=96&d=mm&r=g\",\"contentUrl\":\"https:\/\/secure.gravatar.com\/avatar\/ac515a9cf3cc312df7b828fd8023a34546d60e401ca285ebf9d6ffa994fe93c7?s=96&d=mm&r=g\",\"caption\":\"malinska\"},\"url\":\"https:\/\/www.visitmalinska.com\/de\/author\/malinska\/\"}]}<\/script>\n<!-- \/ Yoast SEO plugin. -->","yoast_head_json":{"title":"KR\u010cKA \u0160KATULA - NOVI PROJEKT S OTOKA KRKA - TZO Malinska-Duba\u0161nica","robots":{"index":"index","follow":"follow","max-snippet":"max-snippet:-1","max-image-preview":"max-image-preview:large","max-video-preview":"max-video-preview:-1"},"canonical":"https:\/\/www.visitmalinska.com\/krcka-skatula-novi-projekt-s-otoka-krka\/","og_locale":"de_DE","og_type":"article","og_title":"KR\u010cKA \u0160KATULA - NOVI PROJEKT S OTOKA KRKA - TZO Malinska-Duba\u0161nica","og_description":"[vc_row][vc_column][vc_column_text] Ovim putem \u017eelimo Vam predstaviti &#8220;Kr\u010dku \u0161katulu&#8221; &#8211; kutiju koja nudi autohtone proizvode s otoka Krka. Na inicijativu Daniele...","og_url":"https:\/\/www.visitmalinska.com\/krcka-skatula-novi-projekt-s-otoka-krka\/","og_site_name":"TZO Malinska-Duba\u0161nica","article_publisher":"https:\/\/www.facebook.com\/Malinska.Island.Krk\/","article_published_time":"2021-07-19T12:03:43+00:00","article_modified_time":"2026-03-12T07:21:59+00:00","og_image":[{"width":1200,"height":1600,"url":"https:\/\/www.visitmalinska.com\/wp-content\/uploads\/2021\/07\/krcka-kosarica_2-4-of-4-002.jpg","type":"image\/jpeg"}],"author":"malinska","twitter_card":"summary_large_image","twitter_misc":{"Written by":"malinska","Est. reading time":"1 minute"},"schema":{"@context":"https:\/\/schema.org","@graph":[{"@type":"Article","@id":"https:\/\/www.visitmalinska.com\/krcka-skatula-novi-projekt-s-otoka-krka\/#article","isPartOf":{"@id":"https:\/\/www.visitmalinska.com\/krcka-skatula-novi-projekt-s-otoka-krka\/"},"author":{"name":"malinska","@id":"https:\/\/www.visitmalinska.com\/#\/schema\/person\/b9c1147dfe2084b3a08365febf5f5220"},"headline":"KR\u010cKA \u0160KATULA &#8211; NOVI PROJEKT S OTOKA KRKA","datePublished":"2021-07-19T12:03:43+00:00","dateModified":"2026-03-12T07:21:59+00:00","mainEntityOfPage":{"@id":"https:\/\/www.visitmalinska.com\/krcka-skatula-novi-projekt-s-otoka-krka\/"},"wordCount":253,"publisher":{"@id":"https:\/\/www.visitmalinska.com\/#organization"},"image":{"@id":"https:\/\/www.visitmalinska.com\/krcka-skatula-novi-projekt-s-otoka-krka\/#primaryimage"},"thumbnailUrl":"https:\/\/www.visitmalinska.com\/wp-content\/uploads\/2021\/07\/krcka-kosarica_2-4-of-4-002.jpg","inLanguage":"de-DE"},{"@type":"WebPage","@id":"https:\/\/www.visitmalinska.com\/krcka-skatula-novi-projekt-s-otoka-krka\/","url":"https:\/\/www.visitmalinska.com\/krcka-skatula-novi-projekt-s-otoka-krka\/","name":"KR\u010cKA \u0160KATULA - NOVI PROJEKT S OTOKA KRKA - TZO Malinska-Duba\u0161nica","isPartOf":{"@id":"https:\/\/www.visitmalinska.com\/#website"},"primaryImageOfPage":{"@id":"https:\/\/www.visitmalinska.com\/krcka-skatula-novi-projekt-s-otoka-krka\/#primaryimage"},"image":{"@id":"https:\/\/www.visitmalinska.com\/krcka-skatula-novi-projekt-s-otoka-krka\/#primaryimage"},"thumbnailUrl":"https:\/\/www.visitmalinska.com\/wp-content\/uploads\/2021\/07\/krcka-kosarica_2-4-of-4-002.jpg","datePublished":"2021-07-19T12:03:43+00:00","dateModified":"2026-03-12T07:21:59+00:00","breadcrumb":{"@id":"https:\/\/www.visitmalinska.com\/krcka-skatula-novi-projekt-s-otoka-krka\/#breadcrumb"},"inLanguage":"de-DE","potentialAction":[{"@type":"ReadAction","target":["https:\/\/www.visitmalinska.com\/krcka-skatula-novi-projekt-s-otoka-krka\/"]}]},{"@type":"ImageObject","inLanguage":"de-DE","@id":"https:\/\/www.visitmalinska.com\/krcka-skatula-novi-projekt-s-otoka-krka\/#primaryimage","url":"https:\/\/www.visitmalinska.com\/wp-content\/uploads\/2021\/07\/krcka-kosarica_2-4-of-4-002.jpg","contentUrl":"https:\/\/www.visitmalinska.com\/wp-content\/uploads\/2021\/07\/krcka-kosarica_2-4-of-4-002.jpg","width":1200,"height":1600},{"@type":"BreadcrumbList","@id":"https:\/\/www.visitmalinska.com\/krcka-skatula-novi-projekt-s-otoka-krka\/#breadcrumb","itemListElement":[{"@type":"ListItem","position":1,"name":"Po\u010detna stranica","item":"https:\/\/www.visitmalinska.com\/"},{"@type":"ListItem","position":2,"name":"KR\u010cKA \u0160KATULA &#8211; NOVI PROJEKT S OTOKA KRKA"}]},{"@type":"WebSite","@id":"https:\/\/www.visitmalinska.com\/#website","url":"https:\/\/www.visitmalinska.com\/","name":"TZO Malinska-Duba\u0161nica","description":"","publisher":{"@id":"https:\/\/www.visitmalinska.com\/#organization"},"potentialAction":[{"@type":"SearchAction","target":{"@type":"EntryPoint","urlTemplate":"https:\/\/www.visitmalinska.com\/?s={search_term_string}"},"query-input":{"@type":"PropertyValueSpecification","valueRequired":true,"valueName":"search_term_string"}}],"inLanguage":"de-DE"},{"@type":"Organization","@id":"https:\/\/www.visitmalinska.com\/#organization","name":"TZO Malinska - Duba\u0161nica","url":"https:\/\/www.visitmalinska.com\/","logo":{"@type":"ImageObject","inLanguage":"de-DE","@id":"https:\/\/www.visitmalinska.com\/#\/schema\/logo\/image\/","url":"https:\/\/www.visitmalinska.com\/wp-content\/uploads\/2019\/03\/malinska-logo-240.png","contentUrl":"https:\/\/www.visitmalinska.com\/wp-content\/uploads\/2019\/03\/malinska-logo-240.png","width":1188,"height":241,"caption":"TZO Malinska - Duba\u0161nica"},"image":{"@id":"https:\/\/www.visitmalinska.com\/#\/schema\/logo\/image\/"},"sameAs":["https:\/\/www.facebook.com\/Malinska.Island.Krk\/","https:\/\/www.instagram.com\/visitmalinska\/"]},{"@type":"Person","@id":"https:\/\/www.visitmalinska.com\/#\/schema\/person\/b9c1147dfe2084b3a08365febf5f5220","name":"malinska","image":{"@type":"ImageObject","inLanguage":"de-DE","@id":"https:\/\/www.visitmalinska.com\/#\/schema\/person\/image\/","url":"https:\/\/secure.gravatar.com\/avatar\/ac515a9cf3cc312df7b828fd8023a34546d60e401ca285ebf9d6ffa994fe93c7?s=96&d=mm&r=g","contentUrl":"https:\/\/secure.gravatar.com\/avatar\/ac515a9cf3cc312df7b828fd8023a34546d60e401ca285ebf9d6ffa994fe93c7?s=96&d=mm&r=g","caption":"malinska"},"url":"https:\/\/www.visitmalinska.com\/de\/author\/malinska\/"}]}},"_links":{"self":[{"href":"https:\/\/www.visitmalinska.com\/de\/wp-json\/wp\/v2\/posts\/36084","targetHints":{"allow":["GET"]}}],"collection":[{"href":"https:\/\/www.visitmalinska.com\/de\/wp-json\/wp\/v2\/posts"}],"about":[{"href":"https:\/\/www.visitmalinska.com\/de\/wp-json\/wp\/v2\/types\/post"}],"author":[{"embeddable":true,"href":"https:\/\/www.visitmalinska.com\/de\/wp-json\/wp\/v2\/users\/2"}],"replies":[{"embeddable":true,"href":"https:\/\/www.visitmalinska.com\/de\/wp-json\/wp\/v2\/comments?post=36084"}],"version-history":[{"count":4,"href":"https:\/\/www.visitmalinska.com\/de\/wp-json\/wp\/v2\/posts\/36084\/revisions"}],"predecessor-version":[{"id":36087,"href":"https:\/\/www.visitmalinska.com\/de\/wp-json\/wp\/v2\/posts\/36084\/revisions\/36087"}],"wp:featuredmedia":[{"embeddable":true,"href":"https:\/\/www.visitmalinska.com\/de\/wp-json\/wp\/v2\/media\/36089"}],"wp:attachment":[{"href":"https:\/\/www.visitmalinska.com\/de\/wp-json\/wp\/v2\/media?parent=36084"}],"wp:term":[{"taxonomy":"category","embeddable":true,"href":"https:\/\/www.visitmalinska.com\/de\/wp-json\/wp\/v2\/categories?post=36084"},{"taxonomy":"post_tag","embeddable":true,"href":"https:\/\/www.visitmalinska.com\/de\/wp-json\/wp\/v2\/tags?post=36084"}],"curies":[{"name":"wp","href":"https:\/\/api.w.org\/{rel}","templated":true}]}}