{"id":33697,"date":"2020-03-20T15:22:04","date_gmt":"2020-03-20T13:22:04","guid":{"rendered":"https:\/\/www.visitmalinska.com\/?p=33697"},"modified":"2026-03-12T09:33:56","modified_gmt":"2026-03-12T07:33:56","slug":"obrazlozenje-ministarstva-turizma-o-mjerama-rada-smjestajnih-objekata","status":"publish","type":"post","link":"https:\/\/www.visitmalinska.com\/de\/obrazlozenje-ministarstva-turizma-o-mjerama-rada-smjestajnih-objekata\/","title":{"rendered":"Obrazlo\u017eenje Ministarstva turizma o mjerama rada smje\u0161tajnih objekata"},"content":{"rendered":"<p><img loading=\"lazy\" decoding=\"async\" class=\"aligncenter wp-image-33698 size-full\" title=\"responsive\" src=\"https:\/\/www.visitmalinska.com\/wp-content\/uploads\/2020\/03\/MINT_Obrazlo\u017eenje-Odluke-o-mjerama-ograni\u010davanja-dru\u0161tvenih-okupljanja-rada-u-trgovini-uslu\u017enih-djelatnosti-i-odr\u017eavanja-sportskih-i-kulturnih-doga\u0111_page-0001.jpg\" alt=\"\" width=\"1275\" height=\"1650\" srcset=\"https:\/\/www.visitmalinska.com\/wp-content\/uploads\/2020\/03\/MINT_Obrazlo\u017eenje-Odluke-o-mjerama-ograni\u010davanja-dru\u0161tvenih-okupljanja-rada-u-trgovini-uslu\u017enih-djelatnosti-i-odr\u017eavanja-sportskih-i-kulturnih-doga\u0111_page-0001.jpg 1275w, https:\/\/www.visitmalinska.com\/wp-content\/uploads\/2020\/03\/MINT_Obrazlo\u017eenje-Odluke-o-mjerama-ograni\u010davanja-dru\u0161tvenih-okupljanja-rada-u-trgovini-uslu\u017enih-djelatnosti-i-odr\u017eavanja-sportskih-i-kulturnih-doga\u0111_page-0001-232x300.jpg 232w, https:\/\/www.visitmalinska.com\/wp-content\/uploads\/2020\/03\/MINT_Obrazlo\u017eenje-Odluke-o-mjerama-ograni\u010davanja-dru\u0161tvenih-okupljanja-rada-u-trgovini-uslu\u017enih-djelatnosti-i-odr\u017eavanja-sportskih-i-kulturnih-doga\u0111_page-0001-768x994.jpg 768w, https:\/\/www.visitmalinska.com\/wp-content\/uploads\/2020\/03\/MINT_Obrazlo\u017eenje-Odluke-o-mjerama-ograni\u010davanja-dru\u0161tvenih-okupljanja-rada-u-trgovini-uslu\u017enih-djelatnosti-i-odr\u017eavanja-sportskih-i-kulturnih-doga\u0111_page-0001-791x1024.jpg 791w\" sizes=\"auto, (max-width: 1275px) 100vw, 1275px\" \/><\/p>\n","protected":false},"excerpt":{"rendered":"","protected":false},"author":2,"featured_media":33473,"comment_status":"closed","ping_status":"closed","sticky":false,"template":"","format":"standard","meta":{"footnotes":""},"categories":[1],"tags":[],"class_list":{"0":"post-33697","1":"post","2":"type-post","3":"status-publish","4":"format-standard","5":"has-post-thumbnail","7":"category-uncategorized"},"acf":[],"yoast_head":"<!-- This site is optimized with the Yoast SEO plugin v23.5 - https:\/\/yoast.com\/wordpress\/plugins\/seo\/ -->\n<title>Obrazlo\u017eenje Ministarstva turizma o mjerama rada smje\u0161tajnih objekata - TZO Malinska-Duba\u0161nica<\/title>\n<meta name=\"robots\" content=\"index, follow, max-snippet:-1, max-image-preview:large, max-video-preview:-1\" \/>\n<link rel=\"canonical\" href=\"https:\/\/www.visitmalinska.com\/obrazlozenje-ministarstva-turizma-o-mjerama-rada-smjestajnih-objekata\/\" \/>\n<meta property=\"og:locale\" content=\"de_DE\" \/>\n<meta property=\"og:type\" content=\"article\" \/>\n<meta property=\"og:title\" content=\"Obrazlo\u017eenje Ministarstva turizma o mjerama rada smje\u0161tajnih objekata - TZO Malinska-Duba\u0161nica\" \/>\n<meta property=\"og:url\" content=\"https:\/\/www.visitmalinska.com\/obrazlozenje-ministarstva-turizma-o-mjerama-rada-smjestajnih-objekata\/\" \/>\n<meta property=\"og:site_name\" content=\"TZO Malinska-Duba\u0161nica\" \/>\n<meta property=\"article:publisher\" content=\"https:\/\/www.facebook.com\/Malinska.Island.Krk\/\" \/>\n<meta property=\"article:published_time\" content=\"2020-03-20T13:22:04+00:00\" \/>\n<meta property=\"article:modified_time\" content=\"2026-03-12T07:33:56+00:00\" \/>\n<meta property=\"og:image\" content=\"https:\/\/www.visitmalinska.com\/wp-content\/uploads\/2020\/01\/index.jpg\" \/>\n\t<meta property=\"og:image:width\" content=\"225\" \/>\n\t<meta property=\"og:image:height\" content=\"225\" \/>\n\t<meta property=\"og:image:type\" content=\"image\/jpeg\" \/>\n<meta name=\"author\" content=\"malinska\" \/>\n<meta name=\"twitter:card\" content=\"summary_large_image\" \/>\n<meta name=\"twitter:label1\" content=\"Written by\" \/>\n\t<meta name=\"twitter:data1\" content=\"malinska\" \/>\n<script type=\"application\/ld+json\" class=\"yoast-schema-graph\">{\"@context\":\"https:\/\/schema.org\",\"@graph\":[{\"@type\":\"Article\",\"@id\":\"https:\/\/www.visitmalinska.com\/obrazlozenje-ministarstva-turizma-o-mjerama-rada-smjestajnih-objekata\/#article\",\"isPartOf\":{\"@id\":\"https:\/\/www.visitmalinska.com\/obrazlozenje-ministarstva-turizma-o-mjerama-rada-smjestajnih-objekata\/\"},\"author\":{\"name\":\"malinska\",\"@id\":\"https:\/\/www.visitmalinska.com\/#\/schema\/person\/b9c1147dfe2084b3a08365febf5f5220\"},\"headline\":\"Obrazlo\u017eenje Ministarstva turizma o mjerama rada smje\u0161tajnih objekata\",\"datePublished\":\"2020-03-20T13:22:04+00:00\",\"dateModified\":\"2026-03-12T07:33:56+00:00\",\"mainEntityOfPage\":{\"@id\":\"https:\/\/www.visitmalinska.com\/obrazlozenje-ministarstva-turizma-o-mjerama-rada-smjestajnih-objekata\/\"},\"wordCount\":10,\"publisher\":{\"@id\":\"https:\/\/www.visitmalinska.com\/#organization\"},\"image\":{\"@id\":\"https:\/\/www.visitmalinska.com\/obrazlozenje-ministarstva-turizma-o-mjerama-rada-smjestajnih-objekata\/#primaryimage\"},\"thumbnailUrl\":\"https:\/\/www.visitmalinska.com\/wp-content\/uploads\/2020\/01\/index.jpg\",\"inLanguage\":\"de-DE\"},{\"@type\":\"WebPage\",\"@id\":\"https:\/\/www.visitmalinska.com\/obrazlozenje-ministarstva-turizma-o-mjerama-rada-smjestajnih-objekata\/\",\"url\":\"https:\/\/www.visitmalinska.com\/obrazlozenje-ministarstva-turizma-o-mjerama-rada-smjestajnih-objekata\/\",\"name\":\"Obrazlo\u017eenje Ministarstva turizma o mjerama rada smje\u0161tajnih objekata - TZO Malinska-Duba\u0161nica\",\"isPartOf\":{\"@id\":\"https:\/\/www.visitmalinska.com\/#website\"},\"primaryImageOfPage\":{\"@id\":\"https:\/\/www.visitmalinska.com\/obrazlozenje-ministarstva-turizma-o-mjerama-rada-smjestajnih-objekata\/#primaryimage\"},\"image\":{\"@id\":\"https:\/\/www.visitmalinska.com\/obrazlozenje-ministarstva-turizma-o-mjerama-rada-smjestajnih-objekata\/#primaryimage\"},\"thumbnailUrl\":\"https:\/\/www.visitmalinska.com\/wp-content\/uploads\/2020\/01\/index.jpg\",\"datePublished\":\"2020-03-20T13:22:04+00:00\",\"dateModified\":\"2026-03-12T07:33:56+00:00\",\"breadcrumb\":{\"@id\":\"https:\/\/www.visitmalinska.com\/obrazlozenje-ministarstva-turizma-o-mjerama-rada-smjestajnih-objekata\/#breadcrumb\"},\"inLanguage\":\"de-DE\",\"potentialAction\":[{\"@type\":\"ReadAction\",\"target\":[\"https:\/\/www.visitmalinska.com\/obrazlozenje-ministarstva-turizma-o-mjerama-rada-smjestajnih-objekata\/\"]}]},{\"@type\":\"ImageObject\",\"inLanguage\":\"de-DE\",\"@id\":\"https:\/\/www.visitmalinska.com\/obrazlozenje-ministarstva-turizma-o-mjerama-rada-smjestajnih-objekata\/#primaryimage\",\"url\":\"https:\/\/www.visitmalinska.com\/wp-content\/uploads\/2020\/01\/index.jpg\",\"contentUrl\":\"https:\/\/www.visitmalinska.com\/wp-content\/uploads\/2020\/01\/index.jpg\",\"width\":225,\"height\":225},{\"@type\":\"BreadcrumbList\",\"@id\":\"https:\/\/www.visitmalinska.com\/obrazlozenje-ministarstva-turizma-o-mjerama-rada-smjestajnih-objekata\/#breadcrumb\",\"itemListElement\":[{\"@type\":\"ListItem\",\"position\":1,\"name\":\"Po\u010detna stranica\",\"item\":\"https:\/\/www.visitmalinska.com\/\"},{\"@type\":\"ListItem\",\"position\":2,\"name\":\"Obrazlo\u017eenje Ministarstva turizma o mjerama rada smje\u0161tajnih objekata\"}]},{\"@type\":\"WebSite\",\"@id\":\"https:\/\/www.visitmalinska.com\/#website\",\"url\":\"https:\/\/www.visitmalinska.com\/\",\"name\":\"TZO Malinska-Duba\u0161nica\",\"description\":\"\",\"publisher\":{\"@id\":\"https:\/\/www.visitmalinska.com\/#organization\"},\"potentialAction\":[{\"@type\":\"SearchAction\",\"target\":{\"@type\":\"EntryPoint\",\"urlTemplate\":\"https:\/\/www.visitmalinska.com\/?s={search_term_string}\"},\"query-input\":{\"@type\":\"PropertyValueSpecification\",\"valueRequired\":true,\"valueName\":\"search_term_string\"}}],\"inLanguage\":\"de-DE\"},{\"@type\":\"Organization\",\"@id\":\"https:\/\/www.visitmalinska.com\/#organization\",\"name\":\"TZO Malinska - Duba\u0161nica\",\"url\":\"https:\/\/www.visitmalinska.com\/\",\"logo\":{\"@type\":\"ImageObject\",\"inLanguage\":\"de-DE\",\"@id\":\"https:\/\/www.visitmalinska.com\/#\/schema\/logo\/image\/\",\"url\":\"https:\/\/www.visitmalinska.com\/wp-content\/uploads\/2019\/03\/malinska-logo-240.png\",\"contentUrl\":\"https:\/\/www.visitmalinska.com\/wp-content\/uploads\/2019\/03\/malinska-logo-240.png\",\"width\":1188,\"height\":241,\"caption\":\"TZO Malinska - Duba\u0161nica\"},\"image\":{\"@id\":\"https:\/\/www.visitmalinska.com\/#\/schema\/logo\/image\/\"},\"sameAs\":[\"https:\/\/www.facebook.com\/Malinska.Island.Krk\/\",\"https:\/\/www.instagram.com\/visitmalinska\/\"]},{\"@type\":\"Person\",\"@id\":\"https:\/\/www.visitmalinska.com\/#\/schema\/person\/b9c1147dfe2084b3a08365febf5f5220\",\"name\":\"malinska\",\"image\":{\"@type\":\"ImageObject\",\"inLanguage\":\"de-DE\",\"@id\":\"https:\/\/www.visitmalinska.com\/#\/schema\/person\/image\/\",\"url\":\"https:\/\/secure.gravatar.com\/avatar\/ac515a9cf3cc312df7b828fd8023a34546d60e401ca285ebf9d6ffa994fe93c7?s=96&d=mm&r=g\",\"contentUrl\":\"https:\/\/secure.gravatar.com\/avatar\/ac515a9cf3cc312df7b828fd8023a34546d60e401ca285ebf9d6ffa994fe93c7?s=96&d=mm&r=g\",\"caption\":\"malinska\"},\"url\":\"https:\/\/www.visitmalinska.com\/de\/author\/malinska\/\"}]}<\/script>\n<!-- \/ Yoast SEO plugin. -->","yoast_head_json":{"title":"Obrazlo\u017eenje Ministarstva turizma o mjerama rada smje\u0161tajnih objekata - TZO Malinska-Duba\u0161nica","robots":{"index":"index","follow":"follow","max-snippet":"max-snippet:-1","max-image-preview":"max-image-preview:large","max-video-preview":"max-video-preview:-1"},"canonical":"https:\/\/www.visitmalinska.com\/obrazlozenje-ministarstva-turizma-o-mjerama-rada-smjestajnih-objekata\/","og_locale":"de_DE","og_type":"article","og_title":"Obrazlo\u017eenje Ministarstva turizma o mjerama rada smje\u0161tajnih objekata - TZO Malinska-Duba\u0161nica","og_url":"https:\/\/www.visitmalinska.com\/obrazlozenje-ministarstva-turizma-o-mjerama-rada-smjestajnih-objekata\/","og_site_name":"TZO Malinska-Duba\u0161nica","article_publisher":"https:\/\/www.facebook.com\/Malinska.Island.Krk\/","article_published_time":"2020-03-20T13:22:04+00:00","article_modified_time":"2026-03-12T07:33:56+00:00","og_image":[{"width":225,"height":225,"url":"https:\/\/www.visitmalinska.com\/wp-content\/uploads\/2020\/01\/index.jpg","type":"image\/jpeg"}],"author":"malinska","twitter_card":"summary_large_image","twitter_misc":{"Written by":"malinska"},"schema":{"@context":"https:\/\/schema.org","@graph":[{"@type":"Article","@id":"https:\/\/www.visitmalinska.com\/obrazlozenje-ministarstva-turizma-o-mjerama-rada-smjestajnih-objekata\/#article","isPartOf":{"@id":"https:\/\/www.visitmalinska.com\/obrazlozenje-ministarstva-turizma-o-mjerama-rada-smjestajnih-objekata\/"},"author":{"name":"malinska","@id":"https:\/\/www.visitmalinska.com\/#\/schema\/person\/b9c1147dfe2084b3a08365febf5f5220"},"headline":"Obrazlo\u017eenje Ministarstva turizma o mjerama rada smje\u0161tajnih objekata","datePublished":"2020-03-20T13:22:04+00:00","dateModified":"2026-03-12T07:33:56+00:00","mainEntityOfPage":{"@id":"https:\/\/www.visitmalinska.com\/obrazlozenje-ministarstva-turizma-o-mjerama-rada-smjestajnih-objekata\/"},"wordCount":10,"publisher":{"@id":"https:\/\/www.visitmalinska.com\/#organization"},"image":{"@id":"https:\/\/www.visitmalinska.com\/obrazlozenje-ministarstva-turizma-o-mjerama-rada-smjestajnih-objekata\/#primaryimage"},"thumbnailUrl":"https:\/\/www.visitmalinska.com\/wp-content\/uploads\/2020\/01\/index.jpg","inLanguage":"de-DE"},{"@type":"WebPage","@id":"https:\/\/www.visitmalinska.com\/obrazlozenje-ministarstva-turizma-o-mjerama-rada-smjestajnih-objekata\/","url":"https:\/\/www.visitmalinska.com\/obrazlozenje-ministarstva-turizma-o-mjerama-rada-smjestajnih-objekata\/","name":"Obrazlo\u017eenje Ministarstva turizma o mjerama rada smje\u0161tajnih objekata - TZO Malinska-Duba\u0161nica","isPartOf":{"@id":"https:\/\/www.visitmalinska.com\/#website"},"primaryImageOfPage":{"@id":"https:\/\/www.visitmalinska.com\/obrazlozenje-ministarstva-turizma-o-mjerama-rada-smjestajnih-objekata\/#primaryimage"},"image":{"@id":"https:\/\/www.visitmalinska.com\/obrazlozenje-ministarstva-turizma-o-mjerama-rada-smjestajnih-objekata\/#primaryimage"},"thumbnailUrl":"https:\/\/www.visitmalinska.com\/wp-content\/uploads\/2020\/01\/index.jpg","datePublished":"2020-03-20T13:22:04+00:00","dateModified":"2026-03-12T07:33:56+00:00","breadcrumb":{"@id":"https:\/\/www.visitmalinska.com\/obrazlozenje-ministarstva-turizma-o-mjerama-rada-smjestajnih-objekata\/#breadcrumb"},"inLanguage":"de-DE","potentialAction":[{"@type":"ReadAction","target":["https:\/\/www.visitmalinska.com\/obrazlozenje-ministarstva-turizma-o-mjerama-rada-smjestajnih-objekata\/"]}]},{"@type":"ImageObject","inLanguage":"de-DE","@id":"https:\/\/www.visitmalinska.com\/obrazlozenje-ministarstva-turizma-o-mjerama-rada-smjestajnih-objekata\/#primaryimage","url":"https:\/\/www.visitmalinska.com\/wp-content\/uploads\/2020\/01\/index.jpg","contentUrl":"https:\/\/www.visitmalinska.com\/wp-content\/uploads\/2020\/01\/index.jpg","width":225,"height":225},{"@type":"BreadcrumbList","@id":"https:\/\/www.visitmalinska.com\/obrazlozenje-ministarstva-turizma-o-mjerama-rada-smjestajnih-objekata\/#breadcrumb","itemListElement":[{"@type":"ListItem","position":1,"name":"Po\u010detna stranica","item":"https:\/\/www.visitmalinska.com\/"},{"@type":"ListItem","position":2,"name":"Obrazlo\u017eenje Ministarstva turizma o mjerama rada smje\u0161tajnih objekata"}]},{"@type":"WebSite","@id":"https:\/\/www.visitmalinska.com\/#website","url":"https:\/\/www.visitmalinska.com\/","name":"TZO Malinska-Duba\u0161nica","description":"","publisher":{"@id":"https:\/\/www.visitmalinska.com\/#organization"},"potentialAction":[{"@type":"SearchAction","target":{"@type":"EntryPoint","urlTemplate":"https:\/\/www.visitmalinska.com\/?s={search_term_string}"},"query-input":{"@type":"PropertyValueSpecification","valueRequired":true,"valueName":"search_term_string"}}],"inLanguage":"de-DE"},{"@type":"Organization","@id":"https:\/\/www.visitmalinska.com\/#organization","name":"TZO Malinska - Duba\u0161nica","url":"https:\/\/www.visitmalinska.com\/","logo":{"@type":"ImageObject","inLanguage":"de-DE","@id":"https:\/\/www.visitmalinska.com\/#\/schema\/logo\/image\/","url":"https:\/\/www.visitmalinska.com\/wp-content\/uploads\/2019\/03\/malinska-logo-240.png","contentUrl":"https:\/\/www.visitmalinska.com\/wp-content\/uploads\/2019\/03\/malinska-logo-240.png","width":1188,"height":241,"caption":"TZO Malinska - Duba\u0161nica"},"image":{"@id":"https:\/\/www.visitmalinska.com\/#\/schema\/logo\/image\/"},"sameAs":["https:\/\/www.facebook.com\/Malinska.Island.Krk\/","https:\/\/www.instagram.com\/visitmalinska\/"]},{"@type":"Person","@id":"https:\/\/www.visitmalinska.com\/#\/schema\/person\/b9c1147dfe2084b3a08365febf5f5220","name":"malinska","image":{"@type":"ImageObject","inLanguage":"de-DE","@id":"https:\/\/www.visitmalinska.com\/#\/schema\/person\/image\/","url":"https:\/\/secure.gravatar.com\/avatar\/ac515a9cf3cc312df7b828fd8023a34546d60e401ca285ebf9d6ffa994fe93c7?s=96&d=mm&r=g","contentUrl":"https:\/\/secure.gravatar.com\/avatar\/ac515a9cf3cc312df7b828fd8023a34546d60e401ca285ebf9d6ffa994fe93c7?s=96&d=mm&r=g","caption":"malinska"},"url":"https:\/\/www.visitmalinska.com\/de\/author\/malinska\/"}]}},"_links":{"self":[{"href":"https:\/\/www.visitmalinska.com\/de\/wp-json\/wp\/v2\/posts\/33697","targetHints":{"allow":["GET"]}}],"collection":[{"href":"https:\/\/www.visitmalinska.com\/de\/wp-json\/wp\/v2\/posts"}],"about":[{"href":"https:\/\/www.visitmalinska.com\/de\/wp-json\/wp\/v2\/types\/post"}],"author":[{"embeddable":true,"href":"https:\/\/www.visitmalinska.com\/de\/wp-json\/wp\/v2\/users\/2"}],"replies":[{"embeddable":true,"href":"https:\/\/www.visitmalinska.com\/de\/wp-json\/wp\/v2\/comments?post=33697"}],"version-history":[{"count":1,"href":"https:\/\/www.visitmalinska.com\/de\/wp-json\/wp\/v2\/posts\/33697\/revisions"}],"predecessor-version":[{"id":33699,"href":"https:\/\/www.visitmalinska.com\/de\/wp-json\/wp\/v2\/posts\/33697\/revisions\/33699"}],"wp:featuredmedia":[{"embeddable":true,"href":"https:\/\/www.visitmalinska.com\/de\/wp-json\/wp\/v2\/media\/33473"}],"wp:attachment":[{"href":"https:\/\/www.visitmalinska.com\/de\/wp-json\/wp\/v2\/media?parent=33697"}],"wp:term":[{"taxonomy":"category","embeddable":true,"href":"https:\/\/www.visitmalinska.com\/de\/wp-json\/wp\/v2\/categories?post=33697"},{"taxonomy":"post_tag","embeddable":true,"href":"https:\/\/www.visitmalinska.com\/de\/wp-json\/wp\/v2\/tags?post=33697"}],"curies":[{"name":"wp","href":"https:\/\/api.w.org\/{rel}","templated":true}]}}